{"id":26735,"date":"2025-02-19T13:42:25","date_gmt":"2025-02-19T16:42:25","guid":{"rendered":"https:\/\/pc.sc.gov.br\/?p=26735"},"modified":"2025-02-19T14:07:44","modified_gmt":"2025-02-19T17:07:44","slug":"solenidade-na-acadepol-marca-o-encerramento-do-i-curso-de-operacoes-policiais","status":"publish","type":"post","link":"https:\/\/pc.sc.gov.br\/?p=26735","title":{"rendered":"Solenidade na Acadepol marca o encerramento do I Curso de Opera\u00e7\u00f5es Policiais"},"content":{"rendered":"\t\t<div data-elementor-type=\"wp-post\" data-elementor-id=\"26735\" class=\"elementor elementor-26735\" data-elementor-post-type=\"post\">\n\t\t\t\t\t\t<section class=\"elementor-section elementor-top-section elementor-element elementor-element-bf85e79 elementor-section-boxed elementor-section-height-default elementor-section-height-default\" data-id=\"bf85e79\" data-element_type=\"section\">\n\t\t\t\t\t\t<div class=\"elementor-container elementor-column-gap-default\">\n\t\t\t\t\t<div class=\"elementor-column elementor-col-100 elementor-top-column elementor-element elementor-element-9351df6\" data-id=\"9351df6\" data-element_type=\"column\">\n\t\t\t<div class=\"elementor-widget-wrap elementor-element-populated\">\n\t\t\t\t\t\t<div class=\"elementor-element elementor-element-5df06a8 elementor-widget elementor-widget-heading\" data-id=\"5df06a8\" data-element_type=\"widget\" data-widget_type=\"heading.default\">\n\t\t\t\t<div class=\"elementor-widget-container\">\n\t\t\t\t\t<h2 class=\"elementor-heading-title elementor-size-default\">Solenidade na Acadepol marca o encerramento do I Curso de Opera\u00e7\u00f5es Policiais<\/h2>\t\t\t\t<\/div>\n\t\t\t\t<\/div>\n\t\t\t\t\t<\/div>\n\t\t<\/div>\n\t\t\t\t\t<\/div>\n\t\t<\/section>\n\t\t\t\t<section class=\"elementor-section elementor-top-section elementor-element elementor-element-787e326 elementor-section-boxed elementor-section-height-default elementor-section-height-default\" data-id=\"787e326\" data-element_type=\"section\">\n\t\t\t\t\t\t<div class=\"elementor-container elementor-column-gap-default\">\n\t\t\t\t\t<div class=\"elementor-column elementor-col-100 elementor-top-column elementor-element elementor-element-40d1b85\" data-id=\"40d1b85\" data-element_type=\"column\">\n\t\t\t<div class=\"elementor-widget-wrap elementor-element-populated\">\n\t\t\t\t\t\t<div class=\"elementor-element elementor-element-b1fcdd8 elementor-widget elementor-widget-image\" data-id=\"b1fcdd8\" data-element_type=\"widget\" data-widget_type=\"image.default\">\n\t\t\t\t<div class=\"elementor-widget-container\">\n\t\t\t\t\t\t\t\t\t\t\t\t\t\t\t<img fetchpriority=\"high\" decoding=\"async\" width=\"696\" height=\"464\" src=\"https:\/\/pc.sc.gov.br\/\/wp-content\/uploads\/2025\/02\/COP-SECOM-768x512.jpg\" class=\"attachment-medium_large size-medium_large wp-image-26739\" alt=\"\" srcset=\"https:\/\/pc.sc.gov.br\/\/wp-content\/uploads\/2025\/02\/COP-SECOM-768x512.jpg 768w, https:\/\/pc.sc.gov.br\/\/wp-content\/uploads\/2025\/02\/COP-SECOM-300x200.jpg 300w, https:\/\/pc.sc.gov.br\/\/wp-content\/uploads\/2025\/02\/COP-SECOM-1024x683.jpg 1024w, https:\/\/pc.sc.gov.br\/\/wp-content\/uploads\/2025\/02\/COP-SECOM-1536x1024.jpg 1536w, https:\/\/pc.sc.gov.br\/\/wp-content\/uploads\/2025\/02\/COP-SECOM-2048x1365.jpg 2048w\" sizes=\"(max-width: 696px) 100vw, 696px\" \/>\t\t\t\t\t\t\t\t\t\t\t\t\t\t\t<\/div>\n\t\t\t\t<\/div>\n\t\t\t\t\t<\/div>\n\t\t<\/div>\n\t\t\t\t\t<\/div>\n\t\t<\/section>\n\t\t\t\t<section class=\"elementor-section elementor-top-section elementor-element elementor-element-cd7f719 elementor-section-boxed elementor-section-height-default elementor-section-height-default\" data-id=\"cd7f719\" data-element_type=\"section\">\n\t\t\t\t\t\t<div class=\"elementor-container elementor-column-gap-default\">\n\t\t\t\t\t<div class=\"elementor-column elementor-col-100 elementor-top-column elementor-element elementor-element-4e57ae3\" data-id=\"4e57ae3\" data-element_type=\"column\">\n\t\t\t<div class=\"elementor-widget-wrap elementor-element-populated\">\n\t\t\t\t\t\t<div class=\"elementor-element elementor-element-0173c4d elementor-widget elementor-widget-text-editor\" data-id=\"0173c4d\" data-element_type=\"widget\" data-widget_type=\"text-editor.default\">\n\t\t\t\t<div class=\"elementor-widget-container\">\n\t\t\t\t\t\t\t\t\t<p>A Pol\u00edcia Civil de Santa Catarina, por meio da Academia da Pol\u00edcia Civil (Acadepol), realizou nesta ter\u00e7a-feira (18), a solenidade de encerramento do I Curso de Opera\u00e7\u00f5es Policiais (COP). Com dura\u00e7\u00e3o de 30 dias, o curso come\u00e7ou com 48 inscritos E foi finalizado apenas por 11 policiais, tamanho desafio que os profissionais encontram ao longo do treinamento. Modelado para atender as demandas da Coordenadoria de Opera\u00e7\u00f5es e Recursos Especiais (CORE) e outras opera\u00e7\u00f5es, o I COP entregou para a PCSC policiais muito bem preparados para a atividade policial ou para atuar em situa\u00e7\u00f5es complexas.<\/p>\n<p>Na solenidade, o delegado-geral da PCSC, Ulisses Gabriel, assinalou que a Pol\u00edcia Civil de Santa Catarina tem focado numa melhoria constante. \u201cO governador Jorginho tem pregado linha dura contra a criminalidade e qualidade no atendimento ao cidad\u00e3o catarinense, por isso que n\u00f3s multiplicamos a qualifica\u00e7\u00e3o, a valoriza\u00e7\u00e3o, a inspira\u00e7\u00e3o e a motiva\u00e7\u00e3o dos policiais civis\u201d, disse o delegado-geral.&nbsp;<\/p>\n<p>O delegado Ulisses falou sobre a din\u00e2mica da forma\u00e7\u00e3o e os prop\u00f3sitos da primeira edi\u00e7\u00e3o do COP. \u201cI COP tem como finalidade capacitar os policiais para grandes opera\u00e7\u00f5es. Policiais do estado inteiro vieram para Florian\u00f3polis e realizaram o curso\u201d, destacou.&nbsp;<\/p>\n<p>O delegado-geral afirmou que o objetivo da PCSC \u00e9 realizar esse curso a cada seis meses para que todo estado tenha policiais capacitados para atuar em grandes opera\u00e7\u00f5es e opera\u00e7\u00f5es especializadas. \u201cN\u00f3s come\u00e7amos com abertura do edital com 48 policiais inscritos: 22 foram aprovados no exame seletivo e apenas 11 terminaram o curso, porque foi um curso muito duro, um curso muito dif\u00edcil e esses 11 policiais agora poder\u00e3o integrar a CORE e tamb\u00e9m atuar nas regi\u00f5es de onde vieram\u201d, observou.<\/p>\n<p>Coordenado pelo delegado Allan Antunes Marinho Leandro, que \u00e9 o Delegado Titular da Delegacia de Capturas (DECAP\/DEIC), o I COP\/PCSC contou com v\u00e1rias etapas eliminat\u00f3rias. No dia (06\/01), aconteceu o Teste de Aptid\u00e3o F\u00edsica (TAF). No total, dos 48 candidatos, 34 compareceram ao teste. Desses, 30 foram aprovados. No dia 07\/01, aconteceu o Teste de Aptid\u00e3o de Tiro (TAT). Todos os candidatos que tinham se classificado no dia anterior compareceram ao teste. Por\u00e9m, seis deles n\u00e3o foram aprovados e outros dois, apesar conclu\u00edrem os testes, n\u00e3o alcan\u00e7aram m\u00e9dia final suficiente para ingressar no n\u00famero de vagas previsto no edital. Dessa forma, 22 candidatos restaram aptos a participar do I COP PCSC, que come\u00e7ou no dia 16 de janeiro.&nbsp;<\/p>\n<p>Para se ter uma ideia da intensidade da forma\u00e7\u00e3o, os participantes do curso ficaram 30 dias internados na Acadepol, \u00e0 disposi\u00e7\u00e3o 24 horas por dia, realizando atividades que demandavam esfor\u00e7o f\u00edsico e mental. \u201cO curso exigiu bastante tanto tecnicamente quanto emocionalmente desses 11 policiais\u201d, pontuou o delegado Allan.<\/p>\n<p>Ao longo do I COP\/PCSC os participantes aprimoraram suas habilidades em tiro com diversos tipos de armas, atendimento pr\u00e9-hospitalar, t\u00e9cnicas operacionais policiais para o cumprimento de mandados, t\u00e9cnicas de emboscada e contra emboscada, entre outras atividades. \u201cTenho certeza que estamos entregando policiais melhor preparados para atuar na PCSC\u201d, finalizou o coordenador do COP, delegado Allan Antunes Marinho Leandro.<\/p>\t\t\t\t\t\t\t\t<\/div>\n\t\t\t\t<\/div>\n\t\t\t\t\t<\/div>\n\t\t<\/div>\n\t\t\t\t\t<\/div>\n\t\t<\/section>\n\t\t\t\t<section class=\"elementor-section elementor-top-section elementor-element elementor-element-a4c6e31 elementor-section-boxed elementor-section-height-default elementor-section-height-default\" data-id=\"a4c6e31\" data-element_type=\"section\">\n\t\t\t\t\t\t<div class=\"elementor-container elementor-column-gap-default\">\n\t\t\t\t\t<div class=\"elementor-column elementor-col-100 elementor-top-column elementor-element elementor-element-bf7c29f\" data-id=\"bf7c29f\" data-element_type=\"column\">\n\t\t\t<div class=\"elementor-widget-wrap elementor-element-populated\">\n\t\t\t\t\t\t<div class=\"elementor-element elementor-element-59c075b elementor-widget elementor-widget-gallery\" data-id=\"59c075b\" data-element_type=\"widget\" data-settings=\"{&quot;lazyload&quot;:&quot;yes&quot;,&quot;gallery_layout&quot;:&quot;grid&quot;,&quot;columns&quot;:4,&quot;columns_tablet&quot;:2,&quot;columns_mobile&quot;:1,&quot;gap&quot;:{&quot;unit&quot;:&quot;px&quot;,&quot;size&quot;:10,&quot;sizes&quot;:[]},&quot;gap_tablet&quot;:{&quot;unit&quot;:&quot;px&quot;,&quot;size&quot;:10,&quot;sizes&quot;:[]},&quot;gap_mobile&quot;:{&quot;unit&quot;:&quot;px&quot;,&quot;size&quot;:10,&quot;sizes&quot;:[]},&quot;link_to&quot;:&quot;file&quot;,&quot;aspect_ratio&quot;:&quot;3:2&quot;,&quot;overlay_background&quot;:&quot;yes&quot;,&quot;content_hover_animation&quot;:&quot;fade-in&quot;}\" data-widget_type=\"gallery.default\">\n\t\t\t\t<div class=\"elementor-widget-container\">\n\t\t\t\t\t\t\t<div class=\"elementor-gallery__container\">\n\t\t\t\t\t\t\t<a class=\"e-gallery-item elementor-gallery-item elementor-animated-content\" href=\"https:\/\/pc.sc.gov.br\/\/wp-content\/uploads\/2025\/02\/COP6-scaled.jpg\" data-elementor-open-lightbox=\"yes\" data-elementor-lightbox-slideshow=\"59c075b\" data-elementor-lightbox-title=\"COP6\" data-e-action-hash=\"#elementor-action%3Aaction%3Dlightbox%26settings%3DeyJpZCI6MjY3NDIsInVybCI6Imh0dHBzOlwvXC9wYy5zYy5nb3YuYnJcL1wvd3AtY29udGVudFwvdXBsb2Fkc1wvMjAyNVwvMDJcL0NPUDYtc2NhbGVkLmpwZyIsInNsaWRlc2hvdyI6IjU5YzA3NWIifQ%3D%3D\">\n\t\t\t\t\t<div class=\"e-gallery-image elementor-gallery-item__image\" data-thumbnail=\"https:\/\/pc.sc.gov.br\/\/wp-content\/uploads\/2025\/02\/COP6-300x200.jpg\" data-width=\"300\" data-height=\"200\" aria-label=\"\" role=\"img\" ><\/div>\n\t\t\t\t\t\t\t\t\t\t\t<div class=\"elementor-gallery-item__overlay\"><\/div>\n\t\t\t\t\t\t\t\t\t\t\t\t\t\t<\/a>\n\t\t\t\t\t\t\t<a class=\"e-gallery-item elementor-gallery-item elementor-animated-content\" href=\"https:\/\/pc.sc.gov.br\/\/wp-content\/uploads\/2025\/02\/COP5-scaled.jpg\" data-elementor-open-lightbox=\"yes\" data-elementor-lightbox-slideshow=\"59c075b\" data-elementor-lightbox-title=\"COP5\" data-e-action-hash=\"#elementor-action%3Aaction%3Dlightbox%26settings%3DeyJpZCI6MjY3NDEsInVybCI6Imh0dHBzOlwvXC9wYy5zYy5nb3YuYnJcL1wvd3AtY29udGVudFwvdXBsb2Fkc1wvMjAyNVwvMDJcL0NPUDUtc2NhbGVkLmpwZyIsInNsaWRlc2hvdyI6IjU5YzA3NWIifQ%3D%3D\">\n\t\t\t\t\t<div class=\"e-gallery-image elementor-gallery-item__image\" data-thumbnail=\"https:\/\/pc.sc.gov.br\/\/wp-content\/uploads\/2025\/02\/COP5-300x200.jpg\" data-width=\"300\" data-height=\"200\" aria-label=\"\" role=\"img\" ><\/div>\n\t\t\t\t\t\t\t\t\t\t\t<div class=\"elementor-gallery-item__overlay\"><\/div>\n\t\t\t\t\t\t\t\t\t\t\t\t\t\t<\/a>\n\t\t\t\t\t\t\t<a class=\"e-gallery-item elementor-gallery-item elementor-animated-content\" href=\"https:\/\/pc.sc.gov.br\/\/wp-content\/uploads\/2025\/02\/COP3-scaled.jpg\" data-elementor-open-lightbox=\"yes\" data-elementor-lightbox-slideshow=\"59c075b\" data-elementor-lightbox-title=\"COP3\" data-e-action-hash=\"#elementor-action%3Aaction%3Dlightbox%26settings%3DeyJpZCI6MjY3NDAsInVybCI6Imh0dHBzOlwvXC9wYy5zYy5nb3YuYnJcL1wvd3AtY29udGVudFwvdXBsb2Fkc1wvMjAyNVwvMDJcL0NPUDMtc2NhbGVkLmpwZyIsInNsaWRlc2hvdyI6IjU5YzA3NWIifQ%3D%3D\">\n\t\t\t\t\t<div class=\"e-gallery-image elementor-gallery-item__image\" data-thumbnail=\"https:\/\/pc.sc.gov.br\/\/wp-content\/uploads\/2025\/02\/COP3-300x200.jpg\" data-width=\"300\" data-height=\"200\" aria-label=\"\" role=\"img\" ><\/div>\n\t\t\t\t\t\t\t\t\t\t\t<div class=\"elementor-gallery-item__overlay\"><\/div>\n\t\t\t\t\t\t\t\t\t\t\t\t\t\t<\/a>\n\t\t\t\t\t\t\t<a class=\"e-gallery-item elementor-gallery-item elementor-animated-content\" href=\"https:\/\/pc.sc.gov.br\/\/wp-content\/uploads\/2025\/02\/COP4-scaled.jpg\" data-elementor-open-lightbox=\"yes\" data-elementor-lightbox-slideshow=\"59c075b\" data-elementor-lightbox-title=\"COP4\" data-e-action-hash=\"#elementor-action%3Aaction%3Dlightbox%26settings%3DeyJpZCI6MjY3MzgsInVybCI6Imh0dHBzOlwvXC9wYy5zYy5nb3YuYnJcL1wvd3AtY29udGVudFwvdXBsb2Fkc1wvMjAyNVwvMDJcL0NPUDQtc2NhbGVkLmpwZyIsInNsaWRlc2hvdyI6IjU5YzA3NWIifQ%3D%3D\">\n\t\t\t\t\t<div class=\"e-gallery-image elementor-gallery-item__image\" data-thumbnail=\"https:\/\/pc.sc.gov.br\/\/wp-content\/uploads\/2025\/02\/COP4-300x200.jpg\" data-width=\"300\" data-height=\"200\" aria-label=\"\" role=\"img\" ><\/div>\n\t\t\t\t\t\t\t\t\t\t\t<div class=\"elementor-gallery-item__overlay\"><\/div>\n\t\t\t\t\t\t\t\t\t\t\t\t\t\t<\/a>\n\t\t\t\t\t\t\t<a class=\"e-gallery-item elementor-gallery-item elementor-animated-content\" href=\"https:\/\/pc.sc.gov.br\/\/wp-content\/uploads\/2025\/02\/COP2-scaled.jpg\" data-elementor-open-lightbox=\"yes\" data-elementor-lightbox-slideshow=\"59c075b\" data-elementor-lightbox-title=\"COP2\" data-e-action-hash=\"#elementor-action%3Aaction%3Dlightbox%26settings%3DeyJpZCI6MjY3MzcsInVybCI6Imh0dHBzOlwvXC9wYy5zYy5nb3YuYnJcL1wvd3AtY29udGVudFwvdXBsb2Fkc1wvMjAyNVwvMDJcL0NPUDItc2NhbGVkLmpwZyIsInNsaWRlc2hvdyI6IjU5YzA3NWIifQ%3D%3D\">\n\t\t\t\t\t<div class=\"e-gallery-image elementor-gallery-item__image\" data-thumbnail=\"https:\/\/pc.sc.gov.br\/\/wp-content\/uploads\/2025\/02\/COP2-300x200.jpg\" data-width=\"300\" data-height=\"200\" aria-label=\"\" role=\"img\" ><\/div>\n\t\t\t\t\t\t\t\t\t\t\t<div class=\"elementor-gallery-item__overlay\"><\/div>\n\t\t\t\t\t\t\t\t\t\t\t\t\t\t<\/a>\n\t\t\t\t\t\t\t<a class=\"e-gallery-item elementor-gallery-item elementor-animated-content\" href=\"https:\/\/pc.sc.gov.br\/\/wp-content\/uploads\/2025\/02\/COP1-scaled.jpg\" data-elementor-open-lightbox=\"yes\" data-elementor-lightbox-slideshow=\"59c075b\" data-elementor-lightbox-title=\"COP1\" data-e-action-hash=\"#elementor-action%3Aaction%3Dlightbox%26settings%3DeyJpZCI6MjY3MzYsInVybCI6Imh0dHBzOlwvXC9wYy5zYy5nb3YuYnJcL1wvd3AtY29udGVudFwvdXBsb2Fkc1wvMjAyNVwvMDJcL0NPUDEtc2NhbGVkLmpwZyIsInNsaWRlc2hvdyI6IjU5YzA3NWIifQ%3D%3D\">\n\t\t\t\t\t<div class=\"e-gallery-image elementor-gallery-item__image\" data-thumbnail=\"https:\/\/pc.sc.gov.br\/\/wp-content\/uploads\/2025\/02\/COP1-300x200.jpg\" data-width=\"300\" data-height=\"200\" aria-label=\"\" role=\"img\" ><\/div>\n\t\t\t\t\t\t\t\t\t\t\t<div class=\"elementor-gallery-item__overlay\"><\/div>\n\t\t\t\t\t\t\t\t\t\t\t\t\t\t<\/a>\n\t\t\t\t\t<\/div>\n\t\t\t\t\t<\/div>\n\t\t\t\t<\/div>\n\t\t\t\t\t<\/div>\n\t\t<\/div>\n\t\t\t\t\t<\/div>\n\t\t<\/section>\n\t\t\t\t<\/div>\n\t\t","protected":false},"excerpt":{"rendered":"<p>Solenidade na Acadepol marca o encerramento do I Curso de Opera\u00e7\u00f5es Policiais A Pol\u00edcia Civil de Santa Catarina, por meio da Academia da Pol\u00edcia Civil (Acadepol), realizou nesta ter\u00e7a-feira (18), a solenidade de encerramento do I Curso de Opera\u00e7\u00f5es Policiais (COP). Com dura\u00e7\u00e3o de 30 dias, o curso come\u00e7ou com 48 inscritos E foi finalizado [&hellip;]<\/p>\n","protected":false},"author":5,"featured_media":26739,"comment_status":"closed","ping_status":"open","sticky":false,"template":"","format":"standard","meta":{"_monsterinsights_skip_tracking":false,"_monsterinsights_sitenote_active":false,"_monsterinsights_sitenote_note":"","_monsterinsights_sitenote_category":0,"footnotes":""},"categories":[1],"tags":[],"class_list":["post-26735","post","type-post","status-publish","format-standard","has-post-thumbnail","hentry","category-sem-categoria"],"_links":{"self":[{"href":"https:\/\/pc.sc.gov.br\/index.php?rest_route=\/wp\/v2\/posts\/26735","targetHints":{"allow":["GET"]}}],"collection":[{"href":"https:\/\/pc.sc.gov.br\/index.php?rest_route=\/wp\/v2\/posts"}],"about":[{"href":"https:\/\/pc.sc.gov.br\/index.php?rest_route=\/wp\/v2\/types\/post"}],"author":[{"embeddable":true,"href":"https:\/\/pc.sc.gov.br\/index.php?rest_route=\/wp\/v2\/users\/5"}],"replies":[{"embeddable":true,"href":"https:\/\/pc.sc.gov.br\/index.php?rest_route=%2Fwp%2Fv2%2Fcomments&post=26735"}],"version-history":[{"count":9,"href":"https:\/\/pc.sc.gov.br\/index.php?rest_route=\/wp\/v2\/posts\/26735\/revisions"}],"predecessor-version":[{"id":26752,"href":"https:\/\/pc.sc.gov.br\/index.php?rest_route=\/wp\/v2\/posts\/26735\/revisions\/26752"}],"wp:featuredmedia":[{"embeddable":true,"href":"https:\/\/pc.sc.gov.br\/index.php?rest_route=\/wp\/v2\/media\/26739"}],"wp:attachment":[{"href":"https:\/\/pc.sc.gov.br\/index.php?rest_route=%2Fwp%2Fv2%2Fmedia&parent=26735"}],"wp:term":[{"taxonomy":"category","embeddable":true,"href":"https:\/\/pc.sc.gov.br\/index.php?rest_route=%2Fwp%2Fv2%2Fcategories&post=26735"},{"taxonomy":"post_tag","embeddable":true,"href":"https:\/\/pc.sc.gov.br\/index.php?rest_route=%2Fwp%2Fv2%2Ftags&post=26735"}],"curies":[{"name":"wp","href":"https:\/\/api.w.org\/{rel}","templated":true}]}}