{"id":26756,"date":"2025-02-19T16:36:41","date_gmt":"2025-02-19T19:36:41","guid":{"rendered":"https:\/\/pc.sc.gov.br\/?p=26756"},"modified":"2025-02-19T16:38:45","modified_gmt":"2025-02-19T19:38:45","slug":"dic-de-joinville-deflagra-operacao-interestadual-contra-organizacao-criminosa-e-pelo-menos-11-criminosos-sao-presos","status":"publish","type":"post","link":"https:\/\/pc.sc.gov.br\/?p=26756","title":{"rendered":"DIC de Joinville deflagra opera\u00e7\u00e3o interestadual contra organiza\u00e7\u00e3o criminosa e pelo menos 11 criminosos s\u00e3o presos"},"content":{"rendered":"\t\t<div data-elementor-type=\"wp-post\" data-elementor-id=\"26756\" class=\"elementor elementor-26756\" data-elementor-post-type=\"post\">\n\t\t\t\t\t\t<section class=\"elementor-section elementor-top-section elementor-element elementor-element-146f334 elementor-section-boxed elementor-section-height-default elementor-section-height-default\" data-id=\"146f334\" data-element_type=\"section\">\n\t\t\t\t\t\t<div class=\"elementor-container elementor-column-gap-default\">\n\t\t\t\t\t<div class=\"elementor-column elementor-col-100 elementor-top-column elementor-element elementor-element-b932ba9\" data-id=\"b932ba9\" data-element_type=\"column\">\n\t\t\t<div class=\"elementor-widget-wrap elementor-element-populated\">\n\t\t\t\t\t\t<div class=\"elementor-element elementor-element-46d5aea elementor-widget elementor-widget-heading\" data-id=\"46d5aea\" data-element_type=\"widget\" data-widget_type=\"heading.default\">\n\t\t\t\t<div class=\"elementor-widget-container\">\n\t\t\t\t\t<h2 class=\"elementor-heading-title elementor-size-default\">DIC de Joinville deflagra opera\u00e7\u00e3o interestadual contra organiza\u00e7\u00e3o criminosa e pelo menos 11 criminosos s\u00e3o presos<\/h2>\t\t\t\t<\/div>\n\t\t\t\t<\/div>\n\t\t\t\t\t<\/div>\n\t\t<\/div>\n\t\t\t\t\t<\/div>\n\t\t<\/section>\n\t\t\t\t<section class=\"elementor-section elementor-top-section elementor-element elementor-element-fd2de25 elementor-section-boxed elementor-section-height-default elementor-section-height-default\" data-id=\"fd2de25\" data-element_type=\"section\">\n\t\t\t\t\t\t<div class=\"elementor-container elementor-column-gap-default\">\n\t\t\t\t\t<div class=\"elementor-column elementor-col-100 elementor-top-column elementor-element elementor-element-84ed97d\" data-id=\"84ed97d\" data-element_type=\"column\">\n\t\t\t<div class=\"elementor-widget-wrap elementor-element-populated\">\n\t\t\t\t\t\t<div class=\"elementor-element elementor-element-20050dc elementor-widget elementor-widget-image\" data-id=\"20050dc\" data-element_type=\"widget\" data-widget_type=\"image.default\">\n\t\t\t\t<div class=\"elementor-widget-container\">\n\t\t\t\t\t\t\t\t\t\t\t\t\t\t\t<img fetchpriority=\"high\" decoding=\"async\" width=\"696\" height=\"522\" src=\"https:\/\/pc.sc.gov.br\/\/wp-content\/uploads\/2025\/02\/PCSC-PADRAO.jpg\" class=\"attachment-medium_large size-medium_large wp-image-26591\" alt=\"\" srcset=\"https:\/\/pc.sc.gov.br\/\/wp-content\/uploads\/2025\/02\/PCSC-PADRAO.jpg 768w, https:\/\/pc.sc.gov.br\/\/wp-content\/uploads\/2025\/02\/PCSC-PADRAO-300x225.jpg 300w\" sizes=\"(max-width: 696px) 100vw, 696px\" \/>\t\t\t\t\t\t\t\t\t\t\t\t\t\t\t<\/div>\n\t\t\t\t<\/div>\n\t\t\t\t\t<\/div>\n\t\t<\/div>\n\t\t\t\t\t<\/div>\n\t\t<\/section>\n\t\t\t\t<section class=\"elementor-section elementor-top-section elementor-element elementor-element-515c4c8 elementor-section-boxed elementor-section-height-default elementor-section-height-default\" data-id=\"515c4c8\" data-element_type=\"section\">\n\t\t\t\t\t\t<div class=\"elementor-container elementor-column-gap-default\">\n\t\t\t\t\t<div class=\"elementor-column elementor-col-100 elementor-top-column elementor-element elementor-element-6361e85\" data-id=\"6361e85\" data-element_type=\"column\">\n\t\t\t<div class=\"elementor-widget-wrap elementor-element-populated\">\n\t\t\t\t\t\t<div class=\"elementor-element elementor-element-3e9949e elementor-widget elementor-widget-text-editor\" data-id=\"3e9949e\" data-element_type=\"widget\" data-widget_type=\"text-editor.default\">\n\t\t\t\t<div class=\"elementor-widget-container\">\n\t\t\t\t\t\t\t\t\t<p>A Pol\u00edcia Civil do Estado de Santa Catarina, atrav\u00e9s do Departamento de Investiga\u00e7\u00f5es Criminais de Joinville\/SC, deflagrou nesta quarta-feira (19\/02) uma Opera\u00e7\u00e3o Policial em combate a uma organiza\u00e7\u00e3o criminosa voltada \u00e0 pr\u00e1tica tr\u00e1fico de drogas e roubos. Pelo menos 11 pessoas foram presas, al\u00e9m de drogas, dinheiro em esp\u00e9cie e carros de luxo apreendidos.<\/p>\n<p>A investiga\u00e7\u00e3o durou cerca de sete meses e identificou 12 criminosos, que atuam nos Estados de Santa Catarina, S\u00e3o Paulo e Paran\u00e1. Os integrantes desse grupo agiam de maneira especializada em todo o Estado de Santa Catarina, com forte v\u00ednculo com uma fac\u00e7\u00e3o criminosa.<\/p>\n<p>A a\u00e7\u00e3o da Pol\u00edcia Civil catarinense, nesta data, est\u00e1 ocorrendo de forma simult\u00e2nea em Santa Catarina (Joinville e Balne\u00e1rio Cambori\u00fa) e nos Estados do Paran\u00e1 e S\u00e3o Paulo. Ao todo, cerca de 100 policiais civis est\u00e3o nas ruas para o cumprimento de 30 (trinta) ordens judiciais.<\/p>\n<p>At\u00e9 o momento 11 pessoas foram presas, al\u00e9m de drogas, dinheiro em esp\u00e9cie e carros de luxo apreendidos.<\/p>\n<p>Todos os criminosos ser\u00e3o encaminhados \u00e0 sede da DIC de Joinville\/SC para os procedimentos de Pol\u00edcia Judici\u00e1ria.<\/p>\n<p><b>Colabore com a Pol\u00edcia Civil fazendo den\u00fancias pelo telefone 181. O sigilo \u00e9 absoluto!<\/b><\/p><p><b>V\u00eddeo: Delegado Murilo Batalha<\/b><span style=\"color: var( --e-global-color-text ); font-family: var( --e-global-typography-primary-font-family ), Sans-serif; font-size: var( --e-global-typography-primary-font-size ); font-weight: var( --e-global-typography-primary-font-weight ); letter-spacing: var( --e-global-typography-primary-letter-spacing );\">&nbsp;<\/span><\/p>\t\t\t\t\t\t\t\t<\/div>\n\t\t\t\t<\/div>\n\t\t\t\t\t<\/div>\n\t\t<\/div>\n\t\t\t\t\t<\/div>\n\t\t<\/section>\n\t\t\t\t<section class=\"elementor-section elementor-top-section elementor-element elementor-element-6d23071 elementor-section-boxed elementor-section-height-default elementor-section-height-default\" data-id=\"6d23071\" data-element_type=\"section\">\n\t\t\t\t\t\t<div class=\"elementor-container elementor-column-gap-default\">\n\t\t\t\t\t<div class=\"elementor-column elementor-col-100 elementor-top-column elementor-element elementor-element-f1f1848\" data-id=\"f1f1848\" data-element_type=\"column\">\n\t\t\t<div class=\"elementor-widget-wrap elementor-element-populated\">\n\t\t\t\t\t\t<div class=\"elementor-element elementor-element-8c5ce6f elementor-widget elementor-widget-video\" data-id=\"8c5ce6f\" data-element_type=\"widget\" data-settings=\"{&quot;video_type&quot;:&quot;hosted&quot;,&quot;controls&quot;:&quot;yes&quot;}\" data-widget_type=\"video.default\">\n\t\t\t\t<div class=\"elementor-widget-container\">\n\t\t\t\t\t\t\t<div class=\"e-hosted-video elementor-wrapper elementor-open-inline\">\n\t\t\t\t\t<video class=\"elementor-video\" src=\"https:\/\/pc.sc.gov.br\/wp-content\/uploads\/2025\/02\/WhatsApp-Video-2025-02-19-at-13.01.57.mp4\" controls=\"\" preload=\"metadata\" controlsList=\"nodownload\"><\/video>\n\t\t\t\t<\/div>\n\t\t\t\t\t\t<\/div>\n\t\t\t\t<\/div>\n\t\t\t\t\t<\/div>\n\t\t<\/div>\n\t\t\t\t\t<\/div>\n\t\t<\/section>\n\t\t\t\t<\/div>\n\t\t","protected":false},"excerpt":{"rendered":"<p>DIC de Joinville deflagra opera\u00e7\u00e3o interestadual contra organiza\u00e7\u00e3o criminosa e pelo menos 11 criminosos s\u00e3o presos A Pol\u00edcia Civil do Estado de Santa Catarina, atrav\u00e9s do Departamento de Investiga\u00e7\u00f5es Criminais de Joinville\/SC, deflagrou nesta quarta-feira (19\/02) uma Opera\u00e7\u00e3o Policial em combate a uma organiza\u00e7\u00e3o criminosa voltada \u00e0 pr\u00e1tica tr\u00e1fico de drogas e roubos. Pelo menos [&hellip;]<\/p>\n","protected":false},"author":5,"featured_media":26591,"comment_status":"closed","ping_status":"open","sticky":false,"template":"","format":"standard","meta":{"_monsterinsights_skip_tracking":false,"_monsterinsights_sitenote_active":false,"_monsterinsights_sitenote_note":"","_monsterinsights_sitenote_category":0,"footnotes":""},"categories":[1],"tags":[],"class_list":["post-26756","post","type-post","status-publish","format-standard","has-post-thumbnail","hentry","category-sem-categoria"],"_links":{"self":[{"href":"https:\/\/pc.sc.gov.br\/index.php?rest_route=\/wp\/v2\/posts\/26756","targetHints":{"allow":["GET"]}}],"collection":[{"href":"https:\/\/pc.sc.gov.br\/index.php?rest_route=\/wp\/v2\/posts"}],"about":[{"href":"https:\/\/pc.sc.gov.br\/index.php?rest_route=\/wp\/v2\/types\/post"}],"author":[{"embeddable":true,"href":"https:\/\/pc.sc.gov.br\/index.php?rest_route=\/wp\/v2\/users\/5"}],"replies":[{"embeddable":true,"href":"https:\/\/pc.sc.gov.br\/index.php?rest_route=%2Fwp%2Fv2%2Fcomments&post=26756"}],"version-history":[{"count":4,"href":"https:\/\/pc.sc.gov.br\/index.php?rest_route=\/wp\/v2\/posts\/26756\/revisions"}],"predecessor-version":[{"id":26761,"href":"https:\/\/pc.sc.gov.br\/index.php?rest_route=\/wp\/v2\/posts\/26756\/revisions\/26761"}],"wp:featuredmedia":[{"embeddable":true,"href":"https:\/\/pc.sc.gov.br\/index.php?rest_route=\/wp\/v2\/media\/26591"}],"wp:attachment":[{"href":"https:\/\/pc.sc.gov.br\/index.php?rest_route=%2Fwp%2Fv2%2Fmedia&parent=26756"}],"wp:term":[{"taxonomy":"category","embeddable":true,"href":"https:\/\/pc.sc.gov.br\/index.php?rest_route=%2Fwp%2Fv2%2Fcategories&post=26756"},{"taxonomy":"post_tag","embeddable":true,"href":"https:\/\/pc.sc.gov.br\/index.php?rest_route=%2Fwp%2Fv2%2Ftags&post=26756"}],"curies":[{"name":"wp","href":"https:\/\/api.w.org\/{rel}","templated":true}]}}