{"id":26768,"date":"2025-02-19T18:42:25","date_gmt":"2025-02-19T21:42:25","guid":{"rendered":"https:\/\/pc.sc.gov.br\/?p=26768"},"modified":"2025-02-19T18:43:25","modified_gmt":"2025-02-19T21:43:25","slug":"dic-de-lages-prende-dois-suspeitos-de-autoria-de-homicidio","status":"publish","type":"post","link":"https:\/\/pc.sc.gov.br\/?p=26768","title":{"rendered":"DIC de Lages prende dois suspeitos de autoria de homic\u00eddio"},"content":{"rendered":"\t\t<div data-elementor-type=\"wp-post\" data-elementor-id=\"26768\" class=\"elementor elementor-26768\" data-elementor-post-type=\"post\">\n\t\t\t\t\t\t<section class=\"elementor-section elementor-top-section elementor-element elementor-element-89f2349 elementor-section-boxed elementor-section-height-default elementor-section-height-default\" data-id=\"89f2349\" data-element_type=\"section\">\n\t\t\t\t\t\t<div class=\"elementor-container elementor-column-gap-default\">\n\t\t\t\t\t<div class=\"elementor-column elementor-col-100 elementor-top-column elementor-element elementor-element-1e58103\" data-id=\"1e58103\" data-element_type=\"column\">\n\t\t\t<div class=\"elementor-widget-wrap elementor-element-populated\">\n\t\t\t\t\t\t<div class=\"elementor-element elementor-element-3aaed68 elementor-widget elementor-widget-heading\" data-id=\"3aaed68\" data-element_type=\"widget\" data-widget_type=\"heading.default\">\n\t\t\t\t<div class=\"elementor-widget-container\">\n\t\t\t\t\t<h2 class=\"elementor-heading-title elementor-size-default\">DIC de Lages prende dois suspeitos de autoria de homic\u00eddio<\/h2>\t\t\t\t<\/div>\n\t\t\t\t<\/div>\n\t\t\t\t\t<\/div>\n\t\t<\/div>\n\t\t\t\t\t<\/div>\n\t\t<\/section>\n\t\t\t\t<section class=\"elementor-section elementor-top-section elementor-element elementor-element-c687b4c elementor-section-boxed elementor-section-height-default elementor-section-height-default\" data-id=\"c687b4c\" data-element_type=\"section\">\n\t\t\t\t\t\t<div class=\"elementor-container elementor-column-gap-default\">\n\t\t\t\t\t<div class=\"elementor-column elementor-col-100 elementor-top-column elementor-element elementor-element-2f49c6e\" data-id=\"2f49c6e\" data-element_type=\"column\">\n\t\t\t<div class=\"elementor-widget-wrap elementor-element-populated\">\n\t\t\t\t\t\t<div class=\"elementor-element elementor-element-3e220c4 elementor-widget elementor-widget-image\" data-id=\"3e220c4\" data-element_type=\"widget\" data-widget_type=\"image.default\">\n\t\t\t\t<div class=\"elementor-widget-container\">\n\t\t\t\t\t\t\t\t\t\t\t\t\t\t\t<img fetchpriority=\"high\" decoding=\"async\" width=\"696\" height=\"392\" src=\"https:\/\/pc.sc.gov.br\/\/wp-content\/uploads\/2025\/02\/Imagem-do-WhatsApp-de-2025-02-19-as-18.27.20_9f53629e-fotor-20250219183818-1024x576.jpg\" class=\"attachment-large size-large wp-image-26769\" alt=\"\" srcset=\"https:\/\/pc.sc.gov.br\/\/wp-content\/uploads\/2025\/02\/Imagem-do-WhatsApp-de-2025-02-19-as-18.27.20_9f53629e-fotor-20250219183818-1024x576.jpg 1024w, https:\/\/pc.sc.gov.br\/\/wp-content\/uploads\/2025\/02\/Imagem-do-WhatsApp-de-2025-02-19-as-18.27.20_9f53629e-fotor-20250219183818-300x169.jpg 300w, https:\/\/pc.sc.gov.br\/\/wp-content\/uploads\/2025\/02\/Imagem-do-WhatsApp-de-2025-02-19-as-18.27.20_9f53629e-fotor-20250219183818-768x432.jpg 768w, https:\/\/pc.sc.gov.br\/\/wp-content\/uploads\/2025\/02\/Imagem-do-WhatsApp-de-2025-02-19-as-18.27.20_9f53629e-fotor-20250219183818.jpg 1520w\" sizes=\"(max-width: 696px) 100vw, 696px\" \/>\t\t\t\t\t\t\t\t\t\t\t\t\t\t\t<\/div>\n\t\t\t\t<\/div>\n\t\t\t\t\t<\/div>\n\t\t<\/div>\n\t\t\t\t\t<\/div>\n\t\t<\/section>\n\t\t\t\t<section class=\"elementor-section elementor-top-section elementor-element elementor-element-2b89450 elementor-section-boxed elementor-section-height-default elementor-section-height-default\" data-id=\"2b89450\" data-element_type=\"section\">\n\t\t\t\t\t\t<div class=\"elementor-container elementor-column-gap-default\">\n\t\t\t\t\t<div class=\"elementor-column elementor-col-100 elementor-top-column elementor-element elementor-element-1b7d1be\" data-id=\"1b7d1be\" data-element_type=\"column\">\n\t\t\t<div class=\"elementor-widget-wrap elementor-element-populated\">\n\t\t\t\t\t\t<div class=\"elementor-element elementor-element-b479bbe elementor-widget elementor-widget-text-editor\" data-id=\"b479bbe\" data-element_type=\"widget\" data-widget_type=\"text-editor.default\">\n\t\t\t\t<div class=\"elementor-widget-container\">\n\t\t\t\t\t\t\t\t\t<p>A Pol\u00edcia Civil de Santa Catarina, por meio da Delegacia de Investiga\u00e7\u00e3o Criminal (DIC) de Lages, realizou opera\u00e7\u00e3o policial nesta quarta-feira (19), visando dar cumprimento a 4 (quatro) ordens judiciais, sendo 2 (dois) mandados de pris\u00e3o e 2 (dois) mandados de busca e apreens\u00e3o residencial. As pris\u00f5es e as buscas foram realizadas nos bairros Santa Catarina e Coral.<\/p><p>As investiga\u00e7\u00f5es, que contaram com a colabora\u00e7\u00e3o da Pol\u00edcia Militar e da Pol\u00edcia Cient\u00edfica, apuram a autoria e \u00e0s circunst\u00e2ncias da morte de um indiv\u00edduo de 19 anos, natural de Lages, que foi encontrado morto no Rio Caveiras, em Lages, no dia 20 de janeiro de 2025.<\/p><p>Durante as buscas realizadas nas resid\u00eancias dos investigados, foram apreendidos roupas, ve\u00edculo e outros itens de interesse para investiga\u00e7\u00e3o. Ap\u00f3s a realiza\u00e7\u00e3o das pris\u00f5es os investigados foram interrogados e encaminhados para o Pres\u00eddio de Lages.<\/p>\t\t\t\t\t\t\t\t<\/div>\n\t\t\t\t<\/div>\n\t\t\t\t\t<\/div>\n\t\t<\/div>\n\t\t\t\t\t<\/div>\n\t\t<\/section>\n\t\t\t\t<\/div>\n\t\t","protected":false},"excerpt":{"rendered":"<p>DIC de Lages prende dois suspeitos de autoria de homic\u00eddio A Pol\u00edcia Civil de Santa Catarina, por meio da Delegacia de Investiga\u00e7\u00e3o Criminal (DIC) de Lages, realizou opera\u00e7\u00e3o policial nesta quarta-feira (19), visando dar cumprimento a 4 (quatro) ordens judiciais, sendo 2 (dois) mandados de pris\u00e3o e 2 (dois) mandados de busca e apreens\u00e3o residencial. [&hellip;]<\/p>\n","protected":false},"author":5,"featured_media":26769,"comment_status":"closed","ping_status":"open","sticky":false,"template":"","format":"standard","meta":{"_monsterinsights_skip_tracking":false,"_monsterinsights_sitenote_active":false,"_monsterinsights_sitenote_note":"","_monsterinsights_sitenote_category":0,"footnotes":""},"categories":[1],"tags":[],"class_list":["post-26768","post","type-post","status-publish","format-standard","has-post-thumbnail","hentry","category-sem-categoria"],"_links":{"self":[{"href":"https:\/\/pc.sc.gov.br\/index.php?rest_route=\/wp\/v2\/posts\/26768","targetHints":{"allow":["GET"]}}],"collection":[{"href":"https:\/\/pc.sc.gov.br\/index.php?rest_route=\/wp\/v2\/posts"}],"about":[{"href":"https:\/\/pc.sc.gov.br\/index.php?rest_route=\/wp\/v2\/types\/post"}],"author":[{"embeddable":true,"href":"https:\/\/pc.sc.gov.br\/index.php?rest_route=\/wp\/v2\/users\/5"}],"replies":[{"embeddable":true,"href":"https:\/\/pc.sc.gov.br\/index.php?rest_route=%2Fwp%2Fv2%2Fcomments&post=26768"}],"version-history":[{"count":4,"href":"https:\/\/pc.sc.gov.br\/index.php?rest_route=\/wp\/v2\/posts\/26768\/revisions"}],"predecessor-version":[{"id":26773,"href":"https:\/\/pc.sc.gov.br\/index.php?rest_route=\/wp\/v2\/posts\/26768\/revisions\/26773"}],"wp:featuredmedia":[{"embeddable":true,"href":"https:\/\/pc.sc.gov.br\/index.php?rest_route=\/wp\/v2\/media\/26769"}],"wp:attachment":[{"href":"https:\/\/pc.sc.gov.br\/index.php?rest_route=%2Fwp%2Fv2%2Fmedia&parent=26768"}],"wp:term":[{"taxonomy":"category","embeddable":true,"href":"https:\/\/pc.sc.gov.br\/index.php?rest_route=%2Fwp%2Fv2%2Fcategories&post=26768"},{"taxonomy":"post_tag","embeddable":true,"href":"https:\/\/pc.sc.gov.br\/index.php?rest_route=%2Fwp%2Fv2%2Ftags&post=26768"}],"curies":[{"name":"wp","href":"https:\/\/api.w.org\/{rel}","templated":true}]}}