{"id":26774,"date":"2025-02-19T19:00:00","date_gmt":"2025-02-19T22:00:00","guid":{"rendered":"https:\/\/pc.sc.gov.br\/?p=26774"},"modified":"2025-02-19T19:04:03","modified_gmt":"2025-02-19T22:04:03","slug":"protocolo-amber-alert-brasil-auxilia-policiais-civis-na-localizacao-de-adolescente-que-desapareceu-em-joinville","status":"publish","type":"post","link":"https:\/\/pc.sc.gov.br\/?p=26774","title":{"rendered":"Protocolo Amber Alert Brasil auxilia policiais civis na localiza\u00e7\u00e3o de adolescente que desapareceu em Joinville"},"content":{"rendered":"\t\t<div data-elementor-type=\"wp-post\" data-elementor-id=\"26774\" class=\"elementor elementor-26774\" data-elementor-post-type=\"post\">\n\t\t\t\t\t\t<section class=\"elementor-section elementor-top-section elementor-element elementor-element-78fe600 elementor-section-boxed elementor-section-height-default elementor-section-height-default\" data-id=\"78fe600\" data-element_type=\"section\">\n\t\t\t\t\t\t<div class=\"elementor-container elementor-column-gap-default\">\n\t\t\t\t\t<div class=\"elementor-column elementor-col-100 elementor-top-column elementor-element elementor-element-3b5fb3e\" data-id=\"3b5fb3e\" data-element_type=\"column\">\n\t\t\t<div class=\"elementor-widget-wrap elementor-element-populated\">\n\t\t\t\t\t\t<div class=\"elementor-element elementor-element-fbfc631 elementor-widget elementor-widget-heading\" data-id=\"fbfc631\" data-element_type=\"widget\" data-widget_type=\"heading.default\">\n\t\t\t\t<div class=\"elementor-widget-container\">\n\t\t\t\t\t<h2 class=\"elementor-heading-title elementor-size-default\">Protocolo Amber Alert Brasil auxilia policiais civis na localiza\u00e7\u00e3o de adolescente que desapareceu em Joinville<\/h2>\t\t\t\t<\/div>\n\t\t\t\t<\/div>\n\t\t\t\t\t<\/div>\n\t\t<\/div>\n\t\t\t\t\t<\/div>\n\t\t<\/section>\n\t\t\t\t<section class=\"elementor-section elementor-top-section elementor-element elementor-element-e0cb6db elementor-section-boxed elementor-section-height-default elementor-section-height-default\" data-id=\"e0cb6db\" data-element_type=\"section\">\n\t\t\t\t\t\t<div class=\"elementor-container elementor-column-gap-default\">\n\t\t\t\t\t<div class=\"elementor-column elementor-col-100 elementor-top-column elementor-element elementor-element-6a3b749\" data-id=\"6a3b749\" data-element_type=\"column\">\n\t\t\t<div class=\"elementor-widget-wrap elementor-element-populated\">\n\t\t\t\t\t\t<div class=\"elementor-element elementor-element-743077a elementor-widget elementor-widget-image\" data-id=\"743077a\" data-element_type=\"widget\" data-widget_type=\"image.default\">\n\t\t\t\t<div class=\"elementor-widget-container\">\n\t\t\t\t\t\t\t\t\t\t\t\t\t\t\t<img fetchpriority=\"high\" decoding=\"async\" width=\"696\" height=\"522\" src=\"https:\/\/pc.sc.gov.br\/\/wp-content\/uploads\/2024\/10\/WhatsApp-Image-2024-08-02-at-16.53.34-1.jpeg\" class=\"attachment-large size-large wp-image-24321\" alt=\"\" srcset=\"https:\/\/pc.sc.gov.br\/\/wp-content\/uploads\/2024\/10\/WhatsApp-Image-2024-08-02-at-16.53.34-1.jpeg 768w, https:\/\/pc.sc.gov.br\/\/wp-content\/uploads\/2024\/10\/WhatsApp-Image-2024-08-02-at-16.53.34-1-300x225.jpeg 300w\" sizes=\"(max-width: 696px) 100vw, 696px\" \/>\t\t\t\t\t\t\t\t\t\t\t\t\t\t\t<\/div>\n\t\t\t\t<\/div>\n\t\t\t\t\t<\/div>\n\t\t<\/div>\n\t\t\t\t\t<\/div>\n\t\t<\/section>\n\t\t\t\t<section class=\"elementor-section elementor-top-section elementor-element elementor-element-f5e356d elementor-section-boxed elementor-section-height-default elementor-section-height-default\" data-id=\"f5e356d\" data-element_type=\"section\">\n\t\t\t\t\t\t<div class=\"elementor-container elementor-column-gap-default\">\n\t\t\t\t\t<div class=\"elementor-column elementor-col-100 elementor-top-column elementor-element elementor-element-ff868d7\" data-id=\"ff868d7\" data-element_type=\"column\">\n\t\t\t<div class=\"elementor-widget-wrap elementor-element-populated\">\n\t\t\t\t\t\t<div class=\"elementor-element elementor-element-584fbca elementor-widget elementor-widget-text-editor\" data-id=\"584fbca\" data-element_type=\"widget\" data-widget_type=\"text-editor.default\">\n\t\t\t\t<div class=\"elementor-widget-container\">\n\t\t\t\t\t\t\t\t\t<p>A Pol\u00edcia Civil de Santa Catarina localizou no final da tarde da ter\u00e7a-feira (18), em Balne\u00e1rio Cambori\u00fa, a adolescente de 16 anos que estava desaparecida desde s\u00e1bado, em Joinville. A adolescente j\u00e1 se encontra com a fam\u00edlia e recebendo o atendimento necess\u00e1rio. A a\u00e7\u00e3o envolveu as equipes da DCE\/Joinville e da 2\u00aaDRP\/Joinville, com apoio da GM\/Balne\u00e1rio Cambori\u00fa, Cyberlab\/DIPC e NINT-2.&nbsp;<\/p>\n<p>Os policiais civis que trabalharam nas buscas pela adolescente empregaram diversas t\u00e9cnicas de investiga\u00e7\u00e3o que, associadas ao protocoloco Amber Alert Brasil, permitiram a localiza\u00e7\u00e3o da desaparecida. O protocolo auxiliou na localiza\u00e7\u00e3o da adolescente, pois, com as informa\u00e7\u00f5es quer chegaram por meio do Amber Alert Brasil foi poss\u00edvel recuperar o trajeto que foi realizado pela menina.<\/p>\n<p>Essa foi a primeira vez que a Diretoria de Intelig\u00eancia da PCSC acionou o recurso Amber Alert Brasil, programa da META, aderido pela PCSC, atrav\u00e9s do Minist\u00e9rio da Justi\u00e7a e Seguran\u00e7a P\u00fablica. De acordo com o diretor de Intelig\u00eancia da PCSC, delegado Gustavo Madeira, o protocolo consiste na emiss\u00e3o de alertas contendo informa\u00e7\u00f5es de crian\u00e7a ou adolescente desaparecida e\/ou em situa\u00e7\u00e3o iminente de les\u00e3o corporal grave ou morte, h\u00e1, no m\u00e1ximo, 72 horas.&nbsp;<\/p>\n<p>O Amber Alert Brasil emite avisos por meio das redes sociais Instagram e Facebook para as pessoas com perfis nessas redes num raio aproximado de 160 km de dist\u00e2ncia do local onde foi vista a crian\u00e7a ou adolescente pela \u00faltima vez.<\/p>\n<p>Para ter acesso ao servi\u00e7o, os casos s\u00e3o avaliados pelo Diretor de Intelig\u00eancia da PCSC, o qual verificando que os requisitos foram cumpridos encaminhar\u00e1 um of\u00edcio para o Minist\u00e9rio da Justi\u00e7a solicitando a sua inclus\u00e3o junto \u00e0 META.<span style=\"color: var( --e-global-color-text ); font-family: var( --e-global-typography-primary-font-family ), Sans-serif; font-size: var( --e-global-typography-primary-font-size ); font-weight: var( --e-global-typography-primary-font-weight ); letter-spacing: var( --e-global-typography-primary-letter-spacing );\">&nbsp;<\/span><\/p>\t\t\t\t\t\t\t\t<\/div>\n\t\t\t\t<\/div>\n\t\t\t\t\t<\/div>\n\t\t<\/div>\n\t\t\t\t\t<\/div>\n\t\t<\/section>\n\t\t\t\t<\/div>\n\t\t","protected":false},"excerpt":{"rendered":"<p>Protocolo Amber Alert Brasil auxilia policiais civis na localiza\u00e7\u00e3o de adolescente que desapareceu em Joinville A Pol\u00edcia Civil de Santa Catarina localizou no final da tarde da ter\u00e7a-feira (18), em Balne\u00e1rio Cambori\u00fa, a adolescente de 16 anos que estava desaparecida desde s\u00e1bado, em Joinville. A adolescente j\u00e1 se encontra com a fam\u00edlia e recebendo o [&hellip;]<\/p>\n","protected":false},"author":5,"featured_media":26591,"comment_status":"closed","ping_status":"open","sticky":false,"template":"","format":"standard","meta":{"_monsterinsights_skip_tracking":false,"_monsterinsights_sitenote_active":false,"_monsterinsights_sitenote_note":"","_monsterinsights_sitenote_category":0,"footnotes":""},"categories":[1],"tags":[],"class_list":["post-26774","post","type-post","status-publish","format-standard","has-post-thumbnail","hentry","category-sem-categoria"],"_links":{"self":[{"href":"https:\/\/pc.sc.gov.br\/index.php?rest_route=\/wp\/v2\/posts\/26774","targetHints":{"allow":["GET"]}}],"collection":[{"href":"https:\/\/pc.sc.gov.br\/index.php?rest_route=\/wp\/v2\/posts"}],"about":[{"href":"https:\/\/pc.sc.gov.br\/index.php?rest_route=\/wp\/v2\/types\/post"}],"author":[{"embeddable":true,"href":"https:\/\/pc.sc.gov.br\/index.php?rest_route=\/wp\/v2\/users\/5"}],"replies":[{"embeddable":true,"href":"https:\/\/pc.sc.gov.br\/index.php?rest_route=%2Fwp%2Fv2%2Fcomments&post=26774"}],"version-history":[{"count":4,"href":"https:\/\/pc.sc.gov.br\/index.php?rest_route=\/wp\/v2\/posts\/26774\/revisions"}],"predecessor-version":[{"id":26778,"href":"https:\/\/pc.sc.gov.br\/index.php?rest_route=\/wp\/v2\/posts\/26774\/revisions\/26778"}],"wp:featuredmedia":[{"embeddable":true,"href":"https:\/\/pc.sc.gov.br\/index.php?rest_route=\/wp\/v2\/media\/26591"}],"wp:attachment":[{"href":"https:\/\/pc.sc.gov.br\/index.php?rest_route=%2Fwp%2Fv2%2Fmedia&parent=26774"}],"wp:term":[{"taxonomy":"category","embeddable":true,"href":"https:\/\/pc.sc.gov.br\/index.php?rest_route=%2Fwp%2Fv2%2Fcategories&post=26774"},{"taxonomy":"post_tag","embeddable":true,"href":"https:\/\/pc.sc.gov.br\/index.php?rest_route=%2Fwp%2Fv2%2Ftags&post=26774"}],"curies":[{"name":"wp","href":"https:\/\/api.w.org\/{rel}","templated":true}]}}