{"id":26779,"date":"2025-02-20T15:34:52","date_gmt":"2025-02-20T18:34:52","guid":{"rendered":"https:\/\/pc.sc.gov.br\/?p=26779"},"modified":"2025-02-20T15:36:20","modified_gmt":"2025-02-20T18:36:20","slug":"em-sp-equipe-da-delegacia-de-combate-a-estelionatos-da-capital-prende-autor-de-fraude-milionaria-contra-empresa-de-florianopolis","status":"publish","type":"post","link":"https:\/\/pc.sc.gov.br\/?p=26779","title":{"rendered":"Em SP, Delegacia de Combate a Estelionatos da Capital prende autor de fraude milion\u00e1ria contra empresa de Florian\u00f3polis"},"content":{"rendered":"\t\t<div data-elementor-type=\"wp-post\" data-elementor-id=\"26779\" class=\"elementor elementor-26779\" data-elementor-post-type=\"post\">\n\t\t\t\t\t\t<section class=\"elementor-section elementor-top-section elementor-element elementor-element-61f522a elementor-section-boxed elementor-section-height-default elementor-section-height-default\" data-id=\"61f522a\" data-element_type=\"section\">\n\t\t\t\t\t\t<div class=\"elementor-container elementor-column-gap-default\">\n\t\t\t\t\t<div class=\"elementor-column elementor-col-100 elementor-top-column elementor-element elementor-element-4b59d52\" data-id=\"4b59d52\" data-element_type=\"column\">\n\t\t\t<div class=\"elementor-widget-wrap elementor-element-populated\">\n\t\t\t\t\t\t<div class=\"elementor-element elementor-element-2e98c57 elementor-widget elementor-widget-heading\" data-id=\"2e98c57\" data-element_type=\"widget\" data-widget_type=\"heading.default\">\n\t\t\t\t<div class=\"elementor-widget-container\">\n\t\t\t\t\t<h2 class=\"elementor-heading-title elementor-size-default\">Em SP, Delegacia de Combate a Estelionatos da Capital prende autor de fraude milion\u00e1ria contra empresa de Florian\u00f3polis<\/h2>\t\t\t\t<\/div>\n\t\t\t\t<\/div>\n\t\t\t\t\t<\/div>\n\t\t<\/div>\n\t\t\t\t\t<\/div>\n\t\t<\/section>\n\t\t\t\t<section class=\"elementor-section elementor-top-section elementor-element elementor-element-07dc7b0 elementor-section-boxed elementor-section-height-default elementor-section-height-default\" data-id=\"07dc7b0\" data-element_type=\"section\">\n\t\t\t\t\t\t<div class=\"elementor-container elementor-column-gap-default\">\n\t\t\t\t\t<div class=\"elementor-column elementor-col-100 elementor-top-column elementor-element elementor-element-10f02b7\" data-id=\"10f02b7\" data-element_type=\"column\">\n\t\t\t<div class=\"elementor-widget-wrap elementor-element-populated\">\n\t\t\t\t\t\t<div class=\"elementor-element elementor-element-c996cc2 elementor-widget elementor-widget-image\" data-id=\"c996cc2\" data-element_type=\"widget\" data-widget_type=\"image.default\">\n\t\t\t\t<div class=\"elementor-widget-container\">\n\t\t\t\t\t\t\t\t\t\t\t\t\t\t\t<img fetchpriority=\"high\" decoding=\"async\" width=\"696\" height=\"576\" src=\"https:\/\/pc.sc.gov.br\/\/wp-content\/uploads\/2025\/02\/WhatsApp-Image-2024-08-08-at-16.56.13-fotor-20241122142530-1024x848.jpg\" class=\"attachment-large size-large wp-image-26555\" alt=\"\" srcset=\"https:\/\/pc.sc.gov.br\/\/wp-content\/uploads\/2025\/02\/WhatsApp-Image-2024-08-08-at-16.56.13-fotor-20241122142530-1024x848.jpg 1024w, https:\/\/pc.sc.gov.br\/\/wp-content\/uploads\/2025\/02\/WhatsApp-Image-2024-08-08-at-16.56.13-fotor-20241122142530-300x249.jpg 300w, https:\/\/pc.sc.gov.br\/\/wp-content\/uploads\/2025\/02\/WhatsApp-Image-2024-08-08-at-16.56.13-fotor-20241122142530-768x636.jpg 768w, https:\/\/pc.sc.gov.br\/\/wp-content\/uploads\/2025\/02\/WhatsApp-Image-2024-08-08-at-16.56.13-fotor-20241122142530.jpg 1196w\" sizes=\"(max-width: 696px) 100vw, 696px\" \/>\t\t\t\t\t\t\t\t\t\t\t\t\t\t\t<\/div>\n\t\t\t\t<\/div>\n\t\t\t\t\t<\/div>\n\t\t<\/div>\n\t\t\t\t\t<\/div>\n\t\t<\/section>\n\t\t\t\t<section class=\"elementor-section elementor-top-section elementor-element elementor-element-0e85053 elementor-section-boxed elementor-section-height-default elementor-section-height-default\" data-id=\"0e85053\" data-element_type=\"section\">\n\t\t\t\t\t\t<div class=\"elementor-container elementor-column-gap-default\">\n\t\t\t\t\t<div class=\"elementor-column elementor-col-100 elementor-top-column elementor-element elementor-element-2c010c8\" data-id=\"2c010c8\" data-element_type=\"column\">\n\t\t\t<div class=\"elementor-widget-wrap elementor-element-populated\">\n\t\t\t\t\t\t<div class=\"elementor-element elementor-element-926e604 elementor-widget elementor-widget-text-editor\" data-id=\"926e604\" data-element_type=\"widget\" data-widget_type=\"text-editor.default\">\n\t\t\t\t<div class=\"elementor-widget-container\">\n\t\t\t\t\t\t\t\t\t<p>A Pol\u00edcia Civil de Santa Catarina, por meio da Delegacia de Combate a Estelionatos do Departamento de Investiga\u00e7\u00e3o Criminal da Capital (DCE\/DIC), com apoio operacional dos policiais civis de Franca (SP), prendeu, nesta quinta-feira (20), 1 indiv\u00edduo indiciado pela pr\u00e1tica de uma fraude eletr\u00f4nica que desviou aproximadamente R$ 6 milh\u00f5es de uma fintech sediada em Florian\u00f3polis.<\/p><p>O fato ocorreu em julho de 2024 e, ap\u00f3s tomar ci\u00eancia dos fatos, a equipe da DCE iniciou s investiga\u00e7\u00f5es e, com apoio da Cyber\/Diretoria de Intelig\u00eancia, identificou a resid\u00eancia do suspeito, onde foram cumpridas no ano passado buscas domiciliares.<\/p><p>Em decorr\u00eancia das dilig\u00eancias iniciais, apurou-se que o suspeito identificado \u00e9 um dos autores da fraude, representando-se pela pris\u00e3o preventiva, a qual foi deferida pela Vara Regional de Garantias da Capital, ap\u00f3s manifesta\u00e7\u00e3o favor\u00e1vel do Minist\u00e9rio P\u00fablico.<\/p><p>Nesta quinta-feira (20) foi cumprida a ordem de pris\u00e3o do jovem de 21 anos, que teria praticado a fraude. Houve ainda a apreens\u00e3o de aproximadamente US$ 50 mil em criptomoedas e de um ve\u00edculo Fiat\/Fastback, avaliado em aproximadamente R$ 120 mil reais. As dilig\u00eancias seguem em desenvolvimento visando \u00e0 identifica\u00e7\u00e3o dos demais integrantes do grupo criminoso.<\/p><div>\u00a0<\/div>\t\t\t\t\t\t\t\t<\/div>\n\t\t\t\t<\/div>\n\t\t\t\t\t<\/div>\n\t\t<\/div>\n\t\t\t\t\t<\/div>\n\t\t<\/section>\n\t\t\t\t<\/div>\n\t\t","protected":false},"excerpt":{"rendered":"<p>Em SP, Delegacia de Combate a Estelionatos da Capital prende autor de fraude milion\u00e1ria contra empresa de Florian\u00f3polis A Pol\u00edcia Civil de Santa Catarina, por meio da Delegacia de Combate a Estelionatos do Departamento de Investiga\u00e7\u00e3o Criminal da Capital (DCE\/DIC), com apoio operacional dos policiais civis de Franca (SP), prendeu, nesta quinta-feira (20), 1 indiv\u00edduo [&hellip;]<\/p>\n","protected":false},"author":5,"featured_media":26383,"comment_status":"closed","ping_status":"open","sticky":false,"template":"","format":"standard","meta":{"_monsterinsights_skip_tracking":false,"_monsterinsights_sitenote_active":false,"_monsterinsights_sitenote_note":"","_monsterinsights_sitenote_category":0,"footnotes":""},"categories":[1],"tags":[],"class_list":["post-26779","post","type-post","status-publish","format-standard","has-post-thumbnail","hentry","category-sem-categoria"],"_links":{"self":[{"href":"https:\/\/pc.sc.gov.br\/index.php?rest_route=\/wp\/v2\/posts\/26779","targetHints":{"allow":["GET"]}}],"collection":[{"href":"https:\/\/pc.sc.gov.br\/index.php?rest_route=\/wp\/v2\/posts"}],"about":[{"href":"https:\/\/pc.sc.gov.br\/index.php?rest_route=\/wp\/v2\/types\/post"}],"author":[{"embeddable":true,"href":"https:\/\/pc.sc.gov.br\/index.php?rest_route=\/wp\/v2\/users\/5"}],"replies":[{"embeddable":true,"href":"https:\/\/pc.sc.gov.br\/index.php?rest_route=%2Fwp%2Fv2%2Fcomments&post=26779"}],"version-history":[{"count":5,"href":"https:\/\/pc.sc.gov.br\/index.php?rest_route=\/wp\/v2\/posts\/26779\/revisions"}],"predecessor-version":[{"id":26784,"href":"https:\/\/pc.sc.gov.br\/index.php?rest_route=\/wp\/v2\/posts\/26779\/revisions\/26784"}],"wp:featuredmedia":[{"embeddable":true,"href":"https:\/\/pc.sc.gov.br\/index.php?rest_route=\/wp\/v2\/media\/26383"}],"wp:attachment":[{"href":"https:\/\/pc.sc.gov.br\/index.php?rest_route=%2Fwp%2Fv2%2Fmedia&parent=26779"}],"wp:term":[{"taxonomy":"category","embeddable":true,"href":"https:\/\/pc.sc.gov.br\/index.php?rest_route=%2Fwp%2Fv2%2Fcategories&post=26779"},{"taxonomy":"post_tag","embeddable":true,"href":"https:\/\/pc.sc.gov.br\/index.php?rest_route=%2Fwp%2Fv2%2Ftags&post=26779"}],"curies":[{"name":"wp","href":"https:\/\/api.w.org\/{rel}","templated":true}]}}