{"id":26790,"date":"2025-02-20T17:23:50","date_gmt":"2025-02-20T20:23:50","guid":{"rendered":"https:\/\/pc.sc.gov.br\/?p=26790"},"modified":"2025-02-20T17:28:30","modified_gmt":"2025-02-20T20:28:30","slug":"governador-jorginho-inaugura-centro-integrado-de-comando-e-controle-da-fronteira-em-dionisio-cerqueira","status":"publish","type":"post","link":"https:\/\/pc.sc.gov.br\/?p=26790","title":{"rendered":"Governador Jorginho inaugura Centro Integrado de Comando e Controle da Fronteira em Dion\u00edsio Cerqueira"},"content":{"rendered":"\t\t<div data-elementor-type=\"wp-post\" data-elementor-id=\"26790\" class=\"elementor elementor-26790\" data-elementor-post-type=\"post\">\n\t\t\t\t\t\t<section class=\"elementor-section elementor-top-section elementor-element elementor-element-ae00864 elementor-section-boxed elementor-section-height-default elementor-section-height-default\" data-id=\"ae00864\" data-element_type=\"section\">\n\t\t\t\t\t\t<div class=\"elementor-container elementor-column-gap-default\">\n\t\t\t\t\t<div class=\"elementor-column elementor-col-100 elementor-top-column elementor-element elementor-element-577e2f6\" data-id=\"577e2f6\" data-element_type=\"column\">\n\t\t\t<div class=\"elementor-widget-wrap elementor-element-populated\">\n\t\t\t\t\t\t<div class=\"elementor-element elementor-element-984f2d8 elementor-widget elementor-widget-heading\" data-id=\"984f2d8\" data-element_type=\"widget\" data-widget_type=\"heading.default\">\n\t\t\t\t<div class=\"elementor-widget-container\">\n\t\t\t\t\t<h2 class=\"elementor-heading-title elementor-size-default\">Governador inaugura Centro Integrado de Comando e Controle da Fronteira em Dion\u00edsio Cerqueira<\/h2>\t\t\t\t<\/div>\n\t\t\t\t<\/div>\n\t\t\t\t\t<\/div>\n\t\t<\/div>\n\t\t\t\t\t<\/div>\n\t\t<\/section>\n\t\t\t\t<section class=\"elementor-section elementor-top-section elementor-element elementor-element-269c19a elementor-section-boxed elementor-section-height-default elementor-section-height-default\" data-id=\"269c19a\" data-element_type=\"section\">\n\t\t\t\t\t\t<div class=\"elementor-container elementor-column-gap-default\">\n\t\t\t\t\t<div class=\"elementor-column elementor-col-100 elementor-top-column elementor-element elementor-element-d3415f3\" data-id=\"d3415f3\" data-element_type=\"column\">\n\t\t\t<div class=\"elementor-widget-wrap elementor-element-populated\">\n\t\t\t\t\t\t<div class=\"elementor-element elementor-element-eeeb5ae elementor-widget elementor-widget-image\" data-id=\"eeeb5ae\" data-element_type=\"widget\" data-widget_type=\"image.default\">\n\t\t\t\t<div class=\"elementor-widget-container\">\n\t\t\t\t\t\t\t\t\t\t\t\t\t\t\t<img fetchpriority=\"high\" decoding=\"async\" width=\"696\" height=\"1001\" src=\"https:\/\/pc.sc.gov.br\/\/wp-content\/uploads\/2025\/02\/WhatsApp-Image-2025-02-20-at-11.01.34-1-768x1105.jpeg\" class=\"attachment-medium_large size-medium_large wp-image-26791\" alt=\"\" srcset=\"https:\/\/pc.sc.gov.br\/\/wp-content\/uploads\/2025\/02\/WhatsApp-Image-2025-02-20-at-11.01.34-1-768x1105.jpeg 768w, https:\/\/pc.sc.gov.br\/\/wp-content\/uploads\/2025\/02\/WhatsApp-Image-2025-02-20-at-11.01.34-1-209x300.jpeg 209w, https:\/\/pc.sc.gov.br\/\/wp-content\/uploads\/2025\/02\/WhatsApp-Image-2025-02-20-at-11.01.34-1-712x1024.jpeg 712w, https:\/\/pc.sc.gov.br\/\/wp-content\/uploads\/2025\/02\/WhatsApp-Image-2025-02-20-at-11.01.34-1-1068x1536.jpeg 1068w, https:\/\/pc.sc.gov.br\/\/wp-content\/uploads\/2025\/02\/WhatsApp-Image-2025-02-20-at-11.01.34-1.jpeg 1112w\" sizes=\"(max-width: 696px) 100vw, 696px\" \/>\t\t\t\t\t\t\t\t\t\t\t\t\t\t\t<\/div>\n\t\t\t\t<\/div>\n\t\t\t\t\t<\/div>\n\t\t<\/div>\n\t\t\t\t\t<\/div>\n\t\t<\/section>\n\t\t\t\t<section class=\"elementor-section elementor-top-section elementor-element elementor-element-dc05076 elementor-section-boxed elementor-section-height-default elementor-section-height-default\" data-id=\"dc05076\" data-element_type=\"section\">\n\t\t\t\t\t\t<div class=\"elementor-container elementor-column-gap-default\">\n\t\t\t\t\t<div class=\"elementor-column elementor-col-100 elementor-top-column elementor-element elementor-element-d06c1a8\" data-id=\"d06c1a8\" data-element_type=\"column\">\n\t\t\t<div class=\"elementor-widget-wrap elementor-element-populated\">\n\t\t\t\t\t\t<div class=\"elementor-element elementor-element-8b93633 elementor-widget elementor-widget-text-editor\" data-id=\"8b93633\" data-element_type=\"widget\" data-widget_type=\"text-editor.default\">\n\t\t\t\t<div class=\"elementor-widget-container\">\n\t\t\t\t\t\t\t\t\t<p>O governador Jorginho Mello inaugurou nesta quarta-feira, 19, o Centro Integrado de Comando e Controle da Fronteira (CICCF), localizado junto ao 36\u00ba Batalh\u00e3o de Pol\u00edcia Militar de Santa Catarina. O espa\u00e7o foi totalmente reformado e equipado para garantir a atua\u00e7\u00e3o conjunta das For\u00e7as de Seguran\u00e7a de Santa Catarina, al\u00e9m da Prote\u00e7\u00e3o e Defesa Civil, Secretaria de Estado da Fazenda, Cidasc, Samu, Vigil\u00e2ncia Sanit\u00e1ria, Conselho Estadual de Combate \u00e0 Pirataria, \u00f3rg\u00e3os federais, ambientais e municipais. O CICCF tamb\u00e9m permitir\u00e1 opera\u00e7\u00f5es integradas com for\u00e7as policiais do Paran\u00e1 e da Argentina, refor\u00e7ando a seguran\u00e7a na regi\u00e3o de fronteira.<\/p><p>\u201cA integra\u00e7\u00e3o das For\u00e7as de Seguran\u00e7a \u00e9 fundamental para o combate ao crime e a prote\u00e7\u00e3o das nossas fronteiras. Com esse novo centro, Santa Catarina refor\u00e7a sua estrutura para agir de maneira r\u00e1pida e eficiente em opera\u00e7\u00f5es conjuntas com outros estados e at\u00e9 com a Argentina\u201d, afirmou o governador, Jorginho Mello.<\/p><p>Participaram da cerim\u00f4nia tamb\u00e9m o secret\u00e1rio de Estado da Seguran\u00e7a P\u00fablica, coronel Fl\u00e1vio Graff, o comandante-geral da Pol\u00edcia Militar, coronel Emerson Fernandes, o delegado-geral da Pol\u00edcia Civil, Ulisses Gabriel, o comandante-geral do Corpo de Bombeiros Militar, coronel Fabiano de Souza, e da perita-geral da Pol\u00edcia Cient\u00edfica, Andressa Boer Fronza.<\/p><p>\u201cEssa estrutura moderna vai potencializar o trabalho das For\u00e7as de Seguran\u00e7a, permitindo um monitoramento mais eficiente e a\u00e7\u00f5es coordenadas em tempo real. \u00c9 um grande avan\u00e7o para o combate \u00e0 criminalidade na fronteira\u201d, destacou o secret\u00e1rio de Estado da Seguran\u00e7a P\u00fablica, coronel Fl\u00e1vio Graff.<\/p><p>O Delegado-Geral da Pol\u00edcia Civil de Santa Catarina, Ulisses Gabriel, esteve presente na cerim\u00f4nia juntamente com o Diretor de Pol\u00edcia da Fronteira, Delegado Fernando Callfass, o Delegado Regional de S\u00e3o Miguel do Oeste, Wesley Andrade, e policiais civis da regi\u00e3o da fronteira.<\/p>\t\t\t\t\t\t\t\t<\/div>\n\t\t\t\t<\/div>\n\t\t\t\t\t<\/div>\n\t\t<\/div>\n\t\t\t\t\t<\/div>\n\t\t<\/section>\n\t\t\t\t<section class=\"elementor-section elementor-top-section elementor-element elementor-element-98ff074 elementor-section-boxed elementor-section-height-default elementor-section-height-default\" data-id=\"98ff074\" data-element_type=\"section\">\n\t\t\t\t\t\t<div class=\"elementor-container elementor-column-gap-default\">\n\t\t\t\t\t<div class=\"elementor-column elementor-col-100 elementor-top-column elementor-element elementor-element-f6cce9a\" data-id=\"f6cce9a\" data-element_type=\"column\">\n\t\t\t<div class=\"elementor-widget-wrap elementor-element-populated\">\n\t\t\t\t\t\t<div class=\"elementor-element elementor-element-23eac97 elementor-widget elementor-widget-image\" data-id=\"23eac97\" data-element_type=\"widget\" data-widget_type=\"image.default\">\n\t\t\t\t<div class=\"elementor-widget-container\">\n\t\t\t\t\t\t\t\t\t\t\t\t\t\t\t<img decoding=\"async\" width=\"696\" height=\"464\" src=\"https:\/\/pc.sc.gov.br\/\/wp-content\/uploads\/2025\/02\/54337704827_d588976153_k-1024x683.jpg\" class=\"attachment-large size-large wp-image-26797\" alt=\"\" srcset=\"https:\/\/pc.sc.gov.br\/\/wp-content\/uploads\/2025\/02\/54337704827_d588976153_k-1024x683.jpg 1024w, https:\/\/pc.sc.gov.br\/\/wp-content\/uploads\/2025\/02\/54337704827_d588976153_k-300x200.jpg 300w, https:\/\/pc.sc.gov.br\/\/wp-content\/uploads\/2025\/02\/54337704827_d588976153_k-768x512.jpg 768w, https:\/\/pc.sc.gov.br\/\/wp-content\/uploads\/2025\/02\/54337704827_d588976153_k-1536x1024.jpg 1536w, https:\/\/pc.sc.gov.br\/\/wp-content\/uploads\/2025\/02\/54337704827_d588976153_k.jpg 2048w\" sizes=\"(max-width: 696px) 100vw, 696px\" \/>\t\t\t\t\t\t\t\t\t\t\t\t\t\t\t<\/div>\n\t\t\t\t<\/div>\n\t\t\t\t\t<\/div>\n\t\t<\/div>\n\t\t\t\t\t<\/div>\n\t\t<\/section>\n\t\t\t\t<\/div>\n\t\t","protected":false},"excerpt":{"rendered":"<p>Governador inaugura Centro Integrado de Comando e Controle da Fronteira em Dion\u00edsio Cerqueira O governador Jorginho Mello inaugurou nesta quarta-feira, 19, o Centro Integrado de Comando e Controle da Fronteira (CICCF), localizado junto ao 36\u00ba Batalh\u00e3o de Pol\u00edcia Militar de Santa Catarina. O espa\u00e7o foi totalmente reformado e equipado para garantir a atua\u00e7\u00e3o conjunta das [&hellip;]<\/p>\n","protected":false},"author":5,"featured_media":26796,"comment_status":"closed","ping_status":"open","sticky":false,"template":"","format":"standard","meta":{"_monsterinsights_skip_tracking":false,"_monsterinsights_sitenote_active":false,"_monsterinsights_sitenote_note":"","_monsterinsights_sitenote_category":0,"footnotes":""},"categories":[1],"tags":[],"class_list":["post-26790","post","type-post","status-publish","format-standard","has-post-thumbnail","hentry","category-sem-categoria"],"_links":{"self":[{"href":"https:\/\/pc.sc.gov.br\/index.php?rest_route=\/wp\/v2\/posts\/26790","targetHints":{"allow":["GET"]}}],"collection":[{"href":"https:\/\/pc.sc.gov.br\/index.php?rest_route=\/wp\/v2\/posts"}],"about":[{"href":"https:\/\/pc.sc.gov.br\/index.php?rest_route=\/wp\/v2\/types\/post"}],"author":[{"embeddable":true,"href":"https:\/\/pc.sc.gov.br\/index.php?rest_route=\/wp\/v2\/users\/5"}],"replies":[{"embeddable":true,"href":"https:\/\/pc.sc.gov.br\/index.php?rest_route=%2Fwp%2Fv2%2Fcomments&post=26790"}],"version-history":[{"count":7,"href":"https:\/\/pc.sc.gov.br\/index.php?rest_route=\/wp\/v2\/posts\/26790\/revisions"}],"predecessor-version":[{"id":26800,"href":"https:\/\/pc.sc.gov.br\/index.php?rest_route=\/wp\/v2\/posts\/26790\/revisions\/26800"}],"wp:featuredmedia":[{"embeddable":true,"href":"https:\/\/pc.sc.gov.br\/index.php?rest_route=\/wp\/v2\/media\/26796"}],"wp:attachment":[{"href":"https:\/\/pc.sc.gov.br\/index.php?rest_route=%2Fwp%2Fv2%2Fmedia&parent=26790"}],"wp:term":[{"taxonomy":"category","embeddable":true,"href":"https:\/\/pc.sc.gov.br\/index.php?rest_route=%2Fwp%2Fv2%2Fcategories&post=26790"},{"taxonomy":"post_tag","embeddable":true,"href":"https:\/\/pc.sc.gov.br\/index.php?rest_route=%2Fwp%2Fv2%2Ftags&post=26790"}],"curies":[{"name":"wp","href":"https:\/\/api.w.org\/{rel}","templated":true}]}}