{"id":26801,"date":"2025-02-20T17:35:03","date_gmt":"2025-02-20T20:35:03","guid":{"rendered":"https:\/\/pc.sc.gov.br\/?p=26801"},"modified":"2025-02-20T17:37:27","modified_gmt":"2025-02-20T20:37:27","slug":"operacao-conjunta-entre-policia-civil-e-militar-desmantela-quadrilha-de-furtos-a-imoveis-de-luxo-em-ararangua","status":"publish","type":"post","link":"https:\/\/pc.sc.gov.br\/?p=26801","title":{"rendered":"Opera\u00e7\u00e3o conjunta entre Pol\u00edcia Civil e Militar desmantela quadrilha de furtos a im\u00f3veis de luxo em Ararangu\u00e1"},"content":{"rendered":"\t\t<div data-elementor-type=\"wp-post\" data-elementor-id=\"26801\" class=\"elementor elementor-26801\" data-elementor-post-type=\"post\">\n\t\t\t\t\t\t<section class=\"elementor-section elementor-top-section elementor-element elementor-element-718de14 elementor-section-boxed elementor-section-height-default elementor-section-height-default\" data-id=\"718de14\" data-element_type=\"section\">\n\t\t\t\t\t\t<div class=\"elementor-container elementor-column-gap-default\">\n\t\t\t\t\t<div class=\"elementor-column elementor-col-100 elementor-top-column elementor-element elementor-element-0ca992c\" data-id=\"0ca992c\" data-element_type=\"column\">\n\t\t\t<div class=\"elementor-widget-wrap elementor-element-populated\">\n\t\t\t\t\t\t<div class=\"elementor-element elementor-element-ba66c63 elementor-widget elementor-widget-heading\" data-id=\"ba66c63\" data-element_type=\"widget\" data-widget_type=\"heading.default\">\n\t\t\t\t<div class=\"elementor-widget-container\">\n\t\t\t\t\t<h2 class=\"elementor-heading-title elementor-size-default\">Opera\u00e7\u00e3o conjunta entre Pol\u00edcia Civil e Militar desmantela quadrilha de furtos a im\u00f3veis de luxo em Ararangu\u00e1<\/h2>\t\t\t\t<\/div>\n\t\t\t\t<\/div>\n\t\t\t\t\t<\/div>\n\t\t<\/div>\n\t\t\t\t\t<\/div>\n\t\t<\/section>\n\t\t\t\t<section class=\"elementor-section elementor-top-section elementor-element elementor-element-9e70cbd elementor-section-boxed elementor-section-height-default elementor-section-height-default\" data-id=\"9e70cbd\" data-element_type=\"section\">\n\t\t\t\t\t\t<div class=\"elementor-container elementor-column-gap-default\">\n\t\t\t\t\t<div class=\"elementor-column elementor-col-100 elementor-top-column elementor-element elementor-element-54468c0\" data-id=\"54468c0\" data-element_type=\"column\">\n\t\t\t<div class=\"elementor-widget-wrap elementor-element-populated\">\n\t\t\t\t\t\t<div class=\"elementor-element elementor-element-1309daf elementor-widget elementor-widget-image\" data-id=\"1309daf\" data-element_type=\"widget\" data-widget_type=\"image.default\">\n\t\t\t\t<div class=\"elementor-widget-container\">\n\t\t\t\t\t\t\t\t\t\t\t\t\t\t\t<img fetchpriority=\"high\" decoding=\"async\" width=\"696\" height=\"506\" src=\"https:\/\/pc.sc.gov.br\/\/wp-content\/uploads\/2025\/02\/WhatsApp-Image-2025-02-20-at-17.16.05-fotor-2025022017359.jpg\" class=\"attachment-large size-large wp-image-26802\" alt=\"\" srcset=\"https:\/\/pc.sc.gov.br\/\/wp-content\/uploads\/2025\/02\/WhatsApp-Image-2025-02-20-at-17.16.05-fotor-2025022017359.jpg 960w, https:\/\/pc.sc.gov.br\/\/wp-content\/uploads\/2025\/02\/WhatsApp-Image-2025-02-20-at-17.16.05-fotor-2025022017359-300x218.jpg 300w, https:\/\/pc.sc.gov.br\/\/wp-content\/uploads\/2025\/02\/WhatsApp-Image-2025-02-20-at-17.16.05-fotor-2025022017359-768x558.jpg 768w\" sizes=\"(max-width: 696px) 100vw, 696px\" \/>\t\t\t\t\t\t\t\t\t\t\t\t\t\t\t<\/div>\n\t\t\t\t<\/div>\n\t\t\t\t\t<\/div>\n\t\t<\/div>\n\t\t\t\t\t<\/div>\n\t\t<\/section>\n\t\t\t\t<section class=\"elementor-section elementor-top-section elementor-element elementor-element-5ece95c elementor-section-boxed elementor-section-height-default elementor-section-height-default\" data-id=\"5ece95c\" data-element_type=\"section\">\n\t\t\t\t\t\t<div class=\"elementor-container elementor-column-gap-default\">\n\t\t\t\t\t<div class=\"elementor-column elementor-col-100 elementor-top-column elementor-element elementor-element-febe206\" data-id=\"febe206\" data-element_type=\"column\">\n\t\t\t<div class=\"elementor-widget-wrap elementor-element-populated\">\n\t\t\t\t\t\t<div class=\"elementor-element elementor-element-522458b elementor-widget elementor-widget-text-editor\" data-id=\"522458b\" data-element_type=\"widget\" data-widget_type=\"text-editor.default\">\n\t\t\t\t<div class=\"elementor-widget-container\">\n\t\t\t\t\t\t\t\t\t<p>Em uma opera\u00e7\u00e3o conjunta nesta quinta-feira (20), a Pol\u00edcia Civil de Santa Catarina, por meio da Delegacia de Ararangu\u00e1, com apoio da Pol\u00edcia Militar, executou uma s\u00e9rie de mandados que resultaram na pris\u00e3o de quatro indiv\u00edduos e desarticula\u00e7\u00e3o de uma associa\u00e7\u00e3o criminosa envolvida em uma s\u00e9rie de furtos a imobili\u00e1rias e apartamentos de luxo na regi\u00e3o.<\/p>\n<p>Os criminosos vinham aterrorizando o munic\u00edpio desde meados de 2024, com uma sequ\u00eancia de furtos mediante arrombamento a propriedades de alto padr\u00e3o e estabelecimentos comerciais, gerando inseguran\u00e7a entre os moradores e empres\u00e1rios locais. A opera\u00e7\u00e3o de hoje, que incluiu a\u00e7\u00f5es em Ararangu\u00e1 e no munic\u00edpio vizinho de Sombrio, foi o culminar de uma investiga\u00e7\u00e3o detalhada que teve um ponto de virada no in\u00edcio deste ano, ap\u00f3s a pris\u00e3o de dois suspeitos por porte ilegal de arma de fogo e muni\u00e7\u00f5es.<\/p>\n<p>Na ocasi\u00e3o, a pol\u00edcia encontrou em poder dos detidos diversos materiais e documentos que os vinculavam diretamente aos furtos em quest\u00e3o. Este achado foi crucial para as investiga\u00e7\u00f5es, que logo em seguida a Pol\u00edcia Civil representou a justi\u00e7a por mandados de pris\u00e3o preventiva e de busca e apreens\u00e3o.<\/p>\n<p>Durante as opera\u00e7\u00f5es de hoje, foram cumpridos tr\u00eas mandados de pris\u00e3o preventiva e tr\u00eas mandados de busca e apreens\u00e3o. Um dos presos foi tamb\u00e9m flagrado por tr\u00e1fico de drogas, adicionando uma camada de complexidade ao perfil criminal do grupo.<\/p>\n<p>A pol\u00edcia continua a investigar o caso, buscando identificar poss\u00edveis conex\u00f5es adicionais e recuperar itens furtados que ainda possam ser localizados. A opera\u00e7\u00e3o de hoje n\u00e3o apenas reafirma o compromisso das for\u00e7as de seguran\u00e7a em proteger a propriedade e a tranquilidade dos cidad\u00e3os de Ararangu\u00e1, mas tamb\u00e9m serve como um aviso severo aos criminosos de que a justi\u00e7a prevalecer\u00e1.<\/p>\n<p><b>V\u00eddeo: delegado Lucas Rosa&nbsp;<\/b><span style=\"color: var( --e-global-color-text ); font-family: var( --e-global-typography-primary-font-family ), Sans-serif; font-size: var( --e-global-typography-primary-font-size ); font-weight: var( --e-global-typography-primary-font-weight ); letter-spacing: var( --e-global-typography-primary-letter-spacing );\">&nbsp;<\/span><\/p>\t\t\t\t\t\t\t\t<\/div>\n\t\t\t\t<\/div>\n\t\t\t\t\t<\/div>\n\t\t<\/div>\n\t\t\t\t\t<\/div>\n\t\t<\/section>\n\t\t\t\t<section class=\"elementor-section elementor-top-section elementor-element elementor-element-145d80a elementor-section-boxed elementor-section-height-default elementor-section-height-default\" data-id=\"145d80a\" data-element_type=\"section\">\n\t\t\t\t\t\t<div class=\"elementor-container elementor-column-gap-default\">\n\t\t\t\t\t<div class=\"elementor-column elementor-col-100 elementor-top-column elementor-element elementor-element-2598584\" data-id=\"2598584\" data-element_type=\"column\">\n\t\t\t<div class=\"elementor-widget-wrap elementor-element-populated\">\n\t\t\t\t\t\t<div class=\"elementor-element elementor-element-f9eafe2 elementor-widget elementor-widget-video\" data-id=\"f9eafe2\" data-element_type=\"widget\" data-settings=\"{&quot;video_type&quot;:&quot;hosted&quot;,&quot;controls&quot;:&quot;yes&quot;}\" data-widget_type=\"video.default\">\n\t\t\t\t<div class=\"elementor-widget-container\">\n\t\t\t\t\t\t\t<div class=\"e-hosted-video elementor-wrapper elementor-open-inline\">\n\t\t\t\t\t<video class=\"elementor-video\" src=\"https:\/\/pc.sc.gov.br\/wp-content\/uploads\/2025\/02\/WhatsApp-Video-2025-02-20-at-17.28.15.mp4\" controls=\"\" preload=\"metadata\" controlsList=\"nodownload\"><\/video>\n\t\t\t\t<\/div>\n\t\t\t\t\t\t<\/div>\n\t\t\t\t<\/div>\n\t\t\t\t\t<\/div>\n\t\t<\/div>\n\t\t\t\t\t<\/div>\n\t\t<\/section>\n\t\t\t\t<\/div>\n\t\t","protected":false},"excerpt":{"rendered":"<p>Opera\u00e7\u00e3o conjunta entre Pol\u00edcia Civil e Militar desmantela quadrilha de furtos a im\u00f3veis de luxo em Ararangu\u00e1 Em uma opera\u00e7\u00e3o conjunta nesta quinta-feira (20), a Pol\u00edcia Civil de Santa Catarina, por meio da Delegacia de Ararangu\u00e1, com apoio da Pol\u00edcia Militar, executou uma s\u00e9rie de mandados que resultaram na pris\u00e3o de quatro indiv\u00edduos e desarticula\u00e7\u00e3o [&hellip;]<\/p>\n","protected":false},"author":5,"featured_media":26802,"comment_status":"closed","ping_status":"open","sticky":false,"template":"","format":"standard","meta":{"_monsterinsights_skip_tracking":false,"_monsterinsights_sitenote_active":false,"_monsterinsights_sitenote_note":"","_monsterinsights_sitenote_category":0,"footnotes":""},"categories":[1],"tags":[],"class_list":["post-26801","post","type-post","status-publish","format-standard","has-post-thumbnail","hentry","category-sem-categoria"],"_links":{"self":[{"href":"https:\/\/pc.sc.gov.br\/index.php?rest_route=\/wp\/v2\/posts\/26801","targetHints":{"allow":["GET"]}}],"collection":[{"href":"https:\/\/pc.sc.gov.br\/index.php?rest_route=\/wp\/v2\/posts"}],"about":[{"href":"https:\/\/pc.sc.gov.br\/index.php?rest_route=\/wp\/v2\/types\/post"}],"author":[{"embeddable":true,"href":"https:\/\/pc.sc.gov.br\/index.php?rest_route=\/wp\/v2\/users\/5"}],"replies":[{"embeddable":true,"href":"https:\/\/pc.sc.gov.br\/index.php?rest_route=%2Fwp%2Fv2%2Fcomments&post=26801"}],"version-history":[{"count":3,"href":"https:\/\/pc.sc.gov.br\/index.php?rest_route=\/wp\/v2\/posts\/26801\/revisions"}],"predecessor-version":[{"id":26806,"href":"https:\/\/pc.sc.gov.br\/index.php?rest_route=\/wp\/v2\/posts\/26801\/revisions\/26806"}],"wp:featuredmedia":[{"embeddable":true,"href":"https:\/\/pc.sc.gov.br\/index.php?rest_route=\/wp\/v2\/media\/26802"}],"wp:attachment":[{"href":"https:\/\/pc.sc.gov.br\/index.php?rest_route=%2Fwp%2Fv2%2Fmedia&parent=26801"}],"wp:term":[{"taxonomy":"category","embeddable":true,"href":"https:\/\/pc.sc.gov.br\/index.php?rest_route=%2Fwp%2Fv2%2Fcategories&post=26801"},{"taxonomy":"post_tag","embeddable":true,"href":"https:\/\/pc.sc.gov.br\/index.php?rest_route=%2Fwp%2Fv2%2Ftags&post=26801"}],"curies":[{"name":"wp","href":"https:\/\/api.w.org\/{rel}","templated":true}]}}