{"id":26808,"date":"2025-02-21T14:11:36","date_gmt":"2025-02-21T17:11:36","guid":{"rendered":"https:\/\/pc.sc.gov.br\/?p=26808"},"modified":"2025-02-21T14:18:47","modified_gmt":"2025-02-21T17:18:47","slug":"em-xanxere-pcsc-prende-homem-em-flagrante-por-trafico-de-drogas","status":"publish","type":"post","link":"https:\/\/pc.sc.gov.br\/?p=26808","title":{"rendered":"Em Xanxer\u00ea, PCSC prende homem em flagrante por tr\u00e1fico de drogas"},"content":{"rendered":"\t\t<div data-elementor-type=\"wp-post\" data-elementor-id=\"26808\" class=\"elementor elementor-26808\" data-elementor-post-type=\"post\">\n\t\t\t\t\t\t<section class=\"elementor-section elementor-top-section elementor-element elementor-element-58e9c06 elementor-section-boxed elementor-section-height-default elementor-section-height-default\" data-id=\"58e9c06\" data-element_type=\"section\">\n\t\t\t\t\t\t<div class=\"elementor-container elementor-column-gap-default\">\n\t\t\t\t\t<div class=\"elementor-column elementor-col-100 elementor-top-column elementor-element elementor-element-02a825e\" data-id=\"02a825e\" data-element_type=\"column\">\n\t\t\t<div class=\"elementor-widget-wrap elementor-element-populated\">\n\t\t\t\t\t\t<div class=\"elementor-element elementor-element-221eab9 elementor-widget elementor-widget-heading\" data-id=\"221eab9\" data-element_type=\"widget\" data-widget_type=\"heading.default\">\n\t\t\t\t<div class=\"elementor-widget-container\">\n\t\t\t\t\t<h2 class=\"elementor-heading-title elementor-size-default\">Em Xanxer\u00ea, PCSC prende homem em flagrante por tr\u00e1fico de drogas<\/h2>\t\t\t\t<\/div>\n\t\t\t\t<\/div>\n\t\t\t\t\t<\/div>\n\t\t<\/div>\n\t\t\t\t\t<\/div>\n\t\t<\/section>\n\t\t\t\t<section class=\"elementor-section elementor-top-section elementor-element elementor-element-53af7e0 elementor-section-boxed elementor-section-height-default elementor-section-height-default\" data-id=\"53af7e0\" data-element_type=\"section\">\n\t\t\t\t\t\t<div class=\"elementor-container elementor-column-gap-default\">\n\t\t\t\t\t<div class=\"elementor-column elementor-col-100 elementor-top-column elementor-element elementor-element-1181c06\" data-id=\"1181c06\" data-element_type=\"column\">\n\t\t\t<div class=\"elementor-widget-wrap elementor-element-populated\">\n\t\t\t\t\t\t<div class=\"elementor-element elementor-element-e2aa0e3 elementor-widget elementor-widget-image\" data-id=\"e2aa0e3\" data-element_type=\"widget\" data-widget_type=\"image.default\">\n\t\t\t\t<div class=\"elementor-widget-container\">\n\t\t\t\t\t\t\t\t\t\t\t\t\t\t\t<img fetchpriority=\"high\" decoding=\"async\" width=\"696\" height=\"537\" src=\"https:\/\/pc.sc.gov.br\/\/wp-content\/uploads\/2025\/02\/WhatsApp-Image-2025-02-20-at-19.41.05-fotor-20250221141332.jpg\" class=\"attachment-large size-large wp-image-26809\" alt=\"\" srcset=\"https:\/\/pc.sc.gov.br\/\/wp-content\/uploads\/2025\/02\/WhatsApp-Image-2025-02-20-at-19.41.05-fotor-20250221141332.jpg 1020w, https:\/\/pc.sc.gov.br\/\/wp-content\/uploads\/2025\/02\/WhatsApp-Image-2025-02-20-at-19.41.05-fotor-20250221141332-300x231.jpg 300w, https:\/\/pc.sc.gov.br\/\/wp-content\/uploads\/2025\/02\/WhatsApp-Image-2025-02-20-at-19.41.05-fotor-20250221141332-768x593.jpg 768w\" sizes=\"(max-width: 696px) 100vw, 696px\" \/>\t\t\t\t\t\t\t\t\t\t\t\t\t\t\t<\/div>\n\t\t\t\t<\/div>\n\t\t\t\t\t<\/div>\n\t\t<\/div>\n\t\t\t\t\t<\/div>\n\t\t<\/section>\n\t\t\t\t<section class=\"elementor-section elementor-top-section elementor-element elementor-element-13e57dd elementor-section-boxed elementor-section-height-default elementor-section-height-default\" data-id=\"13e57dd\" data-element_type=\"section\">\n\t\t\t\t\t\t<div class=\"elementor-container elementor-column-gap-default\">\n\t\t\t\t\t<div class=\"elementor-column elementor-col-100 elementor-top-column elementor-element elementor-element-d6b07d6\" data-id=\"d6b07d6\" data-element_type=\"column\">\n\t\t\t<div class=\"elementor-widget-wrap elementor-element-populated\">\n\t\t\t\t\t\t<div class=\"elementor-element elementor-element-2043c2c elementor-widget elementor-widget-text-editor\" data-id=\"2043c2c\" data-element_type=\"widget\" data-widget_type=\"text-editor.default\">\n\t\t\t\t<div class=\"elementor-widget-container\">\n\t\t\t\t\t\t\t\t\t<p>A Pol\u00edcia Civil de Santa Catarina, por meio da Delegacia de Investiga\u00e7\u00e3o Criminal (DIC) de Xanxer\u00ea, prendeu nesta quarta-feira (19), no bairro Jo\u00e3o Batista Tonial, um homem de 43 anos por tr\u00e1fico de drogas, com apoio de policiais da Opera\u00e7\u00e3o Protetor.<\/p>\n<p>Os policiais civis da DIC de Xanxer\u00ea, atrav\u00e9s de desdobramento de outras investiga\u00e7\u00f5es em andamento, lograram \u00eaxito em identificar que um homem estava praticando o crime de tr\u00e1fico de drogas em seu estabelecimento comercial. A Autoridade Policial representou pela expedi\u00e7\u00e3o de mandado de busca e apreens\u00e3o na resid\u00eancia e no endere\u00e7o comercial do investigado. Ap\u00f3s autoriza\u00e7\u00e3o judicial, com manifesta\u00e7\u00e3o favor\u00e1vel do Minist\u00e9rio P\u00fablico, foi dado cumprimento a duas ordens judiciais.<\/p>\n<p>Na resid\u00eancia nada de il\u00edcito foi localizado, entretanto, no estabelecimento comercial foram apreendidas aproximadamente 300g de coca\u00edna, parte j\u00e1 fracionada para venda, dinheiro, balan\u00e7a de precis\u00e3o e itens para embalagem das subst\u00e2ncias. Diante das apreens\u00f5es e dos elementos angariados durante a investiga\u00e7\u00e3o, o investigado foi preso em flagrante.<\/p>\n<p>Conduzido at\u00e9 a Delegacia de Pol\u00edcia para procedimentos legais, e ap\u00f3s, ao Pres\u00eddio Regional de Xanxer\u00ea. As investiga\u00e7\u00f5es sobre o caso prosseguem na DIC de Xanxer\u00ea.<\/p>\t\t\t\t\t\t\t\t<\/div>\n\t\t\t\t<\/div>\n\t\t\t\t\t<\/div>\n\t\t<\/div>\n\t\t\t\t\t<\/div>\n\t\t<\/section>\n\t\t\t\t<\/div>\n\t\t","protected":false},"excerpt":{"rendered":"<p>Em Xanxer\u00ea, PCSC prende homem em flagrante por tr\u00e1fico de drogas A Pol\u00edcia Civil de Santa Catarina, por meio da Delegacia de Investiga\u00e7\u00e3o Criminal (DIC) de Xanxer\u00ea, prendeu nesta quarta-feira (19), no bairro Jo\u00e3o Batista Tonial, um homem de 43 anos por tr\u00e1fico de drogas, com apoio de policiais da Opera\u00e7\u00e3o Protetor. Os policiais civis [&hellip;]<\/p>\n","protected":false},"author":5,"featured_media":26809,"comment_status":"closed","ping_status":"open","sticky":false,"template":"","format":"standard","meta":{"_monsterinsights_skip_tracking":false,"_monsterinsights_sitenote_active":false,"_monsterinsights_sitenote_note":"","_monsterinsights_sitenote_category":0,"footnotes":""},"categories":[1],"tags":[],"class_list":["post-26808","post","type-post","status-publish","format-standard","has-post-thumbnail","hentry","category-sem-categoria"],"_links":{"self":[{"href":"https:\/\/pc.sc.gov.br\/index.php?rest_route=\/wp\/v2\/posts\/26808","targetHints":{"allow":["GET"]}}],"collection":[{"href":"https:\/\/pc.sc.gov.br\/index.php?rest_route=\/wp\/v2\/posts"}],"about":[{"href":"https:\/\/pc.sc.gov.br\/index.php?rest_route=\/wp\/v2\/types\/post"}],"author":[{"embeddable":true,"href":"https:\/\/pc.sc.gov.br\/index.php?rest_route=\/wp\/v2\/users\/5"}],"replies":[{"embeddable":true,"href":"https:\/\/pc.sc.gov.br\/index.php?rest_route=%2Fwp%2Fv2%2Fcomments&post=26808"}],"version-history":[{"count":6,"href":"https:\/\/pc.sc.gov.br\/index.php?rest_route=\/wp\/v2\/posts\/26808\/revisions"}],"predecessor-version":[{"id":26815,"href":"https:\/\/pc.sc.gov.br\/index.php?rest_route=\/wp\/v2\/posts\/26808\/revisions\/26815"}],"wp:featuredmedia":[{"embeddable":true,"href":"https:\/\/pc.sc.gov.br\/index.php?rest_route=\/wp\/v2\/media\/26809"}],"wp:attachment":[{"href":"https:\/\/pc.sc.gov.br\/index.php?rest_route=%2Fwp%2Fv2%2Fmedia&parent=26808"}],"wp:term":[{"taxonomy":"category","embeddable":true,"href":"https:\/\/pc.sc.gov.br\/index.php?rest_route=%2Fwp%2Fv2%2Fcategories&post=26808"},{"taxonomy":"post_tag","embeddable":true,"href":"https:\/\/pc.sc.gov.br\/index.php?rest_route=%2Fwp%2Fv2%2Ftags&post=26808"}],"curies":[{"name":"wp","href":"https:\/\/api.w.org\/{rel}","templated":true}]}}