{"id":26822,"date":"2025-02-21T15:53:44","date_gmt":"2025-02-21T18:53:44","guid":{"rendered":"https:\/\/pc.sc.gov.br\/?p=26822"},"modified":"2025-02-21T15:54:37","modified_gmt":"2025-02-21T18:54:37","slug":"operacao-petrus-pcsc-participa-da-megaoperacao-interestadual-para-desarticular-grupo-envolvido-com-trafico-de-drogas-e-armas","status":"publish","type":"post","link":"https:\/\/pc.sc.gov.br\/?p=26822","title":{"rendered":"Opera\u00e7\u00e3o \u201cPetrus\u201d: PCSC participa da megaopera\u00e7\u00e3o interestadual para desarticular grupo envolvido com tr\u00e1fico de drogas e armas"},"content":{"rendered":"\t\t<div data-elementor-type=\"wp-post\" data-elementor-id=\"26822\" class=\"elementor elementor-26822\" data-elementor-post-type=\"post\">\n\t\t\t\t\t\t<section class=\"elementor-section elementor-top-section elementor-element elementor-element-c580b1e elementor-section-boxed elementor-section-height-default elementor-section-height-default\" data-id=\"c580b1e\" data-element_type=\"section\">\n\t\t\t\t\t\t<div class=\"elementor-container elementor-column-gap-default\">\n\t\t\t\t\t<div class=\"elementor-column elementor-col-100 elementor-top-column elementor-element elementor-element-bb659b3\" data-id=\"bb659b3\" data-element_type=\"column\">\n\t\t\t<div class=\"elementor-widget-wrap elementor-element-populated\">\n\t\t\t\t\t\t<div class=\"elementor-element elementor-element-79dfd38 elementor-widget elementor-widget-heading\" data-id=\"79dfd38\" data-element_type=\"widget\" data-widget_type=\"heading.default\">\n\t\t\t\t<div class=\"elementor-widget-container\">\n\t\t\t\t\t<h2 class=\"elementor-heading-title elementor-size-default\">Opera\u00e7\u00e3o \u201cPetrus\u201d: PCSC participa da megaopera\u00e7\u00e3o interestadual para desarticular grupo envolvido com tr\u00e1fico de drogas e armas<\/h2>\t\t\t\t<\/div>\n\t\t\t\t<\/div>\n\t\t\t\t\t<\/div>\n\t\t<\/div>\n\t\t\t\t\t<\/div>\n\t\t<\/section>\n\t\t\t\t<section class=\"elementor-section elementor-top-section elementor-element elementor-element-991e415 elementor-section-boxed elementor-section-height-default elementor-section-height-default\" data-id=\"991e415\" data-element_type=\"section\">\n\t\t\t\t\t\t<div class=\"elementor-container elementor-column-gap-default\">\n\t\t\t\t\t<div class=\"elementor-column elementor-col-100 elementor-top-column elementor-element elementor-element-55f8930\" data-id=\"55f8930\" data-element_type=\"column\">\n\t\t\t<div class=\"elementor-widget-wrap elementor-element-populated\">\n\t\t\t\t\t\t<div class=\"elementor-element elementor-element-eaea9df elementor-widget elementor-widget-image\" data-id=\"eaea9df\" data-element_type=\"widget\" data-widget_type=\"image.default\">\n\t\t\t\t<div class=\"elementor-widget-container\">\n\t\t\t\t\t\t\t\t\t\t\t\t\t\t\t<img fetchpriority=\"high\" decoding=\"async\" width=\"696\" height=\"521\" src=\"https:\/\/pc.sc.gov.br\/\/wp-content\/uploads\/2025\/02\/Imagem-do-WhatsApp-de-2025-02-21-as-15.25.37_82d2dc73-768x575.jpg\" class=\"attachment-medium_large size-medium_large wp-image-26823\" alt=\"\" srcset=\"https:\/\/pc.sc.gov.br\/\/wp-content\/uploads\/2025\/02\/Imagem-do-WhatsApp-de-2025-02-21-as-15.25.37_82d2dc73-768x575.jpg 768w, https:\/\/pc.sc.gov.br\/\/wp-content\/uploads\/2025\/02\/Imagem-do-WhatsApp-de-2025-02-21-as-15.25.37_82d2dc73-300x224.jpg 300w, https:\/\/pc.sc.gov.br\/\/wp-content\/uploads\/2025\/02\/Imagem-do-WhatsApp-de-2025-02-21-as-15.25.37_82d2dc73-1024x766.jpg 1024w, https:\/\/pc.sc.gov.br\/\/wp-content\/uploads\/2025\/02\/Imagem-do-WhatsApp-de-2025-02-21-as-15.25.37_82d2dc73.jpg 1160w\" sizes=\"(max-width: 696px) 100vw, 696px\" \/>\t\t\t\t\t\t\t\t\t\t\t\t\t\t\t<\/div>\n\t\t\t\t<\/div>\n\t\t\t\t\t<\/div>\n\t\t<\/div>\n\t\t\t\t\t<\/div>\n\t\t<\/section>\n\t\t\t\t<section class=\"elementor-section elementor-top-section elementor-element elementor-element-c47917a elementor-section-boxed elementor-section-height-default elementor-section-height-default\" data-id=\"c47917a\" data-element_type=\"section\">\n\t\t\t\t\t\t<div class=\"elementor-container elementor-column-gap-default\">\n\t\t\t\t\t<div class=\"elementor-column elementor-col-100 elementor-top-column elementor-element elementor-element-1f42bbb\" data-id=\"1f42bbb\" data-element_type=\"column\">\n\t\t\t<div class=\"elementor-widget-wrap elementor-element-populated\">\n\t\t\t\t\t\t<div class=\"elementor-element elementor-element-e90f863 elementor-widget elementor-widget-text-editor\" data-id=\"e90f863\" data-element_type=\"widget\" data-widget_type=\"text-editor.default\">\n\t\t\t\t<div class=\"elementor-widget-container\">\n\t\t\t\t\t\t\t\t\t<p>A Pol\u00edcia Civil de Santa Catarina, por meio da Delegacia de Repress\u00e3o \u00e0s Drogas (DRD\/DEIC) em conjunto com a Delegacia de Investiga\u00e7\u00e3o Criminal (DIC) de Brusque, participou de uma megaopera\u00e7\u00e3o de combate ao tr\u00e1fico de drogas liderada pela Pol\u00edcia Civil da Bahia na manh\u00e3 desta quinta-feira (20). A a\u00e7\u00e3o movimentou as delegacias especializadas de combate ao narcotr\u00e1fico de oito Estados da Federa\u00e7\u00e3o (Bahia, Rio de Janeiro, S\u00e3o Paulo, Santa Catarina, Rond\u00f4nia, Esp\u00edrito Santo, Paran\u00e1 e Sergipe).<\/p><p>O objetivo da opera\u00e7\u00e3o \u00e9 desarticular uma fac\u00e7\u00e3o envolvida com tr\u00e1fico de drogas e armas, homic\u00eddios, roubos, corrup\u00e7\u00e3o de menores e lavagem de dinheiro. A investiga\u00e7\u00e3o identificou movimenta\u00e7\u00f5es de aproximadamente R$ 80 milh\u00f5es em contas banc\u00e1rias de integrantes do grupo criminoso.<\/p><p>At\u00e9 o momento, equipes da Pol\u00edcia Civil da Bahia, com apoio das For\u00e7as de Seguran\u00e7a dos outros estados, capturaram 47 integrantes da fac\u00e7\u00e3o nas cidades baianas de Itabuna, Ilh\u00e9us e Camacan, al\u00e9m de criminosos nos estados do Rio de Janeiro, S\u00e3o Paulo, Santa Catarina e Rond\u00f4nia. Armas, drogas e dinheiro foram apreendidos.<\/p><p>Em Santa Catarina, foram cumpridos no munic\u00edpio de Brusque um mandado de busca e apreens\u00e3o e um mandado de pris\u00e3o tempor\u00e1ria em desfavor de uma mulher traficante e suspeita de ser respons\u00e1vel por lavar dinheiro para o grupo criminoso.<\/p>\t\t\t\t\t\t\t\t<\/div>\n\t\t\t\t<\/div>\n\t\t\t\t\t<\/div>\n\t\t<\/div>\n\t\t\t\t\t<\/div>\n\t\t<\/section>\n\t\t\t\t<\/div>\n\t\t","protected":false},"excerpt":{"rendered":"<p>Opera\u00e7\u00e3o \u201cPetrus\u201d: PCSC participa da megaopera\u00e7\u00e3o interestadual para desarticular grupo envolvido com tr\u00e1fico de drogas e armas A Pol\u00edcia Civil de Santa Catarina, por meio da Delegacia de Repress\u00e3o \u00e0s Drogas (DRD\/DEIC) em conjunto com a Delegacia de Investiga\u00e7\u00e3o Criminal (DIC) de Brusque, participou de uma megaopera\u00e7\u00e3o de combate ao tr\u00e1fico de drogas liderada pela [&hellip;]<\/p>\n","protected":false},"author":5,"featured_media":26823,"comment_status":"closed","ping_status":"open","sticky":false,"template":"","format":"standard","meta":{"_monsterinsights_skip_tracking":false,"_monsterinsights_sitenote_active":false,"_monsterinsights_sitenote_note":"","_monsterinsights_sitenote_category":0,"footnotes":""},"categories":[1],"tags":[],"class_list":["post-26822","post","type-post","status-publish","format-standard","has-post-thumbnail","hentry","category-sem-categoria"],"_links":{"self":[{"href":"https:\/\/pc.sc.gov.br\/index.php?rest_route=\/wp\/v2\/posts\/26822","targetHints":{"allow":["GET"]}}],"collection":[{"href":"https:\/\/pc.sc.gov.br\/index.php?rest_route=\/wp\/v2\/posts"}],"about":[{"href":"https:\/\/pc.sc.gov.br\/index.php?rest_route=\/wp\/v2\/types\/post"}],"author":[{"embeddable":true,"href":"https:\/\/pc.sc.gov.br\/index.php?rest_route=\/wp\/v2\/users\/5"}],"replies":[{"embeddable":true,"href":"https:\/\/pc.sc.gov.br\/index.php?rest_route=%2Fwp%2Fv2%2Fcomments&post=26822"}],"version-history":[{"count":4,"href":"https:\/\/pc.sc.gov.br\/index.php?rest_route=\/wp\/v2\/posts\/26822\/revisions"}],"predecessor-version":[{"id":26827,"href":"https:\/\/pc.sc.gov.br\/index.php?rest_route=\/wp\/v2\/posts\/26822\/revisions\/26827"}],"wp:featuredmedia":[{"embeddable":true,"href":"https:\/\/pc.sc.gov.br\/index.php?rest_route=\/wp\/v2\/media\/26823"}],"wp:attachment":[{"href":"https:\/\/pc.sc.gov.br\/index.php?rest_route=%2Fwp%2Fv2%2Fmedia&parent=26822"}],"wp:term":[{"taxonomy":"category","embeddable":true,"href":"https:\/\/pc.sc.gov.br\/index.php?rest_route=%2Fwp%2Fv2%2Fcategories&post=26822"},{"taxonomy":"post_tag","embeddable":true,"href":"https:\/\/pc.sc.gov.br\/index.php?rest_route=%2Fwp%2Fv2%2Ftags&post=26822"}],"curies":[{"name":"wp","href":"https:\/\/api.w.org\/{rel}","templated":true}]}}