{"id":26829,"date":"2025-02-21T16:05:21","date_gmt":"2025-02-21T19:05:21","guid":{"rendered":"https:\/\/pc.sc.gov.br\/?p=26829"},"modified":"2025-02-21T16:06:31","modified_gmt":"2025-02-21T19:06:31","slug":"delegacia-de-capturas-da-deic-localiza-e-prende-na-capital-homem-condenado-pelo-crime-de-estupro-de-vulneravel","status":"publish","type":"post","link":"https:\/\/pc.sc.gov.br\/?p=26829","title":{"rendered":"Delegacia de Capturas da DEIC localiza e prende na Capital homem condenado pelo crime de estupro de vulner\u00e1vel"},"content":{"rendered":"\t\t<div data-elementor-type=\"wp-post\" data-elementor-id=\"26829\" class=\"elementor elementor-26829\" data-elementor-post-type=\"post\">\n\t\t\t\t\t\t<section class=\"elementor-section elementor-top-section elementor-element elementor-element-8749048 elementor-section-boxed elementor-section-height-default elementor-section-height-default\" data-id=\"8749048\" data-element_type=\"section\">\n\t\t\t\t\t\t<div class=\"elementor-container elementor-column-gap-default\">\n\t\t\t\t\t<div class=\"elementor-column elementor-col-100 elementor-top-column elementor-element elementor-element-c84a3ec\" data-id=\"c84a3ec\" data-element_type=\"column\">\n\t\t\t<div class=\"elementor-widget-wrap elementor-element-populated\">\n\t\t\t\t\t\t<div class=\"elementor-element elementor-element-eb5e727 elementor-widget elementor-widget-heading\" data-id=\"eb5e727\" data-element_type=\"widget\" data-widget_type=\"heading.default\">\n\t\t\t\t<div class=\"elementor-widget-container\">\n\t\t\t\t\t<h2 class=\"elementor-heading-title elementor-size-default\">Delegacia de Capturas da DEIC localiza e prende na Capital homem condenado pelo crime de estupro de vulner\u00e1vel<\/h2>\t\t\t\t<\/div>\n\t\t\t\t<\/div>\n\t\t\t\t\t<\/div>\n\t\t<\/div>\n\t\t\t\t\t<\/div>\n\t\t<\/section>\n\t\t\t\t<section class=\"elementor-section elementor-top-section elementor-element elementor-element-3e61f19 elementor-section-boxed elementor-section-height-default elementor-section-height-default\" data-id=\"3e61f19\" data-element_type=\"section\">\n\t\t\t\t\t\t<div class=\"elementor-container elementor-column-gap-default\">\n\t\t\t\t\t<div class=\"elementor-column elementor-col-100 elementor-top-column elementor-element elementor-element-56953ce\" data-id=\"56953ce\" data-element_type=\"column\">\n\t\t\t<div class=\"elementor-widget-wrap elementor-element-populated\">\n\t\t\t\t\t\t<div class=\"elementor-element elementor-element-361a378 elementor-widget elementor-widget-image\" data-id=\"361a378\" data-element_type=\"widget\" data-widget_type=\"image.default\">\n\t\t\t\t<div class=\"elementor-widget-container\">\n\t\t\t\t\t\t\t\t\t\t\t\t\t\t\t<img fetchpriority=\"high\" decoding=\"async\" width=\"696\" height=\"696\" src=\"https:\/\/pc.sc.gov.br\/\/wp-content\/uploads\/2025\/02\/DECAP-DEIC.jpg\" class=\"attachment-medium_large size-medium_large wp-image-26728\" alt=\"\" srcset=\"https:\/\/pc.sc.gov.br\/\/wp-content\/uploads\/2025\/02\/DECAP-DEIC.jpg 768w, https:\/\/pc.sc.gov.br\/\/wp-content\/uploads\/2025\/02\/DECAP-DEIC-300x300.jpg 300w, https:\/\/pc.sc.gov.br\/\/wp-content\/uploads\/2025\/02\/DECAP-DEIC-150x150.jpg 150w\" sizes=\"(max-width: 696px) 100vw, 696px\" \/>\t\t\t\t\t\t\t\t\t\t\t\t\t\t\t<\/div>\n\t\t\t\t<\/div>\n\t\t\t\t\t<\/div>\n\t\t<\/div>\n\t\t\t\t\t<\/div>\n\t\t<\/section>\n\t\t\t\t<section class=\"elementor-section elementor-top-section elementor-element elementor-element-7057899 elementor-section-boxed elementor-section-height-default elementor-section-height-default\" data-id=\"7057899\" data-element_type=\"section\">\n\t\t\t\t\t\t<div class=\"elementor-container elementor-column-gap-default\">\n\t\t\t\t\t<div class=\"elementor-column elementor-col-100 elementor-top-column elementor-element elementor-element-1b4f166\" data-id=\"1b4f166\" data-element_type=\"column\">\n\t\t\t<div class=\"elementor-widget-wrap elementor-element-populated\">\n\t\t\t\t\t\t<div class=\"elementor-element elementor-element-e45a2cc elementor-widget elementor-widget-text-editor\" data-id=\"e45a2cc\" data-element_type=\"widget\" data-widget_type=\"text-editor.default\">\n\t\t\t\t<div class=\"elementor-widget-container\">\n\t\t\t\t\t\t\t\t\t<p>A Pol\u00edcia Civil de Santa Catarina, por meio da Delegacia de Capturas (DECAP\/DEIC) cumpriu nesta sexta-feira (21) mandado de pris\u00e3o na Capital por condena\u00e7\u00e3o transitada em julgado oriundo da Primeira Vara Criminal da Comarca da Capital-TJSC, pelo crime previsto na lei 2848, Art. 217A do CP.<\/p><p>Ap\u00f3s ter ci\u00eancia do referido mandado, os policiais da DECAP\/DEIC deram in\u00edcio \u00e0s dilig\u00eancias para localizar o paradeiro do condenado, o qual foi localizado no bairro Agron\u00f4mica.<\/p><p>A DECAP\/DEIC refor\u00e7a seu compromisso em prol da seguran\u00e7a da sociedade catarinense e se compromete com as demais unidades policiais do Estado no aux\u00edlio \u00e0 captura de foragidos atrav\u00e9s do aplicativo INTEGRA no link https:\/\/integra.pc.sc.gov.br\/sistemas\/foragidos\u00a0<\/p><p>Den\u00fancias e informa\u00e7\u00f5es relacionadas a foragidos da justi\u00e7a podem ser encaminhadas para o e-mail deic-capturas@pc.sc.gov.br, sendo garantido o anonimato.<\/p>\t\t\t\t\t\t\t\t<\/div>\n\t\t\t\t<\/div>\n\t\t\t\t\t<\/div>\n\t\t<\/div>\n\t\t\t\t\t<\/div>\n\t\t<\/section>\n\t\t\t\t<\/div>\n\t\t","protected":false},"excerpt":{"rendered":"<p>Delegacia de Capturas da DEIC localiza e prende na Capital homem condenado pelo crime de estupro de vulner\u00e1vel A Pol\u00edcia Civil de Santa Catarina, por meio da Delegacia de Capturas (DECAP\/DEIC) cumpriu nesta sexta-feira (21) mandado de pris\u00e3o na Capital por condena\u00e7\u00e3o transitada em julgado oriundo da Primeira Vara Criminal da Comarca da Capital-TJSC, pelo [&hellip;]<\/p>\n","protected":false},"author":5,"featured_media":26728,"comment_status":"closed","ping_status":"open","sticky":false,"template":"","format":"standard","meta":{"_monsterinsights_skip_tracking":false,"_monsterinsights_sitenote_active":false,"_monsterinsights_sitenote_note":"","_monsterinsights_sitenote_category":0,"footnotes":""},"categories":[1],"tags":[],"class_list":["post-26829","post","type-post","status-publish","format-standard","has-post-thumbnail","hentry","category-sem-categoria"],"_links":{"self":[{"href":"https:\/\/pc.sc.gov.br\/index.php?rest_route=\/wp\/v2\/posts\/26829","targetHints":{"allow":["GET"]}}],"collection":[{"href":"https:\/\/pc.sc.gov.br\/index.php?rest_route=\/wp\/v2\/posts"}],"about":[{"href":"https:\/\/pc.sc.gov.br\/index.php?rest_route=\/wp\/v2\/types\/post"}],"author":[{"embeddable":true,"href":"https:\/\/pc.sc.gov.br\/index.php?rest_route=\/wp\/v2\/users\/5"}],"replies":[{"embeddable":true,"href":"https:\/\/pc.sc.gov.br\/index.php?rest_route=%2Fwp%2Fv2%2Fcomments&post=26829"}],"version-history":[{"count":4,"href":"https:\/\/pc.sc.gov.br\/index.php?rest_route=\/wp\/v2\/posts\/26829\/revisions"}],"predecessor-version":[{"id":26833,"href":"https:\/\/pc.sc.gov.br\/index.php?rest_route=\/wp\/v2\/posts\/26829\/revisions\/26833"}],"wp:featuredmedia":[{"embeddable":true,"href":"https:\/\/pc.sc.gov.br\/index.php?rest_route=\/wp\/v2\/media\/26728"}],"wp:attachment":[{"href":"https:\/\/pc.sc.gov.br\/index.php?rest_route=%2Fwp%2Fv2%2Fmedia&parent=26829"}],"wp:term":[{"taxonomy":"category","embeddable":true,"href":"https:\/\/pc.sc.gov.br\/index.php?rest_route=%2Fwp%2Fv2%2Fcategories&post=26829"},{"taxonomy":"post_tag","embeddable":true,"href":"https:\/\/pc.sc.gov.br\/index.php?rest_route=%2Fwp%2Fv2%2Ftags&post=26829"}],"curies":[{"name":"wp","href":"https:\/\/api.w.org\/{rel}","templated":true}]}}