{"id":26834,"date":"2025-02-21T17:13:56","date_gmt":"2025-02-21T20:13:56","guid":{"rendered":"https:\/\/pc.sc.gov.br\/?p=26834"},"modified":"2025-02-21T17:15:32","modified_gmt":"2025-02-21T20:15:32","slug":"no-sul-do-estado-forca-integrada-de-combate-ao-crime-organizado-prende-duas-pessoas-transportando-53-quilos-de-cocaina","status":"publish","type":"post","link":"https:\/\/pc.sc.gov.br\/?p=26834","title":{"rendered":"No Sul do estado, For\u00e7a Integrada de Combate ao Crime Organizado prende duas pessoas transportando 53 quilos de coca\u00edna"},"content":{"rendered":"\t\t<div data-elementor-type=\"wp-post\" data-elementor-id=\"26834\" class=\"elementor elementor-26834\" data-elementor-post-type=\"post\">\n\t\t\t\t\t\t<section class=\"elementor-section elementor-top-section elementor-element elementor-element-6875524 elementor-section-boxed elementor-section-height-default elementor-section-height-default\" data-id=\"6875524\" data-element_type=\"section\">\n\t\t\t\t\t\t<div class=\"elementor-container elementor-column-gap-default\">\n\t\t\t\t\t<div class=\"elementor-column elementor-col-100 elementor-top-column elementor-element elementor-element-7a4ad59\" data-id=\"7a4ad59\" data-element_type=\"column\">\n\t\t\t<div class=\"elementor-widget-wrap elementor-element-populated\">\n\t\t\t\t\t\t<div class=\"elementor-element elementor-element-c9d538d elementor-widget elementor-widget-heading\" data-id=\"c9d538d\" data-element_type=\"widget\" data-widget_type=\"heading.default\">\n\t\t\t\t<div class=\"elementor-widget-container\">\n\t\t\t\t\t<h2 class=\"elementor-heading-title elementor-size-default\">No Sul do estado, For\u00e7a Integrada de Combate ao Crime Organizado prende duas pessoas transportando 53 quilos de coca\u00edna<\/h2>\t\t\t\t<\/div>\n\t\t\t\t<\/div>\n\t\t\t\t\t<\/div>\n\t\t<\/div>\n\t\t\t\t\t<\/div>\n\t\t<\/section>\n\t\t\t\t<section class=\"elementor-section elementor-top-section elementor-element elementor-element-7c4a8d7 elementor-section-boxed elementor-section-height-default elementor-section-height-default\" data-id=\"7c4a8d7\" data-element_type=\"section\">\n\t\t\t\t\t\t<div class=\"elementor-container elementor-column-gap-default\">\n\t\t\t\t\t<div class=\"elementor-column elementor-col-100 elementor-top-column elementor-element elementor-element-238d76a\" data-id=\"238d76a\" data-element_type=\"column\">\n\t\t\t<div class=\"elementor-widget-wrap elementor-element-populated\">\n\t\t\t\t\t\t<div class=\"elementor-element elementor-element-7cfea5a elementor-widget elementor-widget-image\" data-id=\"7cfea5a\" data-element_type=\"widget\" data-widget_type=\"image.default\">\n\t\t\t\t<div class=\"elementor-widget-container\">\n\t\t\t\t\t\t\t\t\t\t\t\t\t\t\t<img fetchpriority=\"high\" decoding=\"async\" width=\"566\" height=\"460\" src=\"https:\/\/pc.sc.gov.br\/\/wp-content\/uploads\/2025\/02\/FICCCCO.jpg\" class=\"attachment-large size-large wp-image-26835\" alt=\"\" srcset=\"https:\/\/pc.sc.gov.br\/\/wp-content\/uploads\/2025\/02\/FICCCCO.jpg 566w, https:\/\/pc.sc.gov.br\/\/wp-content\/uploads\/2025\/02\/FICCCCO-300x244.jpg 300w\" sizes=\"(max-width: 566px) 100vw, 566px\" \/>\t\t\t\t\t\t\t\t\t\t\t\t\t\t\t<\/div>\n\t\t\t\t<\/div>\n\t\t\t\t\t<\/div>\n\t\t<\/div>\n\t\t\t\t\t<\/div>\n\t\t<\/section>\n\t\t\t\t<section class=\"elementor-section elementor-top-section elementor-element elementor-element-b13b76e elementor-section-boxed elementor-section-height-default elementor-section-height-default\" data-id=\"b13b76e\" data-element_type=\"section\">\n\t\t\t\t\t\t<div class=\"elementor-container elementor-column-gap-default\">\n\t\t\t\t\t<div class=\"elementor-column elementor-col-100 elementor-top-column elementor-element elementor-element-4efb49c\" data-id=\"4efb49c\" data-element_type=\"column\">\n\t\t\t<div class=\"elementor-widget-wrap elementor-element-populated\">\n\t\t\t\t\t\t<div class=\"elementor-element elementor-element-3717287 elementor-widget elementor-widget-text-editor\" data-id=\"3717287\" data-element_type=\"widget\" data-widget_type=\"text-editor.default\">\n\t\t\t\t<div class=\"elementor-widget-container\">\n\t\t\t\t\t\t\t\t\t<p>A For\u00e7a Integrada de Combate ao Crime Organizado de Santa Catarina (FICCO\/SC) prendeu duas pessoas e apreendeu 53 quilos de coca\u00edna, nesta sexta-feira (21\/2). A droga estava sendo transportada na cabine de uma carreta, que foi interceptada na BR-101, nas proximidades do posto da Pol\u00edcia Rodovi\u00e1ria Federal em Tubar\u00e3o\/SC.<\/p>\n<p>O motorista da carreta desobedeceu a ordem de parada da pol\u00edcia e tentou fugir. Diversas for\u00e7as de seguran\u00e7a, incluindo a Pol\u00edcia Militar, o SAER Sul da PCSC e c\u00e3es farejadores da Secretaria de Justi\u00e7a e Reintegra\u00e7\u00e3o Social foram mobilizadas para capturar o suspeito.<\/p>\n<p>Ap\u00f3s algumas horas de buscas, um segundo motorista, que atuava como batedor da carreta apreendida, retornou ao local na tentativa de resgatar o indiv\u00edduo. No entanto, ambos foram capturados.&nbsp;<\/p>\n<p>Diante dos fatos, os suspeitos, a droga e a carreta foram encaminhados para a Delegacia de Pol\u00edcia Federal em Crici\u00fama\/SC, onde as investiga\u00e7\u00f5es ter\u00e3o continuidade.&nbsp;<\/p>\n<p><i>** Com informa\u00e7\u00f5es assessoria de Comunica\u00e7\u00e3o Social da\u202fPol\u00edcia Federal em\u202fCrici\u00fama\/SC\u202f\u202f<\/i><\/p>\t\t\t\t\t\t\t\t<\/div>\n\t\t\t\t<\/div>\n\t\t\t\t\t<\/div>\n\t\t<\/div>\n\t\t\t\t\t<\/div>\n\t\t<\/section>\n\t\t\t\t<\/div>\n\t\t","protected":false},"excerpt":{"rendered":"<p>No Sul do estado, For\u00e7a Integrada de Combate ao Crime Organizado prende duas pessoas transportando 53 quilos de coca\u00edna A For\u00e7a Integrada de Combate ao Crime Organizado de Santa Catarina (FICCO\/SC) prendeu duas pessoas e apreendeu 53 quilos de coca\u00edna, nesta sexta-feira (21\/2). A droga estava sendo transportada na cabine de uma carreta, que foi [&hellip;]<\/p>\n","protected":false},"author":5,"featured_media":26835,"comment_status":"closed","ping_status":"open","sticky":false,"template":"","format":"standard","meta":{"_monsterinsights_skip_tracking":false,"_monsterinsights_sitenote_active":false,"_monsterinsights_sitenote_note":"","_monsterinsights_sitenote_category":0,"footnotes":""},"categories":[1],"tags":[],"class_list":["post-26834","post","type-post","status-publish","format-standard","has-post-thumbnail","hentry","category-sem-categoria"],"_links":{"self":[{"href":"https:\/\/pc.sc.gov.br\/index.php?rest_route=\/wp\/v2\/posts\/26834","targetHints":{"allow":["GET"]}}],"collection":[{"href":"https:\/\/pc.sc.gov.br\/index.php?rest_route=\/wp\/v2\/posts"}],"about":[{"href":"https:\/\/pc.sc.gov.br\/index.php?rest_route=\/wp\/v2\/types\/post"}],"author":[{"embeddable":true,"href":"https:\/\/pc.sc.gov.br\/index.php?rest_route=\/wp\/v2\/users\/5"}],"replies":[{"embeddable":true,"href":"https:\/\/pc.sc.gov.br\/index.php?rest_route=%2Fwp%2Fv2%2Fcomments&post=26834"}],"version-history":[{"count":4,"href":"https:\/\/pc.sc.gov.br\/index.php?rest_route=\/wp\/v2\/posts\/26834\/revisions"}],"predecessor-version":[{"id":26839,"href":"https:\/\/pc.sc.gov.br\/index.php?rest_route=\/wp\/v2\/posts\/26834\/revisions\/26839"}],"wp:featuredmedia":[{"embeddable":true,"href":"https:\/\/pc.sc.gov.br\/index.php?rest_route=\/wp\/v2\/media\/26835"}],"wp:attachment":[{"href":"https:\/\/pc.sc.gov.br\/index.php?rest_route=%2Fwp%2Fv2%2Fmedia&parent=26834"}],"wp:term":[{"taxonomy":"category","embeddable":true,"href":"https:\/\/pc.sc.gov.br\/index.php?rest_route=%2Fwp%2Fv2%2Fcategories&post=26834"},{"taxonomy":"post_tag","embeddable":true,"href":"https:\/\/pc.sc.gov.br\/index.php?rest_route=%2Fwp%2Fv2%2Ftags&post=26834"}],"curies":[{"name":"wp","href":"https:\/\/api.w.org\/{rel}","templated":true}]}}