{"id":26844,"date":"2025-02-24T16:24:43","date_gmt":"2025-02-24T19:24:43","guid":{"rendered":"https:\/\/pc.sc.gov.br\/?p=26844"},"modified":"2025-02-24T16:28:46","modified_gmt":"2025-02-24T19:28:46","slug":"pcsc-prende-autor-de-feminicidio-utal-ocorrido-em-chapeco","status":"publish","type":"post","link":"https:\/\/pc.sc.gov.br\/?p=26844","title":{"rendered":"PCSC prende autor de feminic\u00eddio ocorrido em Chapec\u00f3"},"content":{"rendered":"\t\t<div data-elementor-type=\"wp-post\" data-elementor-id=\"26844\" class=\"elementor elementor-26844\" data-elementor-post-type=\"post\">\n\t\t\t\t\t\t<section class=\"elementor-section elementor-top-section elementor-element elementor-element-9731f54 elementor-section-boxed elementor-section-height-default elementor-section-height-default\" data-id=\"9731f54\" data-element_type=\"section\">\n\t\t\t\t\t\t<div class=\"elementor-container elementor-column-gap-default\">\n\t\t\t\t\t<div class=\"elementor-column elementor-col-100 elementor-top-column elementor-element elementor-element-b3bec20\" data-id=\"b3bec20\" data-element_type=\"column\">\n\t\t\t<div class=\"elementor-widget-wrap elementor-element-populated\">\n\t\t\t\t\t\t<div class=\"elementor-element elementor-element-d24c53d elementor-widget elementor-widget-heading\" data-id=\"d24c53d\" data-element_type=\"widget\" data-widget_type=\"heading.default\">\n\t\t\t\t<div class=\"elementor-widget-container\">\n\t\t\t\t\t<h2 class=\"elementor-heading-title elementor-size-default\">PCSC prende autor de feminic\u00eddio ocorrido em Chapec\u00f3<\/h2>\t\t\t\t<\/div>\n\t\t\t\t<\/div>\n\t\t\t\t\t<\/div>\n\t\t<\/div>\n\t\t\t\t\t<\/div>\n\t\t<\/section>\n\t\t\t\t<section class=\"elementor-section elementor-top-section elementor-element elementor-element-2b5c1ec elementor-section-boxed elementor-section-height-default elementor-section-height-default\" data-id=\"2b5c1ec\" data-element_type=\"section\">\n\t\t\t\t\t\t<div class=\"elementor-container elementor-column-gap-default\">\n\t\t\t\t\t<div class=\"elementor-column elementor-col-100 elementor-top-column elementor-element elementor-element-6892bb3\" data-id=\"6892bb3\" data-element_type=\"column\">\n\t\t\t<div class=\"elementor-widget-wrap elementor-element-populated\">\n\t\t\t\t\t\t<div class=\"elementor-element elementor-element-eca922d elementor-widget elementor-widget-image\" data-id=\"eca922d\" data-element_type=\"widget\" data-widget_type=\"image.default\">\n\t\t\t\t<div class=\"elementor-widget-container\">\n\t\t\t\t\t\t\t\t\t\t\t\t\t\t\t<img fetchpriority=\"high\" decoding=\"async\" width=\"696\" height=\"522\" src=\"https:\/\/pc.sc.gov.br\/\/wp-content\/uploads\/2025\/02\/PCSC-PADRAO.jpg\" class=\"attachment-large size-large wp-image-26591\" alt=\"\" srcset=\"https:\/\/pc.sc.gov.br\/\/wp-content\/uploads\/2025\/02\/PCSC-PADRAO.jpg 768w, https:\/\/pc.sc.gov.br\/\/wp-content\/uploads\/2025\/02\/PCSC-PADRAO-300x225.jpg 300w\" sizes=\"(max-width: 696px) 100vw, 696px\" \/>\t\t\t\t\t\t\t\t\t\t\t\t\t\t\t<\/div>\n\t\t\t\t<\/div>\n\t\t\t\t\t<\/div>\n\t\t<\/div>\n\t\t\t\t\t<\/div>\n\t\t<\/section>\n\t\t\t\t<section class=\"elementor-section elementor-top-section elementor-element elementor-element-3c030f7 elementor-section-boxed elementor-section-height-default elementor-section-height-default\" data-id=\"3c030f7\" data-element_type=\"section\">\n\t\t\t\t\t\t<div class=\"elementor-container elementor-column-gap-default\">\n\t\t\t\t\t<div class=\"elementor-column elementor-col-100 elementor-top-column elementor-element elementor-element-4201f29\" data-id=\"4201f29\" data-element_type=\"column\">\n\t\t\t<div class=\"elementor-widget-wrap elementor-element-populated\">\n\t\t\t\t\t\t<div class=\"elementor-element elementor-element-ee18b12 elementor-widget elementor-widget-text-editor\" data-id=\"ee18b12\" data-element_type=\"widget\" data-widget_type=\"text-editor.default\">\n\t\t\t\t<div class=\"elementor-widget-container\">\n\t\t\t\t\t\t\t\t\t<p>A Pol\u00edcia Civil de Santa Catarina, por meio do Departamento de Investigac\u0327a\u0303o Criminal (DIC) de Chapeco\u0301, informa que, por volta do meio dia desta segunda-feira (24) apo\u0301s 37 horas consecutivas de buscas realizadas pela equipe do DIC, o autor do feminic\u00eddio ocorrido na noite de s\u00e1bado (22) no apartamento da v\u00edtima que morava com sua irm\u00e3 e suas duas sobrinhas, no bairro Vila Real, em Chapeco\u0301.<\/p>\n<p>Ele foi encontrado em uma a\u0301rea rural de Xanxere\u0302 conhecida como Peral dos Rosas, ocasia\u0303o em que foi preso pela equipe formada por policiais civis da Delegacia de Homici\u0301dios &#8211; DH de Chapeco\u0301, DPCo de Xanxere\u0302 e DPCo Xaxim. A ac\u0327a\u0303o ainda contou com o apoio de outros policiais do DIC de Chapeco\u0301 e com o SAER da Poli\u0301cia Civil, que emprego o helico\u0301ptero durante as buscas pela manha\u0303.<\/p>\n<p>Segundo a investigac\u0327a\u0303o, a vi\u0301tima conviveu em unia\u0303o esta\u0301vel com o autor por cerca de tre\u0302s anos e, no u\u0301ltimo dia 4 de fevereiro, optou por colocar fim no relacionamento amoroso. O ex-companheiro na\u0303o aceitou a resoluc\u0327a\u0303o e, ja\u0301 no dia 7 de fevereiro, passou a ameac\u0327ar a vi\u0301tima, a qual procurou a poli\u0301cia no dia 18 de fevereiro, registrou as ameac\u0327as em boletim de ocorre\u0302ncia e solicitou o deferimento de medidas protetivas de urge\u0302ncia.<\/p>\n<p>Apo\u0301s o encaminhamento do pedido pela Poli\u0301cia Civil, ainda no dia 18 de fevereiro foi expedida ordem judicial proibindo o autor de se aproximar da vi\u0301tima, do que ele foi notificado no mesmo dia.<\/p>\n<p>Ao saber das medidas, a vi\u0301tima chegou a encaminhar uma mensagem no grupo do condomi\u0301nio onde estava morando alertando os vizinhos acerca da situac\u0327a\u0303o, a fim de que lhe avisassem e jamais deixassem o agressor entrar no pre\u0301dio.<\/p>\n<p>Na noite de sa\u0301bado, entretanto, o autor invadiu o apartamento da vi\u0301tima, localizado no segundo andar do edifi\u0301cio, escalando pela parte e pelo toldo de protec\u0327a\u0303o do porta\u0303o de entrada. Apo\u0301s conseguir acesso ao apartamento, o autor sequestrou as duas sobrinhas da vi\u0301tima, duas meninas crianc\u0327as, uma de 3 e outra de 10 anos de idade.<\/p>\n<p>Com as meninas vi\u0301timas em seu domi\u0301nio, mediante ameac\u0327as na posse de arma de fogo, o autor trancou as crianc\u0327as em um quarto e obrigou a menina mais velha a mandar uma mensagem de texto para a tia, pedindo que voltasse para o apartamento.<\/p>\n<p>Ao receber a mensagem, acreditando ter sido enviada pela sobrinha, Samara imediatamente retornou ao local, tendo ingressado tranquilamente no pre\u0301dio a\u0300s 22:42h, sem suspeitar do que estava realmente acontecendo.&nbsp;<\/p>\n<p>Ao ingressar no apartamento, a vi\u0301tima foi surpreendida pelo autor, que lhe desferiu pelo menos 4 disparos com um revo\u0301lver, sendo ao menos um no rosto e os demais no to\u0301rax (ainda na\u0303o foi disponibilizado o laudo da necropsia para confirmar o nu\u0301mero total de disparos).<\/p>\n<p><span style=\"font-family: var( --e-global-typography-text-font-family ), Sans-serif; font-size: var( --e-global-typography-text-font-size );\">Os elementos de prova obtidos demonstram que dentre o ingresso da vi\u0301tima no pre\u0301dio e a fuga do autor, passou-se pouco mais de um minuto, o que evidencia que ela foi pega absolutamente de surpresa, de forma extremamente covarde, mediante emboscada.<\/span><\/p>\n<p>Apo\u0301s praticar os crimes narrados, o autor empreendeu fuga em direc\u0327a\u0303o a\u0300 regia\u0303o de Xanxere\u0302. A vi\u0301tima tinha 25 anos de idade, era natural de Xanxere\u0302 e deixa um filho menino de 10 anos de idade.<\/p>\n<p>O autor preso preventivamente tambe\u0301m era natural de Xanxere\u0302 e apresenta histo\u0301rico criminal com diversas priso\u0303es anteriores por crimes como ameac\u0327a, descumprimento de ordem judicial, falsa identidade, apropriac\u0327a\u0303o inde\u0301bita, furto e posse e porte ilegal de arma de fogo. O preso sera\u0301 encaminhado para exames e aguardara\u0301 a realizac\u0327a\u0303o de audie\u0302ncia de custo\u0301dia.<\/p>\n<div>&nbsp;<\/div>\t\t\t\t\t\t\t\t<\/div>\n\t\t\t\t<\/div>\n\t\t\t\t\t<\/div>\n\t\t<\/div>\n\t\t\t\t\t<\/div>\n\t\t<\/section>\n\t\t\t\t<\/div>\n\t\t","protected":false},"excerpt":{"rendered":"<p>PCSC prende autor de feminic\u00eddio ocorrido em Chapec\u00f3 A Pol\u00edcia Civil de Santa Catarina, por meio do Departamento de Investigac\u0327a\u0303o Criminal (DIC) de Chapeco\u0301, informa que, por volta do meio dia desta segunda-feira (24) apo\u0301s 37 horas consecutivas de buscas realizadas pela equipe do DIC, o autor do feminic\u00eddio ocorrido na noite de s\u00e1bado (22) [&hellip;]<\/p>\n","protected":false},"author":5,"featured_media":26555,"comment_status":"closed","ping_status":"open","sticky":false,"template":"","format":"standard","meta":{"_monsterinsights_skip_tracking":false,"_monsterinsights_sitenote_active":false,"_monsterinsights_sitenote_note":"","_monsterinsights_sitenote_category":0,"footnotes":""},"categories":[1],"tags":[],"class_list":["post-26844","post","type-post","status-publish","format-standard","has-post-thumbnail","hentry","category-sem-categoria"],"_links":{"self":[{"href":"https:\/\/pc.sc.gov.br\/index.php?rest_route=\/wp\/v2\/posts\/26844","targetHints":{"allow":["GET"]}}],"collection":[{"href":"https:\/\/pc.sc.gov.br\/index.php?rest_route=\/wp\/v2\/posts"}],"about":[{"href":"https:\/\/pc.sc.gov.br\/index.php?rest_route=\/wp\/v2\/types\/post"}],"author":[{"embeddable":true,"href":"https:\/\/pc.sc.gov.br\/index.php?rest_route=\/wp\/v2\/users\/5"}],"replies":[{"embeddable":true,"href":"https:\/\/pc.sc.gov.br\/index.php?rest_route=%2Fwp%2Fv2%2Fcomments&post=26844"}],"version-history":[{"count":4,"href":"https:\/\/pc.sc.gov.br\/index.php?rest_route=\/wp\/v2\/posts\/26844\/revisions"}],"predecessor-version":[{"id":26849,"href":"https:\/\/pc.sc.gov.br\/index.php?rest_route=\/wp\/v2\/posts\/26844\/revisions\/26849"}],"wp:featuredmedia":[{"embeddable":true,"href":"https:\/\/pc.sc.gov.br\/index.php?rest_route=\/wp\/v2\/media\/26555"}],"wp:attachment":[{"href":"https:\/\/pc.sc.gov.br\/index.php?rest_route=%2Fwp%2Fv2%2Fmedia&parent=26844"}],"wp:term":[{"taxonomy":"category","embeddable":true,"href":"https:\/\/pc.sc.gov.br\/index.php?rest_route=%2Fwp%2Fv2%2Fcategories&post=26844"},{"taxonomy":"post_tag","embeddable":true,"href":"https:\/\/pc.sc.gov.br\/index.php?rest_route=%2Fwp%2Fv2%2Ftags&post=26844"}],"curies":[{"name":"wp","href":"https:\/\/api.w.org\/{rel}","templated":true}]}}