{"id":26857,"date":"2025-02-25T14:24:26","date_gmt":"2025-02-25T17:24:26","guid":{"rendered":"https:\/\/pc.sc.gov.br\/?p=26857"},"modified":"2025-02-25T14:29:23","modified_gmt":"2025-02-25T17:29:23","slug":"pcsc-prende-suspeito-de-envolvimento-em-homicidio-ocorrido-na-area-central-de-balneario-gaivota","status":"publish","type":"post","link":"https:\/\/pc.sc.gov.br\/?p=26857","title":{"rendered":"PCSC prende suspeito de envolvimento em homic\u00eddio ocorrido na \u00e1rea central de Balne\u00e1rio Gaivota"},"content":{"rendered":"\t\t<div data-elementor-type=\"wp-post\" data-elementor-id=\"26857\" class=\"elementor elementor-26857\" data-elementor-post-type=\"post\">\n\t\t\t\t\t\t<section class=\"elementor-section elementor-top-section elementor-element elementor-element-b025dfb elementor-section-boxed elementor-section-height-default elementor-section-height-default\" data-id=\"b025dfb\" data-element_type=\"section\">\n\t\t\t\t\t\t<div class=\"elementor-container elementor-column-gap-default\">\n\t\t\t\t\t<div class=\"elementor-column elementor-col-100 elementor-top-column elementor-element elementor-element-6d57b6b\" data-id=\"6d57b6b\" data-element_type=\"column\">\n\t\t\t<div class=\"elementor-widget-wrap elementor-element-populated\">\n\t\t\t\t\t\t<div class=\"elementor-element elementor-element-a9f3163 elementor-widget elementor-widget-heading\" data-id=\"a9f3163\" data-element_type=\"widget\" data-widget_type=\"heading.default\">\n\t\t\t\t<div class=\"elementor-widget-container\">\n\t\t\t\t\t<h2 class=\"elementor-heading-title elementor-size-default\">PCSC prende suspeito de envolvimento em homic\u00eddio ocorrido na \u00e1rea central de Balne\u00e1rio Gaivota<\/h2>\t\t\t\t<\/div>\n\t\t\t\t<\/div>\n\t\t\t\t\t<\/div>\n\t\t<\/div>\n\t\t\t\t\t<\/div>\n\t\t<\/section>\n\t\t\t\t<section class=\"elementor-section elementor-top-section elementor-element elementor-element-71f91fb elementor-section-boxed elementor-section-height-default elementor-section-height-default\" data-id=\"71f91fb\" data-element_type=\"section\">\n\t\t\t\t\t\t<div class=\"elementor-container elementor-column-gap-default\">\n\t\t\t\t\t<div class=\"elementor-column elementor-col-100 elementor-top-column elementor-element elementor-element-f563b90\" data-id=\"f563b90\" data-element_type=\"column\">\n\t\t\t<div class=\"elementor-widget-wrap elementor-element-populated\">\n\t\t\t\t\t\t<div class=\"elementor-element elementor-element-28db8a3 elementor-widget elementor-widget-image\" data-id=\"28db8a3\" data-element_type=\"widget\" data-widget_type=\"image.default\">\n\t\t\t\t<div class=\"elementor-widget-container\">\n\t\t\t\t\t\t\t\t\t\t\t\t\t\t\t<img fetchpriority=\"high\" decoding=\"async\" width=\"696\" height=\"392\" src=\"https:\/\/pc.sc.gov.br\/\/wp-content\/uploads\/2025\/02\/4a93e79d-8365-4696-ba0d-293aefcbd53c-fotor-20250225142430-1024x576.jpg\" class=\"attachment-large size-large wp-image-26858\" alt=\"\" srcset=\"https:\/\/pc.sc.gov.br\/\/wp-content\/uploads\/2025\/02\/4a93e79d-8365-4696-ba0d-293aefcbd53c-fotor-20250225142430-1024x576.jpg 1024w, https:\/\/pc.sc.gov.br\/\/wp-content\/uploads\/2025\/02\/4a93e79d-8365-4696-ba0d-293aefcbd53c-fotor-20250225142430-300x169.jpg 300w, https:\/\/pc.sc.gov.br\/\/wp-content\/uploads\/2025\/02\/4a93e79d-8365-4696-ba0d-293aefcbd53c-fotor-20250225142430-768x432.jpg 768w, https:\/\/pc.sc.gov.br\/\/wp-content\/uploads\/2025\/02\/4a93e79d-8365-4696-ba0d-293aefcbd53c-fotor-20250225142430.jpg 1280w\" sizes=\"(max-width: 696px) 100vw, 696px\" \/>\t\t\t\t\t\t\t\t\t\t\t\t\t\t\t<\/div>\n\t\t\t\t<\/div>\n\t\t\t\t\t<\/div>\n\t\t<\/div>\n\t\t\t\t\t<\/div>\n\t\t<\/section>\n\t\t\t\t<section class=\"elementor-section elementor-top-section elementor-element elementor-element-f5c47f9 elementor-section-boxed elementor-section-height-default elementor-section-height-default\" data-id=\"f5c47f9\" data-element_type=\"section\">\n\t\t\t\t\t\t<div class=\"elementor-container elementor-column-gap-default\">\n\t\t\t\t\t<div class=\"elementor-column elementor-col-100 elementor-top-column elementor-element elementor-element-ef4e3d0\" data-id=\"ef4e3d0\" data-element_type=\"column\">\n\t\t\t<div class=\"elementor-widget-wrap elementor-element-populated\">\n\t\t\t\t\t\t<div class=\"elementor-element elementor-element-fda34a7 elementor-widget elementor-widget-text-editor\" data-id=\"fda34a7\" data-element_type=\"widget\" data-widget_type=\"text-editor.default\">\n\t\t\t\t<div class=\"elementor-widget-container\">\n\t\t\t\t\t\t\t\t\t<p>A Pol\u00edcia Civil de Santa Catarina, por meio da Delegacia de Pol\u00edcia de Balne\u00e1rio Gaivota, cumpriu nesta ter\u00e7a-feira (25) dois mandados de busca e apreens\u00e3o em duas resid\u00eancias de suspeitos de envolvimento em um homic\u00eddio ocorrido no m\u00eas de janeiro. Na ocasi\u00e3o um homem foi morto durante uma briga generalizada, na regi\u00e3o central do munic\u00edpio.&nbsp;<\/p>\n<p>A opera\u00e7\u00e3o foi coordenada pelo delegado Lucas Fernandes da Rosa e, al\u00e9m do apoio de policiais de diferentes delegacias da 19\u00aa DRP, contou com apoio do N\u00facleo de Opera\u00e7\u00f5es com C\u00e3es (NOC) da PCSC.&nbsp;<span style=\"font-family: var( --e-global-typography-primary-font-family ), Sans-serif; font-size: var( --e-global-typography-primary-font-size ); font-weight: var( --e-global-typography-primary-font-weight ); letter-spacing: var( --e-global-typography-primary-letter-spacing );\">Durante as buscas, foram localizadas armas e muni\u00e7\u00f5es de uso restrito, al\u00e9m de mais de um quilo de maconha e a quantia de mais de cinco mil reais em dinheiro.<\/span><\/p>\n<p>Duas pessoas foram conduzidas \u00e0 Delegacia de Pol\u00edcia: um adolescente e um homem. Com rela\u00e7\u00e3o ao menor, foi lavrado um Boletim de Ocorr\u00eancia Circunstanciado (BOC) pelos atos infracionais an\u00e1logos aos crimes de posse de drogas para consumo pessoal e posse de muni\u00e7\u00e3o de uso restrito. J\u00e1 em rela\u00e7\u00e3o ao maior, foi lavrado um Auto de Pris\u00e3o em Flagrante (APF) pelos crimes de tr\u00e1fico de drogas e posse de arma de fogo de uso restrito com numera\u00e7\u00e3o suprimida, sendo este encaminhado \u00e0 audi\u00eancia de cust\u00f3dia. As investiga\u00e7\u00f5es prosseguem para o completo esclarecimento dos fatos.<\/p>\n<p><b>V\u00eddeo: delegado Lucas Fernandes.<\/b><\/p>\t\t\t\t\t\t\t\t<\/div>\n\t\t\t\t<\/div>\n\t\t\t\t\t<\/div>\n\t\t<\/div>\n\t\t\t\t\t<\/div>\n\t\t<\/section>\n\t\t\t\t<section class=\"elementor-section elementor-top-section elementor-element elementor-element-921d269 elementor-section-boxed elementor-section-height-default elementor-section-height-default\" data-id=\"921d269\" data-element_type=\"section\">\n\t\t\t\t\t\t<div class=\"elementor-container elementor-column-gap-default\">\n\t\t\t\t\t<div class=\"elementor-column elementor-col-100 elementor-top-column elementor-element elementor-element-a31f4c2\" data-id=\"a31f4c2\" data-element_type=\"column\">\n\t\t\t<div class=\"elementor-widget-wrap elementor-element-populated\">\n\t\t\t\t\t\t<div class=\"elementor-element elementor-element-536bc49 elementor-widget__width-initial elementor-widget elementor-widget-video\" data-id=\"536bc49\" data-element_type=\"widget\" data-settings=\"{&quot;video_type&quot;:&quot;hosted&quot;,&quot;controls&quot;:&quot;yes&quot;}\" data-widget_type=\"video.default\">\n\t\t\t\t<div class=\"elementor-widget-container\">\n\t\t\t\t\t\t\t<div class=\"e-hosted-video elementor-wrapper elementor-open-inline\">\n\t\t\t\t\t<video class=\"elementor-video\" src=\"https:\/\/pc.sc.gov.br\/wp-content\/uploads\/2025\/02\/WhatsApp-Video-2025-02-25-at-13.51.58.mp4\" controls=\"\" preload=\"metadata\" controlsList=\"nodownload\"><\/video>\n\t\t\t\t<\/div>\n\t\t\t\t\t\t<\/div>\n\t\t\t\t<\/div>\n\t\t\t\t\t<\/div>\n\t\t<\/div>\n\t\t\t\t\t<\/div>\n\t\t<\/section>\n\t\t\t\t<\/div>\n\t\t","protected":false},"excerpt":{"rendered":"<p>PCSC prende suspeito de envolvimento em homic\u00eddio ocorrido na \u00e1rea central de Balne\u00e1rio Gaivota A Pol\u00edcia Civil de Santa Catarina, por meio da Delegacia de Pol\u00edcia de Balne\u00e1rio Gaivota, cumpriu nesta ter\u00e7a-feira (25) dois mandados de busca e apreens\u00e3o em duas resid\u00eancias de suspeitos de envolvimento em um homic\u00eddio ocorrido no m\u00eas de janeiro. Na [&hellip;]<\/p>\n","protected":false},"author":5,"featured_media":26858,"comment_status":"closed","ping_status":"open","sticky":false,"template":"","format":"standard","meta":{"_monsterinsights_skip_tracking":false,"_monsterinsights_sitenote_active":false,"_monsterinsights_sitenote_note":"","_monsterinsights_sitenote_category":0,"footnotes":""},"categories":[1],"tags":[],"class_list":["post-26857","post","type-post","status-publish","format-standard","has-post-thumbnail","hentry","category-sem-categoria"],"_links":{"self":[{"href":"https:\/\/pc.sc.gov.br\/index.php?rest_route=\/wp\/v2\/posts\/26857","targetHints":{"allow":["GET"]}}],"collection":[{"href":"https:\/\/pc.sc.gov.br\/index.php?rest_route=\/wp\/v2\/posts"}],"about":[{"href":"https:\/\/pc.sc.gov.br\/index.php?rest_route=\/wp\/v2\/types\/post"}],"author":[{"embeddable":true,"href":"https:\/\/pc.sc.gov.br\/index.php?rest_route=\/wp\/v2\/users\/5"}],"replies":[{"embeddable":true,"href":"https:\/\/pc.sc.gov.br\/index.php?rest_route=%2Fwp%2Fv2%2Fcomments&post=26857"}],"version-history":[{"count":6,"href":"https:\/\/pc.sc.gov.br\/index.php?rest_route=\/wp\/v2\/posts\/26857\/revisions"}],"predecessor-version":[{"id":26865,"href":"https:\/\/pc.sc.gov.br\/index.php?rest_route=\/wp\/v2\/posts\/26857\/revisions\/26865"}],"wp:featuredmedia":[{"embeddable":true,"href":"https:\/\/pc.sc.gov.br\/index.php?rest_route=\/wp\/v2\/media\/26858"}],"wp:attachment":[{"href":"https:\/\/pc.sc.gov.br\/index.php?rest_route=%2Fwp%2Fv2%2Fmedia&parent=26857"}],"wp:term":[{"taxonomy":"category","embeddable":true,"href":"https:\/\/pc.sc.gov.br\/index.php?rest_route=%2Fwp%2Fv2%2Fcategories&post=26857"},{"taxonomy":"post_tag","embeddable":true,"href":"https:\/\/pc.sc.gov.br\/index.php?rest_route=%2Fwp%2Fv2%2Ftags&post=26857"}],"curies":[{"name":"wp","href":"https:\/\/api.w.org\/{rel}","templated":true}]}}