{"id":2693,"date":"2022-12-16T12:09:02","date_gmt":"2022-12-16T15:09:02","guid":{"rendered":"https:\/\/pc.sc.gov.br\/?p=2693"},"modified":"2022-12-16T12:13:14","modified_gmt":"2022-12-16T15:13:14","slug":"policia-civil-conclui-investigacao-sobre-fraudes-em-vistorias-de-veiculos-escolares","status":"publish","type":"post","link":"https:\/\/pc.sc.gov.br\/?p=2693","title":{"rendered":"Pol\u00edcia Civil conclui investiga\u00e7\u00e3o sobre fraudes em vistorias de ve\u00edculos escolares"},"content":{"rendered":"\t\t<div data-elementor-type=\"wp-post\" data-elementor-id=\"2693\" class=\"elementor elementor-2693\" data-elementor-post-type=\"post\">\n\t\t\t\t\t\t<section class=\"elementor-section elementor-top-section elementor-element elementor-element-ca3249c elementor-section-boxed elementor-section-height-default elementor-section-height-default\" data-id=\"ca3249c\" data-element_type=\"section\">\n\t\t\t\t\t\t<div class=\"elementor-container elementor-column-gap-default\">\n\t\t\t\t\t<div class=\"elementor-column elementor-col-100 elementor-top-column elementor-element elementor-element-e6eb709\" data-id=\"e6eb709\" data-element_type=\"column\">\n\t\t\t<div class=\"elementor-widget-wrap elementor-element-populated\">\n\t\t\t\t\t\t<div class=\"elementor-element elementor-element-33bc922 elementor-widget elementor-widget-heading\" data-id=\"33bc922\" data-element_type=\"widget\" data-widget_type=\"heading.default\">\n\t\t\t\t<div class=\"elementor-widget-container\">\n\t\t\t\t\t<h2 class=\"elementor-heading-title elementor-size-default\">Pol\u00edcia Civil conclui investiga\u00e7\u00e3o sobre fraudes em vistorias de ve\u00edculos escolares<\/h2>\t\t\t\t<\/div>\n\t\t\t\t<\/div>\n\t\t\t\t\t<\/div>\n\t\t<\/div>\n\t\t\t\t\t<\/div>\n\t\t<\/section>\n\t\t\t\t<section class=\"elementor-section elementor-top-section elementor-element elementor-element-d0a44cd elementor-section-boxed elementor-section-height-default elementor-section-height-default\" data-id=\"d0a44cd\" data-element_type=\"section\">\n\t\t\t\t\t\t<div class=\"elementor-container elementor-column-gap-default\">\n\t\t\t\t\t<div class=\"elementor-column elementor-col-100 elementor-top-column elementor-element elementor-element-9b03598\" data-id=\"9b03598\" data-element_type=\"column\">\n\t\t\t<div class=\"elementor-widget-wrap elementor-element-populated\">\n\t\t\t\t\t\t<div class=\"elementor-element elementor-element-2f0e675 elementor-widget elementor-widget-text-editor\" data-id=\"2f0e675\" data-element_type=\"widget\" data-widget_type=\"text-editor.default\">\n\t\t\t\t<div class=\"elementor-widget-container\">\n\t\t\t\t\t\t\t\t\t<p>A Pol\u00edcia Civil, atrav\u00e9s da 5\u00aa Delegacia de Pol\u00edcia Especializada no Combate \u00e0 Corrup\u00e7\u00e3o, concluiu uma investiga\u00e7\u00e3o sobre fraudes em vistorias de seguran\u00e7a em ve\u00edculos de transporte escolar. Ap\u00f3s oito meses de dilig\u00eancias, observou-se que empresa situada em Chapec\u00f3 especializada em vistorias de seguran\u00e7a em ve\u00edculos de transporte escolar na verdade emitia seus certificados sem qualquer an\u00e1lise dos autom\u00f3veis.<\/p><p>Os ve\u00edculos destinados ao transporte escolar devem ser periodicamente submetidos a testes de seguran\u00e7a e, se aprovados, s\u00e3o emitidos os devidos certificados de inspe\u00e7\u00e3o de seguran\u00e7a veicular (CISV). A investiga\u00e7\u00e3o demonstrou que a empresa investigada desde o in\u00edcio teria sido fundada com o \u00fanico objetivo de emitir fraudulentamente tais documentos, aprovando os ve\u00edculos sem qualquer an\u00e1lise, inclusive sequer possuindo espa\u00e7o f\u00edsico e instrumentos necess\u00e1rios para avaliar os itens de seguran\u00e7a dos autom\u00f3veis, colocando em risco crian\u00e7as e adolescentes que fazem uso do transporte escolar em diversos munic\u00edpios do Oeste de Santa Catarina.\u00a0<\/p><p>Foram localizados ind\u00edcios da exist\u00eancia de mais de cento e cinquenta laudos simulados confeccionados entre os anos de 2021 e 2022 para diversas empresas prestadoras de transporte escolar em munic\u00edpios da regi\u00e3o Oeste. O representante da empresa investigada foi indiciado por falsidade ideol\u00f3gica e atentado contra seguran\u00e7a de meio de transporte. A participa\u00e7\u00e3o de outras pessoas segue sendo investigada. O in\u00edcio das investiga\u00e7\u00f5es ocorreu em raz\u00e3o da troca de informa\u00e7\u00f5es entre a Pol\u00edcia Civil e o Minist\u00e9rio P\u00fablico.<\/p><p>\u00a0<\/p><p>\u00a0<\/p>\t\t\t\t\t\t\t\t<\/div>\n\t\t\t\t<\/div>\n\t\t\t\t\t<\/div>\n\t\t<\/div>\n\t\t\t\t\t<\/div>\n\t\t<\/section>\n\t\t\t\t<section class=\"elementor-section elementor-top-section elementor-element elementor-element-5ccd659 elementor-section-boxed elementor-section-height-default elementor-section-height-default\" data-id=\"5ccd659\" data-element_type=\"section\">\n\t\t\t\t\t\t<div class=\"elementor-container elementor-column-gap-default\">\n\t\t\t\t\t<div class=\"elementor-column elementor-col-100 elementor-top-column elementor-element elementor-element-c276804\" data-id=\"c276804\" data-element_type=\"column\">\n\t\t\t<div class=\"elementor-widget-wrap elementor-element-populated\">\n\t\t\t\t\t\t<div class=\"elementor-element elementor-element-05d0a52 elementor-widget elementor-widget-image\" data-id=\"05d0a52\" data-element_type=\"widget\" data-widget_type=\"image.default\">\n\t\t\t\t<div class=\"elementor-widget-container\">\n\t\t\t\t\t\t\t\t\t\t\t\t\t\t\t<img fetchpriority=\"high\" decoding=\"async\" width=\"696\" height=\"928\" src=\"https:\/\/pc.sc.gov.br\/\/wp-content\/uploads\/2022\/12\/WhatsApp-Image-2022-12-15-at-20.09.45-768x1024.jpeg\" class=\"attachment-large size-large wp-image-2694\" alt=\"\" srcset=\"https:\/\/pc.sc.gov.br\/\/wp-content\/uploads\/2022\/12\/WhatsApp-Image-2022-12-15-at-20.09.45-768x1024.jpeg 768w, https:\/\/pc.sc.gov.br\/\/wp-content\/uploads\/2022\/12\/WhatsApp-Image-2022-12-15-at-20.09.45-225x300.jpeg 225w, https:\/\/pc.sc.gov.br\/\/wp-content\/uploads\/2022\/12\/WhatsApp-Image-2022-12-15-at-20.09.45-1152x1536.jpeg 1152w, https:\/\/pc.sc.gov.br\/\/wp-content\/uploads\/2022\/12\/WhatsApp-Image-2022-12-15-at-20.09.45.jpeg 1200w\" sizes=\"(max-width: 696px) 100vw, 696px\" \/>\t\t\t\t\t\t\t\t\t\t\t\t\t\t\t<\/div>\n\t\t\t\t<\/div>\n\t\t\t\t\t<\/div>\n\t\t<\/div>\n\t\t\t\t\t<\/div>\n\t\t<\/section>\n\t\t\t\t<\/div>\n\t\t","protected":false},"excerpt":{"rendered":"<p>Pol\u00edcia Civil conclui investiga\u00e7\u00e3o sobre fraudes em vistorias de ve\u00edculos escolares A Pol\u00edcia Civil, atrav\u00e9s da 5\u00aa Delegacia de Pol\u00edcia Especializada no Combate \u00e0 Corrup\u00e7\u00e3o, concluiu uma investiga\u00e7\u00e3o sobre fraudes em vistorias de seguran\u00e7a em ve\u00edculos de transporte escolar. Ap\u00f3s oito meses de dilig\u00eancias, observou-se que empresa situada em Chapec\u00f3 especializada em vistorias de seguran\u00e7a [&hellip;]<\/p>\n","protected":false},"author":10,"featured_media":2694,"comment_status":"closed","ping_status":"open","sticky":false,"template":"","format":"standard","meta":{"_monsterinsights_skip_tracking":false,"_monsterinsights_sitenote_active":false,"_monsterinsights_sitenote_note":"","_monsterinsights_sitenote_category":0,"footnotes":""},"categories":[1],"tags":[],"class_list":["post-2693","post","type-post","status-publish","format-standard","has-post-thumbnail","hentry","category-sem-categoria"],"_links":{"self":[{"href":"https:\/\/pc.sc.gov.br\/index.php?rest_route=\/wp\/v2\/posts\/2693","targetHints":{"allow":["GET"]}}],"collection":[{"href":"https:\/\/pc.sc.gov.br\/index.php?rest_route=\/wp\/v2\/posts"}],"about":[{"href":"https:\/\/pc.sc.gov.br\/index.php?rest_route=\/wp\/v2\/types\/post"}],"author":[{"embeddable":true,"href":"https:\/\/pc.sc.gov.br\/index.php?rest_route=\/wp\/v2\/users\/10"}],"replies":[{"embeddable":true,"href":"https:\/\/pc.sc.gov.br\/index.php?rest_route=%2Fwp%2Fv2%2Fcomments&post=2693"}],"version-history":[{"count":4,"href":"https:\/\/pc.sc.gov.br\/index.php?rest_route=\/wp\/v2\/posts\/2693\/revisions"}],"predecessor-version":[{"id":2698,"href":"https:\/\/pc.sc.gov.br\/index.php?rest_route=\/wp\/v2\/posts\/2693\/revisions\/2698"}],"wp:featuredmedia":[{"embeddable":true,"href":"https:\/\/pc.sc.gov.br\/index.php?rest_route=\/wp\/v2\/media\/2694"}],"wp:attachment":[{"href":"https:\/\/pc.sc.gov.br\/index.php?rest_route=%2Fwp%2Fv2%2Fmedia&parent=2693"}],"wp:term":[{"taxonomy":"category","embeddable":true,"href":"https:\/\/pc.sc.gov.br\/index.php?rest_route=%2Fwp%2Fv2%2Fcategories&post=2693"},{"taxonomy":"post_tag","embeddable":true,"href":"https:\/\/pc.sc.gov.br\/index.php?rest_route=%2Fwp%2Fv2%2Ftags&post=2693"}],"curies":[{"name":"wp","href":"https:\/\/api.w.org\/{rel}","templated":true}]}}