{"id":26931,"date":"2025-02-25T17:00:09","date_gmt":"2025-02-25T20:00:09","guid":{"rendered":"https:\/\/pc.sc.gov.br\/?p=26931"},"modified":"2025-02-25T17:00:58","modified_gmt":"2025-02-25T20:00:58","slug":"pcsc-prende-homem-suspeito-de-estupro-contra-a-propria-filha-na-cidade-de-rodeio","status":"publish","type":"post","link":"https:\/\/pc.sc.gov.br\/?p=26931","title":{"rendered":"PCSC prende homem suspeito de estupro contra a pr\u00f3pria filha na cidade de Rodeio"},"content":{"rendered":"\t\t<div data-elementor-type=\"wp-post\" data-elementor-id=\"26931\" class=\"elementor elementor-26931\" data-elementor-post-type=\"post\">\n\t\t\t\t\t\t<section class=\"elementor-section elementor-top-section elementor-element elementor-element-89e2dd5 elementor-section-boxed elementor-section-height-default elementor-section-height-default\" data-id=\"89e2dd5\" data-element_type=\"section\">\n\t\t\t\t\t\t<div class=\"elementor-container elementor-column-gap-default\">\n\t\t\t\t\t<div class=\"elementor-column elementor-col-100 elementor-top-column elementor-element elementor-element-57f4385\" data-id=\"57f4385\" data-element_type=\"column\">\n\t\t\t<div class=\"elementor-widget-wrap elementor-element-populated\">\n\t\t\t\t\t\t<div class=\"elementor-element elementor-element-c267671 elementor-widget elementor-widget-heading\" data-id=\"c267671\" data-element_type=\"widget\" data-widget_type=\"heading.default\">\n\t\t\t\t<div class=\"elementor-widget-container\">\n\t\t\t\t\t<h2 class=\"elementor-heading-title elementor-size-default\">PCSC prende homem suspeito de estupro contra a pr\u00f3pria filha na cidade de Rodeio<\/h2>\t\t\t\t<\/div>\n\t\t\t\t<\/div>\n\t\t\t\t\t<\/div>\n\t\t<\/div>\n\t\t\t\t\t<\/div>\n\t\t<\/section>\n\t\t\t\t<section class=\"elementor-section elementor-top-section elementor-element elementor-element-7751ee8 elementor-section-boxed elementor-section-height-default elementor-section-height-default\" data-id=\"7751ee8\" data-element_type=\"section\">\n\t\t\t\t\t\t<div class=\"elementor-container elementor-column-gap-default\">\n\t\t\t\t\t<div class=\"elementor-column elementor-col-100 elementor-top-column elementor-element elementor-element-bcee887\" data-id=\"bcee887\" data-element_type=\"column\">\n\t\t\t<div class=\"elementor-widget-wrap elementor-element-populated\">\n\t\t\t\t\t\t<div class=\"elementor-element elementor-element-aa7d010 elementor-widget elementor-widget-image\" data-id=\"aa7d010\" data-element_type=\"widget\" data-widget_type=\"image.default\">\n\t\t\t\t<div class=\"elementor-widget-container\">\n\t\t\t\t\t\t\t\t\t\t\t\t\t\t\t<img fetchpriority=\"high\" decoding=\"async\" width=\"696\" height=\"436\" src=\"https:\/\/pc.sc.gov.br\/\/wp-content\/uploads\/2025\/02\/789eeec1-bb11-4790-892d-31c5b67d1f8e-fotor-20250225165617-1024x641.jpg\" class=\"attachment-large size-large wp-image-26932\" alt=\"\" srcset=\"https:\/\/pc.sc.gov.br\/\/wp-content\/uploads\/2025\/02\/789eeec1-bb11-4790-892d-31c5b67d1f8e-fotor-20250225165617-1024x641.jpg 1024w, https:\/\/pc.sc.gov.br\/\/wp-content\/uploads\/2025\/02\/789eeec1-bb11-4790-892d-31c5b67d1f8e-fotor-20250225165617-300x188.jpg 300w, https:\/\/pc.sc.gov.br\/\/wp-content\/uploads\/2025\/02\/789eeec1-bb11-4790-892d-31c5b67d1f8e-fotor-20250225165617-768x481.jpg 768w, https:\/\/pc.sc.gov.br\/\/wp-content\/uploads\/2025\/02\/789eeec1-bb11-4790-892d-31c5b67d1f8e-fotor-20250225165617.jpg 1198w\" sizes=\"(max-width: 696px) 100vw, 696px\" \/>\t\t\t\t\t\t\t\t\t\t\t\t\t\t\t<\/div>\n\t\t\t\t<\/div>\n\t\t\t\t\t<\/div>\n\t\t<\/div>\n\t\t\t\t\t<\/div>\n\t\t<\/section>\n\t\t\t\t<section class=\"elementor-section elementor-top-section elementor-element elementor-element-1df4db4 elementor-section-boxed elementor-section-height-default elementor-section-height-default\" data-id=\"1df4db4\" data-element_type=\"section\">\n\t\t\t\t\t\t<div class=\"elementor-container elementor-column-gap-default\">\n\t\t\t\t\t<div class=\"elementor-column elementor-col-100 elementor-top-column elementor-element elementor-element-b0cbf2f\" data-id=\"b0cbf2f\" data-element_type=\"column\">\n\t\t\t<div class=\"elementor-widget-wrap elementor-element-populated\">\n\t\t\t\t\t\t<div class=\"elementor-element elementor-element-03b4559 elementor-widget elementor-widget-text-editor\" data-id=\"03b4559\" data-element_type=\"widget\" data-widget_type=\"text-editor.default\">\n\t\t\t\t<div class=\"elementor-widget-container\">\n\t\t\t\t\t\t\t\t\t<p>A Pol\u00edcia Civil de Santa Catarina, por interm\u00e9dio da Delegacia de Pol\u00edcia Civil da Comarca de Ascurra, nesta ter\u00e7a-feira (25) efetuou a pris\u00e3o de 01 (um) homem suspeito de ter cometido o crime de estupro de vulner\u00e1vel, previsto no Art. 217-A do C\u00f3digo Penal, contra a pr\u00f3pria filha.<\/p>\n<p>Diante da gravidade dos fatos, com base nos elementos de prova colhidos at\u00e9 o presente momento, o Delegado de Pol\u00edcia respons\u00e1vel pelo caso representou em regime de urg\u00eancia pela pris\u00e3o preventiva do investigado, tendo em vista a possibilidade concreta de que o suspeito pudesse fugir para outro estado.<\/p>\n<p>O Minist\u00e9rio P\u00fablico manifestou-se de maneira favor\u00e1vel ao pedido de pris\u00e3o preventiva, que foi acolhido pelo Poder Judici\u00e1rio da Comarca de Ascurra, culminando com a decreta\u00e7\u00e3o da pris\u00e3o.<\/p>\n<p>O conduzido foi localizado pela equipe policial no centro da cidade de Rodeio. Ap\u00f3s o cumprimento do mandado, o preso foi devidamente encaminhado ao Pres\u00eddio Regional de Blumenau, onde aguardar\u00e1 a realiza\u00e7\u00e3o da audi\u00eancia de cust\u00f3dia.<\/p>\n<p><b>Colabore com a PCSC Ascurra &#8211; den\u00fancias pelo (047) 9.9793-6769 &#8211; sigilo absoluto.<\/b><\/p>\t\t\t\t\t\t\t\t<\/div>\n\t\t\t\t<\/div>\n\t\t\t\t\t<\/div>\n\t\t<\/div>\n\t\t\t\t\t<\/div>\n\t\t<\/section>\n\t\t\t\t<\/div>\n\t\t","protected":false},"excerpt":{"rendered":"<p>PCSC prende homem suspeito de estupro contra a pr\u00f3pria filha na cidade de Rodeio A Pol\u00edcia Civil de Santa Catarina, por interm\u00e9dio da Delegacia de Pol\u00edcia Civil da Comarca de Ascurra, nesta ter\u00e7a-feira (25) efetuou a pris\u00e3o de 01 (um) homem suspeito de ter cometido o crime de estupro de vulner\u00e1vel, previsto no Art. 217-A [&hellip;]<\/p>\n","protected":false},"author":5,"featured_media":26932,"comment_status":"closed","ping_status":"open","sticky":false,"template":"","format":"standard","meta":{"_monsterinsights_skip_tracking":false,"_monsterinsights_sitenote_active":false,"_monsterinsights_sitenote_note":"","_monsterinsights_sitenote_category":0,"footnotes":""},"categories":[1],"tags":[],"class_list":["post-26931","post","type-post","status-publish","format-standard","has-post-thumbnail","hentry","category-sem-categoria"],"_links":{"self":[{"href":"https:\/\/pc.sc.gov.br\/index.php?rest_route=\/wp\/v2\/posts\/26931","targetHints":{"allow":["GET"]}}],"collection":[{"href":"https:\/\/pc.sc.gov.br\/index.php?rest_route=\/wp\/v2\/posts"}],"about":[{"href":"https:\/\/pc.sc.gov.br\/index.php?rest_route=\/wp\/v2\/types\/post"}],"author":[{"embeddable":true,"href":"https:\/\/pc.sc.gov.br\/index.php?rest_route=\/wp\/v2\/users\/5"}],"replies":[{"embeddable":true,"href":"https:\/\/pc.sc.gov.br\/index.php?rest_route=%2Fwp%2Fv2%2Fcomments&post=26931"}],"version-history":[{"count":4,"href":"https:\/\/pc.sc.gov.br\/index.php?rest_route=\/wp\/v2\/posts\/26931\/revisions"}],"predecessor-version":[{"id":26936,"href":"https:\/\/pc.sc.gov.br\/index.php?rest_route=\/wp\/v2\/posts\/26931\/revisions\/26936"}],"wp:featuredmedia":[{"embeddable":true,"href":"https:\/\/pc.sc.gov.br\/index.php?rest_route=\/wp\/v2\/media\/26932"}],"wp:attachment":[{"href":"https:\/\/pc.sc.gov.br\/index.php?rest_route=%2Fwp%2Fv2%2Fmedia&parent=26931"}],"wp:term":[{"taxonomy":"category","embeddable":true,"href":"https:\/\/pc.sc.gov.br\/index.php?rest_route=%2Fwp%2Fv2%2Fcategories&post=26931"},{"taxonomy":"post_tag","embeddable":true,"href":"https:\/\/pc.sc.gov.br\/index.php?rest_route=%2Fwp%2Fv2%2Ftags&post=26931"}],"curies":[{"name":"wp","href":"https:\/\/api.w.org\/{rel}","templated":true}]}}