{"id":26938,"date":"2025-02-25T17:22:45","date_gmt":"2025-02-25T20:22:45","guid":{"rendered":"https:\/\/pc.sc.gov.br\/?p=26938"},"modified":"2025-02-25T17:23:34","modified_gmt":"2025-02-25T20:23:34","slug":"policia-civil-recupera-carga-adquirida-de-forma-ilicita-em-investigacao-de-estelionato-contra-fabrica-de-paineis-solares-em-joinville","status":"publish","type":"post","link":"https:\/\/pc.sc.gov.br\/?p=26938","title":{"rendered":"Pol\u00edcia Civil recupera carga adquirida de forma il\u00edcita em investiga\u00e7\u00e3o de estelionato contra f\u00e1brica de pain\u00e9is solares em Joinville"},"content":{"rendered":"\t\t<div data-elementor-type=\"wp-post\" data-elementor-id=\"26938\" class=\"elementor elementor-26938\" data-elementor-post-type=\"post\">\n\t\t\t\t\t\t<section class=\"elementor-section elementor-top-section elementor-element elementor-element-803cbb4 elementor-section-boxed elementor-section-height-default elementor-section-height-default\" data-id=\"803cbb4\" data-element_type=\"section\">\n\t\t\t\t\t\t<div class=\"elementor-container elementor-column-gap-default\">\n\t\t\t\t\t<div class=\"elementor-column elementor-col-100 elementor-top-column elementor-element elementor-element-6402d55\" data-id=\"6402d55\" data-element_type=\"column\">\n\t\t\t<div class=\"elementor-widget-wrap elementor-element-populated\">\n\t\t\t\t\t\t<div class=\"elementor-element elementor-element-8929c33 elementor-widget elementor-widget-heading\" data-id=\"8929c33\" data-element_type=\"widget\" data-widget_type=\"heading.default\">\n\t\t\t\t<div class=\"elementor-widget-container\">\n\t\t\t\t\t<h2 class=\"elementor-heading-title elementor-size-default\">Pol\u00edcia Civil recupera carga adquirida de forma il\u00edcita em investiga\u00e7\u00e3o de estelionato contra f\u00e1brica de pain\u00e9is solares em Joinville<\/h2>\t\t\t\t<\/div>\n\t\t\t\t<\/div>\n\t\t\t\t\t<\/div>\n\t\t<\/div>\n\t\t\t\t\t<\/div>\n\t\t<\/section>\n\t\t\t\t<section class=\"elementor-section elementor-top-section elementor-element elementor-element-fd45844 elementor-section-boxed elementor-section-height-default elementor-section-height-default\" data-id=\"fd45844\" data-element_type=\"section\">\n\t\t\t\t\t\t<div class=\"elementor-container elementor-column-gap-default\">\n\t\t\t\t\t<div class=\"elementor-column elementor-col-100 elementor-top-column elementor-element elementor-element-655e199\" data-id=\"655e199\" data-element_type=\"column\">\n\t\t\t<div class=\"elementor-widget-wrap elementor-element-populated\">\n\t\t\t\t\t\t<div class=\"elementor-element elementor-element-974f01d elementor-widget elementor-widget-image\" data-id=\"974f01d\" data-element_type=\"widget\" data-widget_type=\"image.default\">\n\t\t\t\t<div class=\"elementor-widget-container\">\n\t\t\t\t\t\t\t\t\t\t\t\t\t\t\t<img fetchpriority=\"high\" decoding=\"async\" width=\"696\" height=\"724\" src=\"https:\/\/pc.sc.gov.br\/\/wp-content\/uploads\/2025\/02\/WhatsApp-Image-2025-02-25-at-17.21.49-1-984x1024.jpeg\" class=\"attachment-large size-large wp-image-26941\" alt=\"\" srcset=\"https:\/\/pc.sc.gov.br\/\/wp-content\/uploads\/2025\/02\/WhatsApp-Image-2025-02-25-at-17.21.49-1-984x1024.jpeg 984w, https:\/\/pc.sc.gov.br\/\/wp-content\/uploads\/2025\/02\/WhatsApp-Image-2025-02-25-at-17.21.49-1-288x300.jpeg 288w, https:\/\/pc.sc.gov.br\/\/wp-content\/uploads\/2025\/02\/WhatsApp-Image-2025-02-25-at-17.21.49-1-768x800.jpeg 768w, https:\/\/pc.sc.gov.br\/\/wp-content\/uploads\/2025\/02\/WhatsApp-Image-2025-02-25-at-17.21.49-1.jpeg 1096w\" sizes=\"(max-width: 696px) 100vw, 696px\" \/>\t\t\t\t\t\t\t\t\t\t\t\t\t\t\t<\/div>\n\t\t\t\t<\/div>\n\t\t\t\t\t<\/div>\n\t\t<\/div>\n\t\t\t\t\t<\/div>\n\t\t<\/section>\n\t\t\t\t<section class=\"elementor-section elementor-top-section elementor-element elementor-element-e4d43b4 elementor-section-boxed elementor-section-height-default elementor-section-height-default\" data-id=\"e4d43b4\" data-element_type=\"section\">\n\t\t\t\t\t\t<div class=\"elementor-container elementor-column-gap-default\">\n\t\t\t\t\t<div class=\"elementor-column elementor-col-100 elementor-top-column elementor-element elementor-element-ad8558e\" data-id=\"ad8558e\" data-element_type=\"column\">\n\t\t\t<div class=\"elementor-widget-wrap elementor-element-populated\">\n\t\t\t\t\t\t<div class=\"elementor-element elementor-element-41d353f elementor-widget elementor-widget-text-editor\" data-id=\"41d353f\" data-element_type=\"widget\" data-widget_type=\"text-editor.default\">\n\t\t\t\t<div class=\"elementor-widget-container\">\n\t\t\t\t\t\t\t\t\t<p>Nesta ter\u00e7a-feira (25\/02), a Pol\u00edcia Civil de Santa Catarina, por meio da 1\u00aa e da 6\u00aa Delegacias de Pol\u00edcia e da Delegacia de Homic\u00eddios, todas de Joinville, com o apoio de equipes policiais da Regi\u00e3o de Ca\u00e7ador e Curitibanos, cumpriram mandados de busca e apreens\u00e3o relacionados a uma investiga\u00e7\u00e3o de estelionato praticado contra uma f\u00e1brica de pain\u00e9is solares em Pirabeiraba, em Joinville.<\/p><p>\u00a0No in\u00edcio deste m\u00eas, criminosos mediante falsifica\u00e7\u00e3o de dados cadastrais e abertura fraudulenta de financiamento banc\u00e1rio realizaram um pedido de aproximadamente R$300.000,00 em produtos de energia solar junto \u00e0 empresa v\u00edtima. Ap\u00f3s a libera\u00e7\u00e3o da mercadoria, os produtos foram transportados para as cidades de Rio das Antas e S\u00e3o Crist\u00f3v\u00e3o do Sul.<\/p><p>Nos dias de ontem (24\/02) e hoje (25\/02), os policiais civis conseguiram recuperar a carga adquirida de forma il\u00edcita. A dedica\u00e7\u00e3o e o profissionalismo demonstrados por todos foram cruciais para a recupera\u00e7\u00e3o dos produtos adquiridos fraudulentamente e para a prote\u00e7\u00e3o da integridade das empresas em nossa comunidade.<\/p>\t\t\t\t\t\t\t\t<\/div>\n\t\t\t\t<\/div>\n\t\t\t\t\t<\/div>\n\t\t<\/div>\n\t\t\t\t\t<\/div>\n\t\t<\/section>\n\t\t\t\t<\/div>\n\t\t","protected":false},"excerpt":{"rendered":"<p>Pol\u00edcia Civil recupera carga adquirida de forma il\u00edcita em investiga\u00e7\u00e3o de estelionato contra f\u00e1brica de pain\u00e9is solares em Joinville Nesta ter\u00e7a-feira (25\/02), a Pol\u00edcia Civil de Santa Catarina, por meio da 1\u00aa e da 6\u00aa Delegacias de Pol\u00edcia e da Delegacia de Homic\u00eddios, todas de Joinville, com o apoio de equipes policiais da Regi\u00e3o de [&hellip;]<\/p>\n","protected":false},"author":5,"featured_media":26939,"comment_status":"closed","ping_status":"open","sticky":false,"template":"","format":"standard","meta":{"_monsterinsights_skip_tracking":false,"_monsterinsights_sitenote_active":false,"_monsterinsights_sitenote_note":"","_monsterinsights_sitenote_category":0,"footnotes":""},"categories":[1],"tags":[],"class_list":["post-26938","post","type-post","status-publish","format-standard","has-post-thumbnail","hentry","category-sem-categoria"],"_links":{"self":[{"href":"https:\/\/pc.sc.gov.br\/index.php?rest_route=\/wp\/v2\/posts\/26938","targetHints":{"allow":["GET"]}}],"collection":[{"href":"https:\/\/pc.sc.gov.br\/index.php?rest_route=\/wp\/v2\/posts"}],"about":[{"href":"https:\/\/pc.sc.gov.br\/index.php?rest_route=\/wp\/v2\/types\/post"}],"author":[{"embeddable":true,"href":"https:\/\/pc.sc.gov.br\/index.php?rest_route=\/wp\/v2\/users\/5"}],"replies":[{"embeddable":true,"href":"https:\/\/pc.sc.gov.br\/index.php?rest_route=%2Fwp%2Fv2%2Fcomments&post=26938"}],"version-history":[{"count":4,"href":"https:\/\/pc.sc.gov.br\/index.php?rest_route=\/wp\/v2\/posts\/26938\/revisions"}],"predecessor-version":[{"id":26944,"href":"https:\/\/pc.sc.gov.br\/index.php?rest_route=\/wp\/v2\/posts\/26938\/revisions\/26944"}],"wp:featuredmedia":[{"embeddable":true,"href":"https:\/\/pc.sc.gov.br\/index.php?rest_route=\/wp\/v2\/media\/26939"}],"wp:attachment":[{"href":"https:\/\/pc.sc.gov.br\/index.php?rest_route=%2Fwp%2Fv2%2Fmedia&parent=26938"}],"wp:term":[{"taxonomy":"category","embeddable":true,"href":"https:\/\/pc.sc.gov.br\/index.php?rest_route=%2Fwp%2Fv2%2Fcategories&post=26938"},{"taxonomy":"post_tag","embeddable":true,"href":"https:\/\/pc.sc.gov.br\/index.php?rest_route=%2Fwp%2Fv2%2Ftags&post=26938"}],"curies":[{"name":"wp","href":"https:\/\/api.w.org\/{rel}","templated":true}]}}