{"id":26957,"date":"2025-02-26T14:35:13","date_gmt":"2025-02-26T17:35:13","guid":{"rendered":"https:\/\/pc.sc.gov.br\/?p=26957"},"modified":"2025-02-26T14:36:13","modified_gmt":"2025-02-26T17:36:13","slug":"policia-civil-de-sc-participa-de-operacao-nacional-pharos-nesta-quarta-feira-26-02","status":"publish","type":"post","link":"https:\/\/pc.sc.gov.br\/?p=26957","title":{"rendered":"Pol\u00edcia Civil de SC participa de opera\u00e7\u00e3o nacional \u201cPharos\u201d nesta quarta-feira (26\/02)"},"content":{"rendered":"\t\t<div data-elementor-type=\"wp-post\" data-elementor-id=\"26957\" class=\"elementor elementor-26957\" data-elementor-post-type=\"post\">\n\t\t\t\t\t\t<section class=\"elementor-section elementor-top-section elementor-element elementor-element-4693539 elementor-section-boxed elementor-section-height-default elementor-section-height-default\" data-id=\"4693539\" data-element_type=\"section\">\n\t\t\t\t\t\t<div class=\"elementor-container elementor-column-gap-default\">\n\t\t\t\t\t<div class=\"elementor-column elementor-col-100 elementor-top-column elementor-element elementor-element-3088b39\" data-id=\"3088b39\" data-element_type=\"column\">\n\t\t\t<div class=\"elementor-widget-wrap elementor-element-populated\">\n\t\t\t\t\t\t<div class=\"elementor-element elementor-element-17ff363 elementor-widget elementor-widget-heading\" data-id=\"17ff363\" data-element_type=\"widget\" data-widget_type=\"heading.default\">\n\t\t\t\t<div class=\"elementor-widget-container\">\n\t\t\t\t\t<h2 class=\"elementor-heading-title elementor-size-default\">Pol\u00edcia Civil de SC participa de opera\u00e7\u00e3o nacional \u201cPharos\u201d nesta quarta-feira (26\/02)<\/h2>\t\t\t\t<\/div>\n\t\t\t\t<\/div>\n\t\t\t\t\t<\/div>\n\t\t<\/div>\n\t\t\t\t\t<\/div>\n\t\t<\/section>\n\t\t\t\t<section class=\"elementor-section elementor-top-section elementor-element elementor-element-bb291de elementor-section-boxed elementor-section-height-default elementor-section-height-default\" data-id=\"bb291de\" data-element_type=\"section\">\n\t\t\t\t\t\t<div class=\"elementor-container elementor-column-gap-default\">\n\t\t\t\t\t<div class=\"elementor-column elementor-col-100 elementor-top-column elementor-element elementor-element-ffef9e3\" data-id=\"ffef9e3\" data-element_type=\"column\">\n\t\t\t<div class=\"elementor-widget-wrap elementor-element-populated\">\n\t\t\t\t\t\t<div class=\"elementor-element elementor-element-6b1f469 elementor-widget elementor-widget-image\" data-id=\"6b1f469\" data-element_type=\"widget\" data-widget_type=\"image.default\">\n\t\t\t\t<div class=\"elementor-widget-container\">\n\t\t\t\t\t\t\t\t\t\t\t\t\t\t\t<img fetchpriority=\"high\" decoding=\"async\" width=\"696\" height=\"928\" src=\"https:\/\/pc.sc.gov.br\/\/wp-content\/uploads\/2025\/02\/WhatsApp-Image-2025-02-26-at-13.45.36-1-768x1024.jpeg\" class=\"attachment-large size-large wp-image-26959\" alt=\"\" srcset=\"https:\/\/pc.sc.gov.br\/\/wp-content\/uploads\/2025\/02\/WhatsApp-Image-2025-02-26-at-13.45.36-1-768x1024.jpeg 768w, https:\/\/pc.sc.gov.br\/\/wp-content\/uploads\/2025\/02\/WhatsApp-Image-2025-02-26-at-13.45.36-1-225x300.jpeg 225w, https:\/\/pc.sc.gov.br\/\/wp-content\/uploads\/2025\/02\/WhatsApp-Image-2025-02-26-at-13.45.36-1.jpeg 960w\" sizes=\"(max-width: 696px) 100vw, 696px\" \/>\t\t\t\t\t\t\t\t\t\t\t\t\t\t\t<\/div>\n\t\t\t\t<\/div>\n\t\t\t\t\t<\/div>\n\t\t<\/div>\n\t\t\t\t\t<\/div>\n\t\t<\/section>\n\t\t\t\t<section class=\"elementor-section elementor-top-section elementor-element elementor-element-4e95518 elementor-section-boxed elementor-section-height-default elementor-section-height-default\" data-id=\"4e95518\" data-element_type=\"section\">\n\t\t\t\t\t\t<div class=\"elementor-container elementor-column-gap-default\">\n\t\t\t\t\t<div class=\"elementor-column elementor-col-100 elementor-top-column elementor-element elementor-element-0bb87d7\" data-id=\"0bb87d7\" data-element_type=\"column\">\n\t\t\t<div class=\"elementor-widget-wrap elementor-element-populated\">\n\t\t\t\t\t\t<div class=\"elementor-element elementor-element-58fc1d1 elementor-widget elementor-widget-text-editor\" data-id=\"58fc1d1\" data-element_type=\"widget\" data-widget_type=\"text-editor.default\">\n\t\t\t\t<div class=\"elementor-widget-container\">\n\t\t\t\t\t\t\t\t\t<p>Nesta quarta-feira (26\/02), a Pol\u00edcia Civil de Santa Catarina, por meio da Diretoria de Intelig\u00eancia, com apoio operacional de diversas delegacias do estado, participou da opera\u00e7\u00e3o nacional \u201cPharos\u201d, do Minist\u00e9rio da Justi\u00e7a. A a\u00e7\u00e3o teve como objetivo combater o armazenamento e a dissemina\u00e7\u00e3o de conte\u00fados de abuso sexual de crian\u00e7as e adolescentes.<\/p><p>Em Santa Catarina, foram cumpridos 7 mandados de busca e apreens\u00e3o nos munic\u00edpios de Fraiburgo, Leoberto Leal, Tubar\u00e3o, Itapema e Itaja\u00ed. Em todos os munic\u00edpios citados, dispositivos eletr\u00f4nicos, como aparelhos celulares, notebooks e pen-drives, foram apreendidos.<\/p><p><strong>Opera\u00e7\u00e3o \u201cPharos\u201d<\/strong><\/p><p>No total, a opera\u00e7\u00e3o \u201cPharos\u201d aconteceu em 19 estados e no Distrito Federal. Em todo o Brasil, foram cumpridos 54 mandados de busca e apreens\u00e3o contra suspeitos de comprar, vender e compartilhar material que remetem ao abuso sexual de crian\u00e7as e adolescentes em plataformas digitais.<\/p>\t\t\t\t\t\t\t\t<\/div>\n\t\t\t\t<\/div>\n\t\t\t\t\t<\/div>\n\t\t<\/div>\n\t\t\t\t\t<\/div>\n\t\t<\/section>\n\t\t\t\t<\/div>\n\t\t","protected":false},"excerpt":{"rendered":"<p>Pol\u00edcia Civil de SC participa de opera\u00e7\u00e3o nacional \u201cPharos\u201d nesta quarta-feira (26\/02) Nesta quarta-feira (26\/02), a Pol\u00edcia Civil de Santa Catarina, por meio da Diretoria de Intelig\u00eancia, com apoio operacional de diversas delegacias do estado, participou da opera\u00e7\u00e3o nacional \u201cPharos\u201d, do Minist\u00e9rio da Justi\u00e7a. A a\u00e7\u00e3o teve como objetivo combater o armazenamento e a dissemina\u00e7\u00e3o [&hellip;]<\/p>\n","protected":false},"author":5,"featured_media":26959,"comment_status":"closed","ping_status":"open","sticky":false,"template":"","format":"standard","meta":{"_monsterinsights_skip_tracking":false,"_monsterinsights_sitenote_active":false,"_monsterinsights_sitenote_note":"","_monsterinsights_sitenote_category":0,"footnotes":""},"categories":[1],"tags":[],"class_list":["post-26957","post","type-post","status-publish","format-standard","has-post-thumbnail","hentry","category-sem-categoria"],"_links":{"self":[{"href":"https:\/\/pc.sc.gov.br\/index.php?rest_route=\/wp\/v2\/posts\/26957","targetHints":{"allow":["GET"]}}],"collection":[{"href":"https:\/\/pc.sc.gov.br\/index.php?rest_route=\/wp\/v2\/posts"}],"about":[{"href":"https:\/\/pc.sc.gov.br\/index.php?rest_route=\/wp\/v2\/types\/post"}],"author":[{"embeddable":true,"href":"https:\/\/pc.sc.gov.br\/index.php?rest_route=\/wp\/v2\/users\/5"}],"replies":[{"embeddable":true,"href":"https:\/\/pc.sc.gov.br\/index.php?rest_route=%2Fwp%2Fv2%2Fcomments&post=26957"}],"version-history":[{"count":4,"href":"https:\/\/pc.sc.gov.br\/index.php?rest_route=\/wp\/v2\/posts\/26957\/revisions"}],"predecessor-version":[{"id":26963,"href":"https:\/\/pc.sc.gov.br\/index.php?rest_route=\/wp\/v2\/posts\/26957\/revisions\/26963"}],"wp:featuredmedia":[{"embeddable":true,"href":"https:\/\/pc.sc.gov.br\/index.php?rest_route=\/wp\/v2\/media\/26959"}],"wp:attachment":[{"href":"https:\/\/pc.sc.gov.br\/index.php?rest_route=%2Fwp%2Fv2%2Fmedia&parent=26957"}],"wp:term":[{"taxonomy":"category","embeddable":true,"href":"https:\/\/pc.sc.gov.br\/index.php?rest_route=%2Fwp%2Fv2%2Fcategories&post=26957"},{"taxonomy":"post_tag","embeddable":true,"href":"https:\/\/pc.sc.gov.br\/index.php?rest_route=%2Fwp%2Fv2%2Ftags&post=26957"}],"curies":[{"name":"wp","href":"https:\/\/api.w.org\/{rel}","templated":true}]}}