{"id":26964,"date":"2025-02-26T15:20:59","date_gmt":"2025-02-26T18:20:59","guid":{"rendered":"https:\/\/pc.sc.gov.br\/?p=26964"},"modified":"2025-02-26T15:21:45","modified_gmt":"2025-02-26T18:21:45","slug":"policias-civil-e-militar-deflagram-operacao-blind-alley-2-contra-organizacao-criminosa-que-atua-com-trafico-de-drogas-e-8-pessoas-sao-presas","status":"publish","type":"post","link":"https:\/\/pc.sc.gov.br\/?p=26964","title":{"rendered":"Pol\u00edcias Civil e Militar deflagram opera\u00e7\u00e3o \u201cBlind Alley 2\u201d contra organiza\u00e7\u00e3o criminosa que atua com tr\u00e1fico de drogas e 8 pessoas s\u00e3o presas"},"content":{"rendered":"\t\t<div data-elementor-type=\"wp-post\" data-elementor-id=\"26964\" class=\"elementor elementor-26964\" data-elementor-post-type=\"post\">\n\t\t\t\t\t\t<section class=\"elementor-section elementor-top-section elementor-element elementor-element-863f121 elementor-section-boxed elementor-section-height-default elementor-section-height-default\" data-id=\"863f121\" data-element_type=\"section\">\n\t\t\t\t\t\t<div class=\"elementor-container elementor-column-gap-default\">\n\t\t\t\t\t<div class=\"elementor-column elementor-col-100 elementor-top-column elementor-element elementor-element-baffc70\" data-id=\"baffc70\" data-element_type=\"column\">\n\t\t\t<div class=\"elementor-widget-wrap elementor-element-populated\">\n\t\t\t\t\t\t<div class=\"elementor-element elementor-element-6e0f9c1 elementor-widget elementor-widget-heading\" data-id=\"6e0f9c1\" data-element_type=\"widget\" data-widget_type=\"heading.default\">\n\t\t\t\t<div class=\"elementor-widget-container\">\n\t\t\t\t\t<h2 class=\"elementor-heading-title elementor-size-default\">Pol\u00edcias Civil e Militar deflagram opera\u00e7\u00e3o \u201cBlind Alley 2\u201d contra organiza\u00e7\u00e3o criminosa que atua com tr\u00e1fico de drogas e 8 pessoas s\u00e3o presas<\/h2>\t\t\t\t<\/div>\n\t\t\t\t<\/div>\n\t\t\t\t\t<\/div>\n\t\t<\/div>\n\t\t\t\t\t<\/div>\n\t\t<\/section>\n\t\t\t\t<section class=\"elementor-section elementor-top-section elementor-element elementor-element-0f20079 elementor-section-boxed elementor-section-height-default elementor-section-height-default\" data-id=\"0f20079\" data-element_type=\"section\">\n\t\t\t\t\t\t<div class=\"elementor-container elementor-column-gap-default\">\n\t\t\t\t\t<div class=\"elementor-column elementor-col-100 elementor-top-column elementor-element elementor-element-c9c91cd\" data-id=\"c9c91cd\" data-element_type=\"column\">\n\t\t\t<div class=\"elementor-widget-wrap elementor-element-populated\">\n\t\t\t\t\t\t<div class=\"elementor-element elementor-element-10aa078 elementor-widget elementor-widget-image\" data-id=\"10aa078\" data-element_type=\"widget\" data-widget_type=\"image.default\">\n\t\t\t\t<div class=\"elementor-widget-container\">\n\t\t\t\t\t\t\t\t\t\t\t\t\t\t\t<img fetchpriority=\"high\" decoding=\"async\" width=\"696\" height=\"522\" src=\"https:\/\/pc.sc.gov.br\/\/wp-content\/uploads\/2025\/02\/WhatsApp-Image-2025-02-26-at-15.16.55-1024x768.jpeg\" class=\"attachment-large size-large wp-image-26965\" alt=\"\" srcset=\"https:\/\/pc.sc.gov.br\/\/wp-content\/uploads\/2025\/02\/WhatsApp-Image-2025-02-26-at-15.16.55-1024x768.jpeg 1024w, https:\/\/pc.sc.gov.br\/\/wp-content\/uploads\/2025\/02\/WhatsApp-Image-2025-02-26-at-15.16.55-300x225.jpeg 300w, https:\/\/pc.sc.gov.br\/\/wp-content\/uploads\/2025\/02\/WhatsApp-Image-2025-02-26-at-15.16.55-768x576.jpeg 768w, https:\/\/pc.sc.gov.br\/\/wp-content\/uploads\/2025\/02\/WhatsApp-Image-2025-02-26-at-15.16.55-1536x1152.jpeg 1536w, https:\/\/pc.sc.gov.br\/\/wp-content\/uploads\/2025\/02\/WhatsApp-Image-2025-02-26-at-15.16.55.jpeg 1600w\" sizes=\"(max-width: 696px) 100vw, 696px\" \/>\t\t\t\t\t\t\t\t\t\t\t\t\t\t\t<\/div>\n\t\t\t\t<\/div>\n\t\t\t\t\t<\/div>\n\t\t<\/div>\n\t\t\t\t\t<\/div>\n\t\t<\/section>\n\t\t\t\t<section class=\"elementor-section elementor-top-section elementor-element elementor-element-219f687 elementor-section-boxed elementor-section-height-default elementor-section-height-default\" data-id=\"219f687\" data-element_type=\"section\">\n\t\t\t\t\t\t<div class=\"elementor-container elementor-column-gap-default\">\n\t\t\t\t\t<div class=\"elementor-column elementor-col-100 elementor-top-column elementor-element elementor-element-ecf18a4\" data-id=\"ecf18a4\" data-element_type=\"column\">\n\t\t\t<div class=\"elementor-widget-wrap elementor-element-populated\">\n\t\t\t\t\t\t<div class=\"elementor-element elementor-element-d7c4aa0 elementor-widget elementor-widget-text-editor\" data-id=\"d7c4aa0\" data-element_type=\"widget\" data-widget_type=\"text-editor.default\">\n\t\t\t\t<div class=\"elementor-widget-container\">\n\t\t\t\t\t\t\t\t\t<p>Nesta ter\u00e7a-feira (26\/02), a Pol\u00edcia Civil de Santa Catarina, por meio da Delegacia de Pol\u00edcia da Comarca de Imbituba, e a Pol\u00edcia Militar de Santa Catarina, por meio do 34\u00ba Batalh\u00e3o, deflagraram a opera\u00e7\u00e3o \u201cBlind Alley 2\u201d, destinada ao cumprimento de cinco mandados de pris\u00e3o e 19 mandados de busca e apreens\u00e3o domiciliar, expedidos no curso de investiga\u00e7\u00e3o que apura a atua\u00e7\u00e3o de organiza\u00e7\u00e3o criminosa, predominantemente em Santa Catarina, com tr\u00e1fico de drogas e associa\u00e7\u00e3o para o tr\u00e1fico.<\/p><p>A a\u00e7\u00e3o teve como objetivos imediatos o cumprimento das ordens judiciais, visando \u00e0 pris\u00e3o de pessoas identificadas como integrantes do grupo criminoso e \u00e0 apreens\u00e3o de elementos de prova que fortale\u00e7am a investiga\u00e7\u00e3o, como drogas, armas, valores e documentos relacionados \u00e0 atividade il\u00edcita.<\/p><p>Al\u00e9m do impacto direto na desarticula\u00e7\u00e3o da organiza\u00e7\u00e3o criminosa, a opera\u00e7\u00e3o possui objetivos mediatos de car\u00e1ter social, contribuindo para a redu\u00e7\u00e3o da criminalidade na regi\u00e3o, a quebra da estrutura do tr\u00e1fico de drogas e a consequente melhoria da seguran\u00e7a p\u00fablica.<\/p><p>Como resultado da opera\u00e7\u00e3o, foram lavrados tr\u00eas Autos de Pris\u00e3o em Flagrante, que resultaram na pris\u00e3o de quatro pessoas. Tamb\u00e9m foram dados cumprimento a quatro Mandados de Pris\u00e3o. Al\u00e9m da apreens\u00e3o de drogas e afins, a opera\u00e7\u00e3o resultou na apreens\u00e3o de uma arma de fogo e muni\u00e7\u00f5es, que foram retiradas da posse do grupo criminoso.<\/p><p>A opera\u00e7\u00e3o contou com a participa\u00e7\u00e3o de policiais civil da Diretoria do Litoral e da Diretoria da Grande Florian\u00f3polis. Al\u00e9m disso, de suma import\u00e2ncia para o \u00eaxito dos trabalhos foi participa\u00e7\u00e3o da Coordenadoria de Opera\u00e7\u00f5es com C\u00e3es (PCSC), do canil da PMSC e do SAER-SUL.<\/p>\t\t\t\t\t\t\t\t<\/div>\n\t\t\t\t<\/div>\n\t\t\t\t\t<\/div>\n\t\t<\/div>\n\t\t\t\t\t<\/div>\n\t\t<\/section>\n\t\t\t\t<\/div>\n\t\t","protected":false},"excerpt":{"rendered":"<p>Pol\u00edcias Civil e Militar deflagram opera\u00e7\u00e3o \u201cBlind Alley 2\u201d contra organiza\u00e7\u00e3o criminosa que atua com tr\u00e1fico de drogas e 8 pessoas s\u00e3o presas Nesta ter\u00e7a-feira (26\/02), a Pol\u00edcia Civil de Santa Catarina, por meio da Delegacia de Pol\u00edcia da Comarca de Imbituba, e a Pol\u00edcia Militar de Santa Catarina, por meio do 34\u00ba Batalh\u00e3o, deflagraram [&hellip;]<\/p>\n","protected":false},"author":5,"featured_media":26965,"comment_status":"closed","ping_status":"open","sticky":false,"template":"","format":"standard","meta":{"_monsterinsights_skip_tracking":false,"_monsterinsights_sitenote_active":false,"_monsterinsights_sitenote_note":"","_monsterinsights_sitenote_category":0,"footnotes":""},"categories":[1],"tags":[],"class_list":["post-26964","post","type-post","status-publish","format-standard","has-post-thumbnail","hentry","category-sem-categoria"],"_links":{"self":[{"href":"https:\/\/pc.sc.gov.br\/index.php?rest_route=\/wp\/v2\/posts\/26964","targetHints":{"allow":["GET"]}}],"collection":[{"href":"https:\/\/pc.sc.gov.br\/index.php?rest_route=\/wp\/v2\/posts"}],"about":[{"href":"https:\/\/pc.sc.gov.br\/index.php?rest_route=\/wp\/v2\/types\/post"}],"author":[{"embeddable":true,"href":"https:\/\/pc.sc.gov.br\/index.php?rest_route=\/wp\/v2\/users\/5"}],"replies":[{"embeddable":true,"href":"https:\/\/pc.sc.gov.br\/index.php?rest_route=%2Fwp%2Fv2%2Fcomments&post=26964"}],"version-history":[{"count":4,"href":"https:\/\/pc.sc.gov.br\/index.php?rest_route=\/wp\/v2\/posts\/26964\/revisions"}],"predecessor-version":[{"id":26969,"href":"https:\/\/pc.sc.gov.br\/index.php?rest_route=\/wp\/v2\/posts\/26964\/revisions\/26969"}],"wp:featuredmedia":[{"embeddable":true,"href":"https:\/\/pc.sc.gov.br\/index.php?rest_route=\/wp\/v2\/media\/26965"}],"wp:attachment":[{"href":"https:\/\/pc.sc.gov.br\/index.php?rest_route=%2Fwp%2Fv2%2Fmedia&parent=26964"}],"wp:term":[{"taxonomy":"category","embeddable":true,"href":"https:\/\/pc.sc.gov.br\/index.php?rest_route=%2Fwp%2Fv2%2Fcategories&post=26964"},{"taxonomy":"post_tag","embeddable":true,"href":"https:\/\/pc.sc.gov.br\/index.php?rest_route=%2Fwp%2Fv2%2Ftags&post=26964"}],"curies":[{"name":"wp","href":"https:\/\/api.w.org\/{rel}","templated":true}]}}