{"id":26981,"date":"2025-02-26T18:13:51","date_gmt":"2025-02-26T21:13:51","guid":{"rendered":"https:\/\/pc.sc.gov.br\/?p=26981"},"modified":"2025-02-26T18:22:27","modified_gmt":"2025-02-26T21:22:27","slug":"pcsc-indicia-mulher-por-maus-tratos-a-animais-em-mafra","status":"publish","type":"post","link":"https:\/\/pc.sc.gov.br\/?p=26981","title":{"rendered":"PCSC indicia mulher por maus-tratos a animais em Mafra"},"content":{"rendered":"\t\t<div data-elementor-type=\"wp-post\" data-elementor-id=\"26981\" class=\"elementor elementor-26981\" data-elementor-post-type=\"post\">\n\t\t\t\t\t\t<section class=\"elementor-section elementor-top-section elementor-element elementor-element-5164545 elementor-section-boxed elementor-section-height-default elementor-section-height-default\" data-id=\"5164545\" data-element_type=\"section\">\n\t\t\t\t\t\t<div class=\"elementor-container elementor-column-gap-default\">\n\t\t\t\t\t<div class=\"elementor-column elementor-col-100 elementor-top-column elementor-element elementor-element-c52fc2b\" data-id=\"c52fc2b\" data-element_type=\"column\">\n\t\t\t<div class=\"elementor-widget-wrap elementor-element-populated\">\n\t\t\t\t\t\t<div class=\"elementor-element elementor-element-2b81ff1 elementor-widget elementor-widget-heading\" data-id=\"2b81ff1\" data-element_type=\"widget\" data-widget_type=\"heading.default\">\n\t\t\t\t<div class=\"elementor-widget-container\">\n\t\t\t\t\t<h2 class=\"elementor-heading-title elementor-size-default\">PCSC indicia mulher por maus-tratos a animais em Mafra<\/h2>\t\t\t\t<\/div>\n\t\t\t\t<\/div>\n\t\t\t\t\t<\/div>\n\t\t<\/div>\n\t\t\t\t\t<\/div>\n\t\t<\/section>\n\t\t\t\t<section class=\"elementor-section elementor-top-section elementor-element elementor-element-a3c03b6 elementor-section-boxed elementor-section-height-default elementor-section-height-default\" data-id=\"a3c03b6\" data-element_type=\"section\">\n\t\t\t\t\t\t<div class=\"elementor-container elementor-column-gap-default\">\n\t\t\t\t\t<div class=\"elementor-column elementor-col-100 elementor-top-column elementor-element elementor-element-5b3e578\" data-id=\"5b3e578\" data-element_type=\"column\">\n\t\t\t<div class=\"elementor-widget-wrap elementor-element-populated\">\n\t\t\t\t\t\t<div class=\"elementor-element elementor-element-95a88aa elementor-widget elementor-widget-image\" data-id=\"95a88aa\" data-element_type=\"widget\" data-widget_type=\"image.default\">\n\t\t\t\t<div class=\"elementor-widget-container\">\n\t\t\t\t\t\t\t\t\t\t\t\t\t\t\t<img fetchpriority=\"high\" decoding=\"async\" width=\"696\" height=\"566\" src=\"https:\/\/pc.sc.gov.br\/\/wp-content\/uploads\/2025\/02\/WhatsApp-Image-2025-02-26-at-17.55.39-fotor-20250226181936.jpg\" class=\"attachment-large size-large wp-image-26982\" alt=\"\" srcset=\"https:\/\/pc.sc.gov.br\/\/wp-content\/uploads\/2025\/02\/WhatsApp-Image-2025-02-26-at-17.55.39-fotor-20250226181936.jpg 941w, https:\/\/pc.sc.gov.br\/\/wp-content\/uploads\/2025\/02\/WhatsApp-Image-2025-02-26-at-17.55.39-fotor-20250226181936-300x244.jpg 300w, https:\/\/pc.sc.gov.br\/\/wp-content\/uploads\/2025\/02\/WhatsApp-Image-2025-02-26-at-17.55.39-fotor-20250226181936-768x624.jpg 768w\" sizes=\"(max-width: 696px) 100vw, 696px\" \/>\t\t\t\t\t\t\t\t\t\t\t\t\t\t\t<\/div>\n\t\t\t\t<\/div>\n\t\t\t\t\t<\/div>\n\t\t<\/div>\n\t\t\t\t\t<\/div>\n\t\t<\/section>\n\t\t\t\t<section class=\"elementor-section elementor-top-section elementor-element elementor-element-bc32b4d elementor-section-boxed elementor-section-height-default elementor-section-height-default\" data-id=\"bc32b4d\" data-element_type=\"section\">\n\t\t\t\t\t\t<div class=\"elementor-container elementor-column-gap-default\">\n\t\t\t\t\t<div class=\"elementor-column elementor-col-100 elementor-top-column elementor-element elementor-element-443611c\" data-id=\"443611c\" data-element_type=\"column\">\n\t\t\t<div class=\"elementor-widget-wrap elementor-element-populated\">\n\t\t\t\t\t\t<div class=\"elementor-element elementor-element-443772d elementor-widget elementor-widget-text-editor\" data-id=\"443772d\" data-element_type=\"widget\" data-widget_type=\"text-editor.default\">\n\t\t\t\t<div class=\"elementor-widget-container\">\n\t\t\t\t\t\t\t\t\t<p>A Pol\u00edcia Civil de Santa Catarina, por meio da Delegacia de Mafra, concluiu a investiga\u00e7\u00e3o e indiciou uma mulher por maus-tratos contra animais, conforme fato ocorrido no dia 29.10.2024. O crime ocorreu na Vila Ivete, no munic\u00edpio de Mafra.<\/p><p>Na ocasi\u00e3o, um c\u00e3o foi encontrado em estado cr\u00edtico de sa\u00fade, em situa\u00e7\u00e3o de abandono. O c\u00e3o encontrava-se extremamente fraco, com sinais vis\u00edveis de maltrato. Observou-se a presen\u00e7a de \u201cbicheira\u201d. Foi constatado tamb\u00e9m que o c\u00e3o n\u00e3o dispunha de \u00e1gua no local e que sua alimenta\u00e7\u00e3o estava em condi\u00e7\u00f5es prec\u00e1rias, com restos de comida velha.\u00a0<\/p><p>A Prefeitura de Mafra &#8211; SC foi acionada para resgatar o c\u00e3o, conforme os protocolos, e assumiu a responsabilidade pelo recolhimento do animal. Ap\u00f3s o resgate, o c\u00e3o foi encaminhado para a Cl\u00ednica Veterin\u00e1ria Auqimia. Ap\u00f3s as investiga\u00e7\u00f5es, uma mulher foi indiciada e segue para ju\u00edzo competente.\u00a0\u00a0<\/p>\t\t\t\t\t\t\t\t<\/div>\n\t\t\t\t<\/div>\n\t\t\t\t\t<\/div>\n\t\t<\/div>\n\t\t\t\t\t<\/div>\n\t\t<\/section>\n\t\t\t\t<\/div>\n\t\t","protected":false},"excerpt":{"rendered":"<p>PCSC indicia mulher por maus-tratos a animais em Mafra A Pol\u00edcia Civil de Santa Catarina, por meio da Delegacia de Mafra, concluiu a investiga\u00e7\u00e3o e indiciou uma mulher por maus-tratos contra animais, conforme fato ocorrido no dia 29.10.2024. O crime ocorreu na Vila Ivete, no munic\u00edpio de Mafra. Na ocasi\u00e3o, um c\u00e3o foi encontrado em [&hellip;]<\/p>\n","protected":false},"author":5,"featured_media":26982,"comment_status":"closed","ping_status":"open","sticky":false,"template":"","format":"standard","meta":{"_monsterinsights_skip_tracking":false,"_monsterinsights_sitenote_active":false,"_monsterinsights_sitenote_note":"","_monsterinsights_sitenote_category":0,"footnotes":""},"categories":[1],"tags":[],"class_list":["post-26981","post","type-post","status-publish","format-standard","has-post-thumbnail","hentry","category-sem-categoria"],"_links":{"self":[{"href":"https:\/\/pc.sc.gov.br\/index.php?rest_route=\/wp\/v2\/posts\/26981","targetHints":{"allow":["GET"]}}],"collection":[{"href":"https:\/\/pc.sc.gov.br\/index.php?rest_route=\/wp\/v2\/posts"}],"about":[{"href":"https:\/\/pc.sc.gov.br\/index.php?rest_route=\/wp\/v2\/types\/post"}],"author":[{"embeddable":true,"href":"https:\/\/pc.sc.gov.br\/index.php?rest_route=\/wp\/v2\/users\/5"}],"replies":[{"embeddable":true,"href":"https:\/\/pc.sc.gov.br\/index.php?rest_route=%2Fwp%2Fv2%2Fcomments&post=26981"}],"version-history":[{"count":3,"href":"https:\/\/pc.sc.gov.br\/index.php?rest_route=\/wp\/v2\/posts\/26981\/revisions"}],"predecessor-version":[{"id":26985,"href":"https:\/\/pc.sc.gov.br\/index.php?rest_route=\/wp\/v2\/posts\/26981\/revisions\/26985"}],"wp:featuredmedia":[{"embeddable":true,"href":"https:\/\/pc.sc.gov.br\/index.php?rest_route=\/wp\/v2\/media\/26982"}],"wp:attachment":[{"href":"https:\/\/pc.sc.gov.br\/index.php?rest_route=%2Fwp%2Fv2%2Fmedia&parent=26981"}],"wp:term":[{"taxonomy":"category","embeddable":true,"href":"https:\/\/pc.sc.gov.br\/index.php?rest_route=%2Fwp%2Fv2%2Fcategories&post=26981"},{"taxonomy":"post_tag","embeddable":true,"href":"https:\/\/pc.sc.gov.br\/index.php?rest_route=%2Fwp%2Fv2%2Ftags&post=26981"}],"curies":[{"name":"wp","href":"https:\/\/api.w.org\/{rel}","templated":true}]}}