{"id":26991,"date":"2025-02-26T19:09:31","date_gmt":"2025-02-26T22:09:31","guid":{"rendered":"https:\/\/pc.sc.gov.br\/?p=26991"},"modified":"2025-02-26T19:12:02","modified_gmt":"2025-02-26T22:12:02","slug":"dfrv-deic-e-guarda-municipal-de-palhoca-recuperam-volkswagen-polo-2024-furtado","status":"publish","type":"post","link":"https:\/\/pc.sc.gov.br\/?p=26991","title":{"rendered":"DFRV\/DEIC e Guarda Municipal de Palho\u00e7a recuperam Volkswagen Polo 2024 furtado"},"content":{"rendered":"\t\t<div data-elementor-type=\"wp-post\" data-elementor-id=\"26991\" class=\"elementor elementor-26991\" data-elementor-post-type=\"post\">\n\t\t\t\t\t\t<section class=\"elementor-section elementor-top-section elementor-element elementor-element-fd4bbe2 elementor-section-boxed elementor-section-height-default elementor-section-height-default\" data-id=\"fd4bbe2\" data-element_type=\"section\">\n\t\t\t\t\t\t<div class=\"elementor-container elementor-column-gap-default\">\n\t\t\t\t\t<div class=\"elementor-column elementor-col-100 elementor-top-column elementor-element elementor-element-044e591\" data-id=\"044e591\" data-element_type=\"column\">\n\t\t\t<div class=\"elementor-widget-wrap elementor-element-populated\">\n\t\t\t\t\t\t<div class=\"elementor-element elementor-element-3747ea5 elementor-widget elementor-widget-heading\" data-id=\"3747ea5\" data-element_type=\"widget\" data-widget_type=\"heading.default\">\n\t\t\t\t<div class=\"elementor-widget-container\">\n\t\t\t\t\t<h2 class=\"elementor-heading-title elementor-size-default\">DFRV\/DEIC e Guarda Municipal de Palho\u00e7a recuperam Volkswagen Polo 2024 furtado<\/h2>\t\t\t\t<\/div>\n\t\t\t\t<\/div>\n\t\t\t\t\t<\/div>\n\t\t<\/div>\n\t\t\t\t\t<\/div>\n\t\t<\/section>\n\t\t\t\t<section class=\"elementor-section elementor-top-section elementor-element elementor-element-9082590 elementor-section-boxed elementor-section-height-default elementor-section-height-default\" data-id=\"9082590\" data-element_type=\"section\">\n\t\t\t\t\t\t<div class=\"elementor-container elementor-column-gap-default\">\n\t\t\t\t\t<div class=\"elementor-column elementor-col-100 elementor-top-column elementor-element elementor-element-ac58fa3\" data-id=\"ac58fa3\" data-element_type=\"column\">\n\t\t\t<div class=\"elementor-widget-wrap elementor-element-populated\">\n\t\t\t\t\t\t<div class=\"elementor-element elementor-element-854a19a elementor-widget elementor-widget-image\" data-id=\"854a19a\" data-element_type=\"widget\" data-widget_type=\"image.default\">\n\t\t\t\t<div class=\"elementor-widget-container\">\n\t\t\t\t\t\t\t\t\t\t\t\t\t\t\t<img fetchpriority=\"high\" decoding=\"async\" width=\"696\" height=\"481\" src=\"https:\/\/pc.sc.gov.br\/\/wp-content\/uploads\/2025\/02\/d0bb7437-06f3-4073-81ff-57168c70cba6-fotor-2025022619736.png\" class=\"attachment-large size-large wp-image-26992\" alt=\"\" srcset=\"https:\/\/pc.sc.gov.br\/\/wp-content\/uploads\/2025\/02\/d0bb7437-06f3-4073-81ff-57168c70cba6-fotor-2025022619736.png 973w, https:\/\/pc.sc.gov.br\/\/wp-content\/uploads\/2025\/02\/d0bb7437-06f3-4073-81ff-57168c70cba6-fotor-2025022619736-300x208.png 300w, https:\/\/pc.sc.gov.br\/\/wp-content\/uploads\/2025\/02\/d0bb7437-06f3-4073-81ff-57168c70cba6-fotor-2025022619736-768x531.png 768w\" sizes=\"(max-width: 696px) 100vw, 696px\" \/>\t\t\t\t\t\t\t\t\t\t\t\t\t\t\t<\/div>\n\t\t\t\t<\/div>\n\t\t\t\t\t<\/div>\n\t\t<\/div>\n\t\t\t\t\t<\/div>\n\t\t<\/section>\n\t\t\t\t<section class=\"elementor-section elementor-top-section elementor-element elementor-element-13acf96 elementor-section-boxed elementor-section-height-default elementor-section-height-default\" data-id=\"13acf96\" data-element_type=\"section\">\n\t\t\t\t\t\t<div class=\"elementor-container elementor-column-gap-default\">\n\t\t\t\t\t<div class=\"elementor-column elementor-col-100 elementor-top-column elementor-element elementor-element-c6f10e9\" data-id=\"c6f10e9\" data-element_type=\"column\">\n\t\t\t<div class=\"elementor-widget-wrap elementor-element-populated\">\n\t\t\t\t\t\t<div class=\"elementor-element elementor-element-d03d55c elementor-widget elementor-widget-text-editor\" data-id=\"d03d55c\" data-element_type=\"widget\" data-widget_type=\"text-editor.default\">\n\t\t\t\t<div class=\"elementor-widget-container\">\n\t\t\t\t\t\t\t\t\t<p>Na tarde desta quarta-feira (26), a Pol\u00edcia Civil de Santa Catarina, por meio da Delegacia de Furtos e Roubos de Ve\u00edculos (DFRV) da Diretoria Estadual de Investiga\u00e7\u00f5es Criminais (DEIC), em parceria com a Guarda Municipal de Palho\u00e7a, recuperou um Volkswagen Polo 2024 furtado. O ve\u00edculo estava em posse de um terceiro de boa-f\u00e9, que desconhecia sua origem il\u00edcita. De acordo com o delegado titular da DFRV\/DEIC Diego Azevedo, ele ser\u00e1 ouvido no inqu\u00e9rito policial instaurado para a completa apura\u00e7\u00e3o dos fatos.<\/p><p>As investiga\u00e7\u00f5es revelaram que o autom\u00f3vel foi alugado de uma locadora por um grupo criminoso especializado na falsifica\u00e7\u00e3o de documentos. Al\u00e9m deste ve\u00edculo, outros carros tamb\u00e9m foram alugados da mesma empresa e repassados a terceiros de boa-f\u00e9. H\u00e1 ind\u00edcios de que alguns desses ve\u00edculos foram utilizados em atividades ligadas ao tr\u00e1fico de drogas na Grande Florian\u00f3polis.<\/p><p>A a\u00e7\u00e3o integrada entre as for\u00e7as de seguran\u00e7a refor\u00e7a a import\u00e2ncia do trabalho conjunto no combate ao crime organizado na regi\u00e3o. As dilig\u00eancias continuam para identificar todos os integrantes da quadrilha e desmantelar suas opera\u00e7\u00f5es il\u00edcitas.<\/p><p>A Pol\u00edcia Civil destaca a import\u00e2ncia das den\u00fancias an\u00f4nimas da popula\u00e7\u00e3o, que podem ser feitas pelo telefone 181 ou pelo WhatsApp no n\u00famero (48) 98844-0011. A colabora\u00e7\u00e3o dos cidad\u00e3os \u00e9 fundamental para auxiliar as investiga\u00e7\u00f5es e retirar criminosos de circula\u00e7\u00e3o.<\/p>\t\t\t\t\t\t\t\t<\/div>\n\t\t\t\t<\/div>\n\t\t\t\t\t<\/div>\n\t\t<\/div>\n\t\t\t\t\t<\/div>\n\t\t<\/section>\n\t\t\t\t<\/div>\n\t\t","protected":false},"excerpt":{"rendered":"<p>DFRV\/DEIC e Guarda Municipal de Palho\u00e7a recuperam Volkswagen Polo 2024 furtado Na tarde desta quarta-feira (26), a Pol\u00edcia Civil de Santa Catarina, por meio da Delegacia de Furtos e Roubos de Ve\u00edculos (DFRV) da Diretoria Estadual de Investiga\u00e7\u00f5es Criminais (DEIC), em parceria com a Guarda Municipal de Palho\u00e7a, recuperou um Volkswagen Polo 2024 furtado. O [&hellip;]<\/p>\n","protected":false},"author":5,"featured_media":26992,"comment_status":"closed","ping_status":"open","sticky":false,"template":"","format":"standard","meta":{"_monsterinsights_skip_tracking":false,"_monsterinsights_sitenote_active":false,"_monsterinsights_sitenote_note":"","_monsterinsights_sitenote_category":0,"footnotes":""},"categories":[1],"tags":[],"class_list":["post-26991","post","type-post","status-publish","format-standard","has-post-thumbnail","hentry","category-sem-categoria"],"_links":{"self":[{"href":"https:\/\/pc.sc.gov.br\/index.php?rest_route=\/wp\/v2\/posts\/26991","targetHints":{"allow":["GET"]}}],"collection":[{"href":"https:\/\/pc.sc.gov.br\/index.php?rest_route=\/wp\/v2\/posts"}],"about":[{"href":"https:\/\/pc.sc.gov.br\/index.php?rest_route=\/wp\/v2\/types\/post"}],"author":[{"embeddable":true,"href":"https:\/\/pc.sc.gov.br\/index.php?rest_route=\/wp\/v2\/users\/5"}],"replies":[{"embeddable":true,"href":"https:\/\/pc.sc.gov.br\/index.php?rest_route=%2Fwp%2Fv2%2Fcomments&post=26991"}],"version-history":[{"count":3,"href":"https:\/\/pc.sc.gov.br\/index.php?rest_route=\/wp\/v2\/posts\/26991\/revisions"}],"predecessor-version":[{"id":26995,"href":"https:\/\/pc.sc.gov.br\/index.php?rest_route=\/wp\/v2\/posts\/26991\/revisions\/26995"}],"wp:featuredmedia":[{"embeddable":true,"href":"https:\/\/pc.sc.gov.br\/index.php?rest_route=\/wp\/v2\/media\/26992"}],"wp:attachment":[{"href":"https:\/\/pc.sc.gov.br\/index.php?rest_route=%2Fwp%2Fv2%2Fmedia&parent=26991"}],"wp:term":[{"taxonomy":"category","embeddable":true,"href":"https:\/\/pc.sc.gov.br\/index.php?rest_route=%2Fwp%2Fv2%2Fcategories&post=26991"},{"taxonomy":"post_tag","embeddable":true,"href":"https:\/\/pc.sc.gov.br\/index.php?rest_route=%2Fwp%2Fv2%2Ftags&post=26991"}],"curies":[{"name":"wp","href":"https:\/\/api.w.org\/{rel}","templated":true}]}}