{"id":26996,"date":"2025-02-27T14:14:12","date_gmt":"2025-02-27T17:14:12","guid":{"rendered":"https:\/\/pc.sc.gov.br\/?p=26996"},"modified":"2025-02-27T17:57:10","modified_gmt":"2025-02-27T20:57:10","slug":"operacao-ondas-limpas-pcsc-promove-acao-de-protecao-ambiental-em-itapema","status":"publish","type":"post","link":"https:\/\/pc.sc.gov.br\/?p=26996","title":{"rendered":"Opera\u00e7\u00e3o Praias Limpas: PCSC promove a\u00e7\u00e3o de prote\u00e7\u00e3o ambiental em Itapema"},"content":{"rendered":"\t\t<div data-elementor-type=\"wp-post\" data-elementor-id=\"26996\" class=\"elementor elementor-26996\" data-elementor-post-type=\"post\">\n\t\t\t\t\t\t<section class=\"elementor-section elementor-top-section elementor-element elementor-element-73fc54a elementor-section-boxed elementor-section-height-default elementor-section-height-default\" data-id=\"73fc54a\" data-element_type=\"section\">\n\t\t\t\t\t\t<div class=\"elementor-container elementor-column-gap-default\">\n\t\t\t\t\t<div class=\"elementor-column elementor-col-100 elementor-top-column elementor-element elementor-element-b81c7e7\" data-id=\"b81c7e7\" data-element_type=\"column\">\n\t\t\t<div class=\"elementor-widget-wrap elementor-element-populated\">\n\t\t\t\t\t\t<div class=\"elementor-element elementor-element-5be3d82 elementor-widget elementor-widget-heading\" data-id=\"5be3d82\" data-element_type=\"widget\" data-widget_type=\"heading.default\">\n\t\t\t\t<div class=\"elementor-widget-container\">\n\t\t\t\t\t<h2 class=\"elementor-heading-title elementor-size-default\">Opera\u00e7\u00e3o praias Limpas: PCSC promove a\u00e7\u00e3o de prote\u00e7\u00e3o ambiental em Itapema<\/h2>\t\t\t\t<\/div>\n\t\t\t\t<\/div>\n\t\t\t\t\t<\/div>\n\t\t<\/div>\n\t\t\t\t\t<\/div>\n\t\t<\/section>\n\t\t\t\t<section class=\"elementor-section elementor-top-section elementor-element elementor-element-ce7c764 elementor-section-boxed elementor-section-height-default elementor-section-height-default\" data-id=\"ce7c764\" data-element_type=\"section\">\n\t\t\t\t\t\t<div class=\"elementor-container elementor-column-gap-default\">\n\t\t\t\t\t<div class=\"elementor-column elementor-col-100 elementor-top-column elementor-element elementor-element-fbc4050\" data-id=\"fbc4050\" data-element_type=\"column\">\n\t\t\t<div class=\"elementor-widget-wrap elementor-element-populated\">\n\t\t\t\t\t\t<div class=\"elementor-element elementor-element-b843b2b elementor-widget elementor-widget-image\" data-id=\"b843b2b\" data-element_type=\"widget\" data-widget_type=\"image.default\">\n\t\t\t\t<div class=\"elementor-widget-container\">\n\t\t\t\t\t\t\t\t\t\t\t\t\t\t\t<img fetchpriority=\"high\" decoding=\"async\" width=\"696\" height=\"522\" src=\"https:\/\/pc.sc.gov.br\/\/wp-content\/uploads\/2025\/02\/Imagem-do-WhatsApp-de-2025-02-27-as-12.22.45_727d93a0-1024x768.jpg\" class=\"attachment-large size-large wp-image-26997\" alt=\"\" srcset=\"https:\/\/pc.sc.gov.br\/\/wp-content\/uploads\/2025\/02\/Imagem-do-WhatsApp-de-2025-02-27-as-12.22.45_727d93a0-1024x768.jpg 1024w, https:\/\/pc.sc.gov.br\/\/wp-content\/uploads\/2025\/02\/Imagem-do-WhatsApp-de-2025-02-27-as-12.22.45_727d93a0-300x225.jpg 300w, https:\/\/pc.sc.gov.br\/\/wp-content\/uploads\/2025\/02\/Imagem-do-WhatsApp-de-2025-02-27-as-12.22.45_727d93a0-768x576.jpg 768w, https:\/\/pc.sc.gov.br\/\/wp-content\/uploads\/2025\/02\/Imagem-do-WhatsApp-de-2025-02-27-as-12.22.45_727d93a0-1536x1152.jpg 1536w, https:\/\/pc.sc.gov.br\/\/wp-content\/uploads\/2025\/02\/Imagem-do-WhatsApp-de-2025-02-27-as-12.22.45_727d93a0.jpg 1600w\" sizes=\"(max-width: 696px) 100vw, 696px\" \/>\t\t\t\t\t\t\t\t\t\t\t\t\t\t\t<\/div>\n\t\t\t\t<\/div>\n\t\t\t\t\t<\/div>\n\t\t<\/div>\n\t\t\t\t\t<\/div>\n\t\t<\/section>\n\t\t\t\t<section class=\"elementor-section elementor-top-section elementor-element elementor-element-47925d7 elementor-section-boxed elementor-section-height-default elementor-section-height-default\" data-id=\"47925d7\" data-element_type=\"section\">\n\t\t\t\t\t\t<div class=\"elementor-container elementor-column-gap-default\">\n\t\t\t\t\t<div class=\"elementor-column elementor-col-100 elementor-top-column elementor-element elementor-element-69eaabc\" data-id=\"69eaabc\" data-element_type=\"column\">\n\t\t\t<div class=\"elementor-widget-wrap elementor-element-populated\">\n\t\t\t\t\t\t<div class=\"elementor-element elementor-element-f5fd1c2 elementor-widget elementor-widget-text-editor\" data-id=\"f5fd1c2\" data-element_type=\"widget\" data-widget_type=\"text-editor.default\">\n\t\t\t\t<div class=\"elementor-widget-container\">\n\t\t\t\t\t\t\t\t\t<p>A Pol\u00edcia Civil de Santa Catarina uniu esfor\u00e7os com a Funda\u00e7\u00e3o Ambiental da \u00c1rea Costeira de Itapema (FAACI) e com a Ambiental Limpeza Urbana e Saneamento e promoveu nesta quinta-feira (27), em Itapema, na Praia Central de Itapema, a Opera\u00e7\u00e3o Praias Limpas. A a\u00e7\u00e3o foi criada para promover a preserva\u00e7\u00e3o ambiental, pois infelizmente, a polui\u00e7\u00e3o e o descarte inadequado de res\u00edduos t\u00eam amea\u00e7ado esses ecossistemas preciosos. No pr\u00f3ximo dia 8 de mar\u00e7o, a Opera\u00e7\u00e3o Praias Limpas ser\u00e1 realizada na Praia de Canasvieiras, em Florian\u00f3polis, com outros \u00f3rg\u00e3os e empresas parceiras.<\/p>\n<p>O objetivo da Opera\u00e7\u00e3o Praias Limpas \u00e9, al\u00e9m de recolher o lixo deixado na praia, despertar a conscientiza\u00e7\u00e3o de volunt\u00e1rios e veranistas sobre a import\u00e2ncia de dar o destino correto para os res\u00edduos s\u00f3lidos.&nbsp;<\/p>\n<p>Al\u00e9m de aproximar a PCSC da comunidade, essa a\u00e7\u00e3o tamb\u00e9m promove a educa\u00e7\u00e3o ambiental, incentivando pr\u00e1ticas sustent\u00e1veis e fortalecendo o senso de pertencimento e responsabilidade. Ao coletar lixo, estamos protegendo a vida marinha, preservando a biodiversidade e garantindo que as futuras gera\u00e7\u00f5es possam desfrutar da mesma beleza que conhecemos.<\/p>\n<p>O Diretor de Poli\u0301cia do Litoral da PCSC, delegado Fa\u0301bio Oso\u0301rio, reforc\u0327ou a importa\u0302ncia da ac\u0327a\u0303o. \u201cEssa campanha tem por objetivo auxiliar na limpeza e conscientizac\u0327a\u0303o dos catarinenses e turistas sobre a importa\u0302ncia de todos contribui\u0301rem coma preservac\u0327a\u0303o do meio ambiente com pra\u0301ticas sustenta\u0301veis\u201d. A ac\u0327a\u0303o iniciou pro\u0301ximo ao Molhe do Pontal Sul do Rio dos Oliveiras e seguiu ate\u0301 a altura da Rua 129.&nbsp;<\/p>\n<p>Os participantes recolheram resi\u0301duos ao longo da Orla e tambe\u0301m conversaram com moradores e turistas sobre a importa\u0302ncia da destinac\u0327a\u0303o correta do lixo.\u201c A Poli\u0301cia Civil agradece a todos os o\u0301rga\u0303os parceiros em mais esta ac\u0327a\u0303o aqui em Itapema, reforc\u0327ando a unia\u0303o de esforc\u0327os para a preservac\u0327a\u0303o do meio ambiente e para manter a cidade limpa\u201d, destacou o delegado de Poli\u0301cia de Itapema, Aden Claus.<\/p>\t\t\t\t\t\t\t\t<\/div>\n\t\t\t\t<\/div>\n\t\t\t\t\t<\/div>\n\t\t<\/div>\n\t\t\t\t\t<\/div>\n\t\t<\/section>\n\t\t\t\t<section class=\"elementor-section elementor-top-section elementor-element elementor-element-5de621c elementor-section-boxed elementor-section-height-default elementor-section-height-default\" data-id=\"5de621c\" data-element_type=\"section\">\n\t\t\t\t\t\t<div class=\"elementor-container elementor-column-gap-default\">\n\t\t\t\t\t<div class=\"elementor-column elementor-col-100 elementor-top-column elementor-element elementor-element-79b43e6\" data-id=\"79b43e6\" data-element_type=\"column\">\n\t\t\t<div class=\"elementor-widget-wrap elementor-element-populated\">\n\t\t\t\t\t\t<div class=\"elementor-element elementor-element-825ce93 elementor-widget elementor-widget-gallery\" data-id=\"825ce93\" data-element_type=\"widget\" data-settings=\"{&quot;lazyload&quot;:&quot;yes&quot;,&quot;gallery_layout&quot;:&quot;grid&quot;,&quot;columns&quot;:4,&quot;columns_tablet&quot;:2,&quot;columns_mobile&quot;:1,&quot;gap&quot;:{&quot;unit&quot;:&quot;px&quot;,&quot;size&quot;:10,&quot;sizes&quot;:[]},&quot;gap_tablet&quot;:{&quot;unit&quot;:&quot;px&quot;,&quot;size&quot;:10,&quot;sizes&quot;:[]},&quot;gap_mobile&quot;:{&quot;unit&quot;:&quot;px&quot;,&quot;size&quot;:10,&quot;sizes&quot;:[]},&quot;link_to&quot;:&quot;file&quot;,&quot;aspect_ratio&quot;:&quot;3:2&quot;,&quot;overlay_background&quot;:&quot;yes&quot;,&quot;content_hover_animation&quot;:&quot;fade-in&quot;}\" data-widget_type=\"gallery.default\">\n\t\t\t\t<div class=\"elementor-widget-container\">\n\t\t\t\t\t\t\t<div class=\"elementor-gallery__container\">\n\t\t\t\t\t\t\t<a class=\"e-gallery-item elementor-gallery-item elementor-animated-content\" href=\"https:\/\/pc.sc.gov.br\/\/wp-content\/uploads\/2025\/02\/Imagem-do-WhatsApp-de-2025-02-27-as-12.32.58_4b277970.jpg\" data-elementor-open-lightbox=\"yes\" data-elementor-lightbox-slideshow=\"825ce93\" data-elementor-lightbox-title=\"Imagem do WhatsApp de 2025-02-27 \u00e0(s) 12.32.58_4b277970\" data-e-action-hash=\"#elementor-action%3Aaction%3Dlightbox%26settings%3DeyJpZCI6MjcwMDUsInVybCI6Imh0dHBzOlwvXC9wYy5zYy5nb3YuYnJcL1wvd3AtY29udGVudFwvdXBsb2Fkc1wvMjAyNVwvMDJcL0ltYWdlbS1kby1XaGF0c0FwcC1kZS0yMDI1LTAyLTI3LWFzLTEyLjMyLjU4XzRiMjc3OTcwLmpwZyIsInNsaWRlc2hvdyI6IjgyNWNlOTMifQ%3D%3D\">\n\t\t\t\t\t<div class=\"e-gallery-image elementor-gallery-item__image\" data-thumbnail=\"https:\/\/pc.sc.gov.br\/\/wp-content\/uploads\/2025\/02\/Imagem-do-WhatsApp-de-2025-02-27-as-12.32.58_4b277970-225x300.jpg\" data-width=\"225\" data-height=\"300\" aria-label=\"\" role=\"img\" ><\/div>\n\t\t\t\t\t\t\t\t\t\t\t<div class=\"elementor-gallery-item__overlay\"><\/div>\n\t\t\t\t\t\t\t\t\t\t\t\t\t\t<\/a>\n\t\t\t\t\t\t\t<a class=\"e-gallery-item elementor-gallery-item elementor-animated-content\" href=\"https:\/\/pc.sc.gov.br\/\/wp-content\/uploads\/2025\/02\/Imagem-do-WhatsApp-de-2025-02-27-as-12.32.57_5f3b4708.jpg\" data-elementor-open-lightbox=\"yes\" data-elementor-lightbox-slideshow=\"825ce93\" data-elementor-lightbox-title=\"Imagem do WhatsApp de 2025-02-27 \u00e0(s) 12.32.57_5f3b4708\" data-e-action-hash=\"#elementor-action%3Aaction%3Dlightbox%26settings%3DeyJpZCI6MjcwMDQsInVybCI6Imh0dHBzOlwvXC9wYy5zYy5nb3YuYnJcL1wvd3AtY29udGVudFwvdXBsb2Fkc1wvMjAyNVwvMDJcL0ltYWdlbS1kby1XaGF0c0FwcC1kZS0yMDI1LTAyLTI3LWFzLTEyLjMyLjU3XzVmM2I0NzA4LmpwZyIsInNsaWRlc2hvdyI6IjgyNWNlOTMifQ%3D%3D\">\n\t\t\t\t\t<div class=\"e-gallery-image elementor-gallery-item__image\" data-thumbnail=\"https:\/\/pc.sc.gov.br\/\/wp-content\/uploads\/2025\/02\/Imagem-do-WhatsApp-de-2025-02-27-as-12.32.57_5f3b4708-300x225.jpg\" data-width=\"300\" data-height=\"225\" aria-label=\"\" role=\"img\" ><\/div>\n\t\t\t\t\t\t\t\t\t\t\t<div class=\"elementor-gallery-item__overlay\"><\/div>\n\t\t\t\t\t\t\t\t\t\t\t\t\t\t<\/a>\n\t\t\t\t\t\t\t<a class=\"e-gallery-item elementor-gallery-item elementor-animated-content\" href=\"https:\/\/pc.sc.gov.br\/\/wp-content\/uploads\/2025\/02\/Imagem-do-WhatsApp-de-2025-02-27-as-12.23.05_18b22f72-fotor-20250227141822.jpg\" data-elementor-open-lightbox=\"yes\" data-elementor-lightbox-slideshow=\"825ce93\" data-elementor-lightbox-title=\"Imagem do WhatsApp de 2025-02-27 \u00e0(s) 12.23.05_18b22f72-fotor-20250227141822\" data-e-action-hash=\"#elementor-action%3Aaction%3Dlightbox%26settings%3DeyJpZCI6MjcwMDMsInVybCI6Imh0dHBzOlwvXC9wYy5zYy5nb3YuYnJcL1wvd3AtY29udGVudFwvdXBsb2Fkc1wvMjAyNVwvMDJcL0ltYWdlbS1kby1XaGF0c0FwcC1kZS0yMDI1LTAyLTI3LWFzLTEyLjIzLjA1XzE4YjIyZjcyLWZvdG9yLTIwMjUwMjI3MTQxODIyLmpwZyIsInNsaWRlc2hvdyI6IjgyNWNlOTMifQ%3D%3D\">\n\t\t\t\t\t<div class=\"e-gallery-image elementor-gallery-item__image\" data-thumbnail=\"https:\/\/pc.sc.gov.br\/\/wp-content\/uploads\/2025\/02\/Imagem-do-WhatsApp-de-2025-02-27-as-12.23.05_18b22f72-fotor-20250227141822-300x225.jpg\" data-width=\"300\" data-height=\"225\" aria-label=\"\" role=\"img\" ><\/div>\n\t\t\t\t\t\t\t\t\t\t\t<div class=\"elementor-gallery-item__overlay\"><\/div>\n\t\t\t\t\t\t\t\t\t\t\t\t\t\t<\/a>\n\t\t\t\t\t\t\t<a class=\"e-gallery-item elementor-gallery-item elementor-animated-content\" href=\"https:\/\/pc.sc.gov.br\/\/wp-content\/uploads\/2025\/02\/Imagem-do-WhatsApp-de-2025-02-27-as-12.32.57_5f3b4708-fotor-20250227141837.jpg\" data-elementor-open-lightbox=\"yes\" data-elementor-lightbox-slideshow=\"825ce93\" data-elementor-lightbox-title=\"Imagem do WhatsApp de 2025-02-27 \u00e0(s) 12.32.57_5f3b4708-fotor-20250227141837\" data-e-action-hash=\"#elementor-action%3Aaction%3Dlightbox%26settings%3DeyJpZCI6MjcwMDIsInVybCI6Imh0dHBzOlwvXC9wYy5zYy5nb3YuYnJcL1wvd3AtY29udGVudFwvdXBsb2Fkc1wvMjAyNVwvMDJcL0ltYWdlbS1kby1XaGF0c0FwcC1kZS0yMDI1LTAyLTI3LWFzLTEyLjMyLjU3XzVmM2I0NzA4LWZvdG9yLTIwMjUwMjI3MTQxODM3LmpwZyIsInNsaWRlc2hvdyI6IjgyNWNlOTMifQ%3D%3D\">\n\t\t\t\t\t<div class=\"e-gallery-image elementor-gallery-item__image\" data-thumbnail=\"https:\/\/pc.sc.gov.br\/\/wp-content\/uploads\/2025\/02\/Imagem-do-WhatsApp-de-2025-02-27-as-12.32.57_5f3b4708-fotor-20250227141837-300x225.jpg\" data-width=\"300\" data-height=\"225\" aria-label=\"\" role=\"img\" ><\/div>\n\t\t\t\t\t\t\t\t\t\t\t<div class=\"elementor-gallery-item__overlay\"><\/div>\n\t\t\t\t\t\t\t\t\t\t\t\t\t\t<\/a>\n\t\t\t\t\t\t\t<a class=\"e-gallery-item elementor-gallery-item elementor-animated-content\" href=\"https:\/\/pc.sc.gov.br\/\/wp-content\/uploads\/2025\/02\/Imagem-do-WhatsApp-de-2025-02-27-as-12.23.22_061a1041-fotor-20250227141858.jpg\" data-elementor-open-lightbox=\"yes\" data-elementor-lightbox-slideshow=\"825ce93\" data-elementor-lightbox-title=\"Imagem do WhatsApp de 2025-02-27 \u00e0(s) 12.23.22_061a1041-fotor-20250227141858\" data-e-action-hash=\"#elementor-action%3Aaction%3Dlightbox%26settings%3DeyJpZCI6MjcwMDEsInVybCI6Imh0dHBzOlwvXC9wYy5zYy5nb3YuYnJcL1wvd3AtY29udGVudFwvdXBsb2Fkc1wvMjAyNVwvMDJcL0ltYWdlbS1kby1XaGF0c0FwcC1kZS0yMDI1LTAyLTI3LWFzLTEyLjIzLjIyXzA2MWExMDQxLWZvdG9yLTIwMjUwMjI3MTQxODU4LmpwZyIsInNsaWRlc2hvdyI6IjgyNWNlOTMifQ%3D%3D\">\n\t\t\t\t\t<div class=\"e-gallery-image elementor-gallery-item__image\" data-thumbnail=\"https:\/\/pc.sc.gov.br\/\/wp-content\/uploads\/2025\/02\/Imagem-do-WhatsApp-de-2025-02-27-as-12.23.22_061a1041-fotor-20250227141858-300x225.jpg\" data-width=\"300\" data-height=\"225\" aria-label=\"\" role=\"img\" ><\/div>\n\t\t\t\t\t\t\t\t\t\t\t<div class=\"elementor-gallery-item__overlay\"><\/div>\n\t\t\t\t\t\t\t\t\t\t\t\t\t\t<\/a>\n\t\t\t\t\t\t\t<a class=\"e-gallery-item elementor-gallery-item elementor-animated-content\" href=\"https:\/\/pc.sc.gov.br\/\/wp-content\/uploads\/2025\/02\/Imagem-do-WhatsApp-de-2025-02-27-as-12.24.20_d8f19f6a-fotor-20250227141959.jpg\" data-elementor-open-lightbox=\"yes\" data-elementor-lightbox-slideshow=\"825ce93\" data-elementor-lightbox-title=\"Imagem do WhatsApp de 2025-02-27 \u00e0(s) 12.24.20_d8f19f6a-fotor-20250227141959\" data-e-action-hash=\"#elementor-action%3Aaction%3Dlightbox%26settings%3DeyJpZCI6MjcwMDAsInVybCI6Imh0dHBzOlwvXC9wYy5zYy5nb3YuYnJcL1wvd3AtY29udGVudFwvdXBsb2Fkc1wvMjAyNVwvMDJcL0ltYWdlbS1kby1XaGF0c0FwcC1kZS0yMDI1LTAyLTI3LWFzLTEyLjI0LjIwX2Q4ZjE5ZjZhLWZvdG9yLTIwMjUwMjI3MTQxOTU5LmpwZyIsInNsaWRlc2hvdyI6IjgyNWNlOTMifQ%3D%3D\">\n\t\t\t\t\t<div class=\"e-gallery-image elementor-gallery-item__image\" data-thumbnail=\"https:\/\/pc.sc.gov.br\/\/wp-content\/uploads\/2025\/02\/Imagem-do-WhatsApp-de-2025-02-27-as-12.24.20_d8f19f6a-fotor-20250227141959-300x225.jpg\" data-width=\"300\" data-height=\"225\" aria-label=\"\" role=\"img\" ><\/div>\n\t\t\t\t\t\t\t\t\t\t\t<div class=\"elementor-gallery-item__overlay\"><\/div>\n\t\t\t\t\t\t\t\t\t\t\t\t\t\t<\/a>\n\t\t\t\t\t\t\t<a class=\"e-gallery-item elementor-gallery-item elementor-animated-content\" href=\"https:\/\/pc.sc.gov.br\/\/wp-content\/uploads\/2025\/02\/Imagem-do-WhatsApp-de-2025-02-27-as-12.22.45_727d93a0-fotor-20250227142018.jpg\" data-elementor-open-lightbox=\"yes\" data-elementor-lightbox-slideshow=\"825ce93\" data-elementor-lightbox-title=\"Imagem do WhatsApp de 2025-02-27 \u00e0(s) 12.22.45_727d93a0-fotor-20250227142018\" data-e-action-hash=\"#elementor-action%3Aaction%3Dlightbox%26settings%3DeyJpZCI6MjY5OTksInVybCI6Imh0dHBzOlwvXC9wYy5zYy5nb3YuYnJcL1wvd3AtY29udGVudFwvdXBsb2Fkc1wvMjAyNVwvMDJcL0ltYWdlbS1kby1XaGF0c0FwcC1kZS0yMDI1LTAyLTI3LWFzLTEyLjIyLjQ1XzcyN2Q5M2EwLWZvdG9yLTIwMjUwMjI3MTQyMDE4LmpwZyIsInNsaWRlc2hvdyI6IjgyNWNlOTMifQ%3D%3D\">\n\t\t\t\t\t<div class=\"e-gallery-image elementor-gallery-item__image\" data-thumbnail=\"https:\/\/pc.sc.gov.br\/\/wp-content\/uploads\/2025\/02\/Imagem-do-WhatsApp-de-2025-02-27-as-12.22.45_727d93a0-fotor-20250227142018-300x225.jpg\" data-width=\"300\" data-height=\"225\" aria-label=\"\" role=\"img\" ><\/div>\n\t\t\t\t\t\t\t\t\t\t\t<div class=\"elementor-gallery-item__overlay\"><\/div>\n\t\t\t\t\t\t\t\t\t\t\t\t\t\t<\/a>\n\t\t\t\t\t<\/div>\n\t\t\t\t\t<\/div>\n\t\t\t\t<\/div>\n\t\t\t\t\t<\/div>\n\t\t<\/div>\n\t\t\t\t\t<\/div>\n\t\t<\/section>\n\t\t\t\t<\/div>\n\t\t","protected":false},"excerpt":{"rendered":"<p>Opera\u00e7\u00e3o praias Limpas: PCSC promove a\u00e7\u00e3o de prote\u00e7\u00e3o ambiental em Itapema A Pol\u00edcia Civil de Santa Catarina uniu esfor\u00e7os com a Funda\u00e7\u00e3o Ambiental da \u00c1rea Costeira de Itapema (FAACI) e com a Ambiental Limpeza Urbana e Saneamento e promoveu nesta quinta-feira (27), em Itapema, na Praia Central de Itapema, a Opera\u00e7\u00e3o Praias Limpas. A a\u00e7\u00e3o [&hellip;]<\/p>\n","protected":false},"author":5,"featured_media":26997,"comment_status":"closed","ping_status":"open","sticky":false,"template":"","format":"standard","meta":{"_monsterinsights_skip_tracking":false,"_monsterinsights_sitenote_active":false,"_monsterinsights_sitenote_note":"","_monsterinsights_sitenote_category":0,"footnotes":""},"categories":[1],"tags":[],"class_list":["post-26996","post","type-post","status-publish","format-standard","has-post-thumbnail","hentry","category-sem-categoria"],"_links":{"self":[{"href":"https:\/\/pc.sc.gov.br\/index.php?rest_route=\/wp\/v2\/posts\/26996","targetHints":{"allow":["GET"]}}],"collection":[{"href":"https:\/\/pc.sc.gov.br\/index.php?rest_route=\/wp\/v2\/posts"}],"about":[{"href":"https:\/\/pc.sc.gov.br\/index.php?rest_route=\/wp\/v2\/types\/post"}],"author":[{"embeddable":true,"href":"https:\/\/pc.sc.gov.br\/index.php?rest_route=\/wp\/v2\/users\/5"}],"replies":[{"embeddable":true,"href":"https:\/\/pc.sc.gov.br\/index.php?rest_route=%2Fwp%2Fv2%2Fcomments&post=26996"}],"version-history":[{"count":8,"href":"https:\/\/pc.sc.gov.br\/index.php?rest_route=\/wp\/v2\/posts\/26996\/revisions"}],"predecessor-version":[{"id":27037,"href":"https:\/\/pc.sc.gov.br\/index.php?rest_route=\/wp\/v2\/posts\/26996\/revisions\/27037"}],"wp:featuredmedia":[{"embeddable":true,"href":"https:\/\/pc.sc.gov.br\/index.php?rest_route=\/wp\/v2\/media\/26997"}],"wp:attachment":[{"href":"https:\/\/pc.sc.gov.br\/index.php?rest_route=%2Fwp%2Fv2%2Fmedia&parent=26996"}],"wp:term":[{"taxonomy":"category","embeddable":true,"href":"https:\/\/pc.sc.gov.br\/index.php?rest_route=%2Fwp%2Fv2%2Fcategories&post=26996"},{"taxonomy":"post_tag","embeddable":true,"href":"https:\/\/pc.sc.gov.br\/index.php?rest_route=%2Fwp%2Fv2%2Ftags&post=26996"}],"curies":[{"name":"wp","href":"https:\/\/api.w.org\/{rel}","templated":true}]}}