{"id":27042,"date":"2025-02-28T14:52:44","date_gmt":"2025-02-28T17:52:44","guid":{"rendered":"https:\/\/pc.sc.gov.br\/?p=27042"},"modified":"2025-02-28T14:53:58","modified_gmt":"2025-02-28T17:53:58","slug":"operacao-alvara-decor-deic-cumpre-oito-mandados-de-busca-e-apreensao-em-investigacao-sobre-concessao-de-alvaras-de-construcao-em-sao-jose","status":"publish","type":"post","link":"https:\/\/pc.sc.gov.br\/?p=27042","title":{"rendered":"Opera\u00e7\u00e3o \u201cAlvar\u00e1\u201d: DECOR\/DEIC cumpre oito mandados de busca e apreens\u00e3o em investiga\u00e7\u00e3o sobre concess\u00e3o de alvar\u00e1s de constru\u00e7\u00e3o em S\u00e3o Jos\u00e9"},"content":{"rendered":"\t\t<div data-elementor-type=\"wp-post\" data-elementor-id=\"27042\" class=\"elementor elementor-27042\" data-elementor-post-type=\"post\">\n\t\t\t\t\t\t<section class=\"elementor-section elementor-top-section elementor-element elementor-element-232e1ba elementor-section-boxed elementor-section-height-default elementor-section-height-default\" data-id=\"232e1ba\" data-element_type=\"section\">\n\t\t\t\t\t\t<div class=\"elementor-container elementor-column-gap-default\">\n\t\t\t\t\t<div class=\"elementor-column elementor-col-100 elementor-top-column elementor-element elementor-element-999c706\" data-id=\"999c706\" data-element_type=\"column\">\n\t\t\t<div class=\"elementor-widget-wrap elementor-element-populated\">\n\t\t\t\t\t\t<div class=\"elementor-element elementor-element-ec80ea9 elementor-widget elementor-widget-heading\" data-id=\"ec80ea9\" data-element_type=\"widget\" data-widget_type=\"heading.default\">\n\t\t\t\t<div class=\"elementor-widget-container\">\n\t\t\t\t\t<h2 class=\"elementor-heading-title elementor-size-default\">Opera\u00e7\u00e3o \u201cAlvar\u00e1\u201d: DECOR\/DEIC cumpre oito mandados de busca e apreens\u00e3o em investiga\u00e7\u00e3o sobre concess\u00e3o de alvar\u00e1s de constru\u00e7\u00e3o em S\u00e3o Jos\u00e9<\/h2>\t\t\t\t<\/div>\n\t\t\t\t<\/div>\n\t\t\t\t\t<\/div>\n\t\t<\/div>\n\t\t\t\t\t<\/div>\n\t\t<\/section>\n\t\t\t\t<section class=\"elementor-section elementor-top-section elementor-element elementor-element-f7d4c26 elementor-section-boxed elementor-section-height-default elementor-section-height-default\" data-id=\"f7d4c26\" data-element_type=\"section\">\n\t\t\t\t\t\t<div class=\"elementor-container elementor-column-gap-default\">\n\t\t\t\t\t<div class=\"elementor-column elementor-col-100 elementor-top-column elementor-element elementor-element-8f60d4a\" data-id=\"8f60d4a\" data-element_type=\"column\">\n\t\t\t<div class=\"elementor-widget-wrap elementor-element-populated\">\n\t\t\t\t\t\t<div class=\"elementor-element elementor-element-054235e elementor-widget elementor-widget-image\" data-id=\"054235e\" data-element_type=\"widget\" data-widget_type=\"image.default\">\n\t\t\t\t<div class=\"elementor-widget-container\">\n\t\t\t\t\t\t\t\t\t\t\t\t\t\t\t<img fetchpriority=\"high\" decoding=\"async\" width=\"696\" height=\"522\" src=\"https:\/\/pc.sc.gov.br\/\/wp-content\/uploads\/2025\/02\/Imagem-do-WhatsApp-de-2025-02-28-as-08.42.34_854e6eb8-1024x768.jpg\" class=\"attachment-large size-large wp-image-27044\" alt=\"\" srcset=\"https:\/\/pc.sc.gov.br\/\/wp-content\/uploads\/2025\/02\/Imagem-do-WhatsApp-de-2025-02-28-as-08.42.34_854e6eb8-1024x768.jpg 1024w, https:\/\/pc.sc.gov.br\/\/wp-content\/uploads\/2025\/02\/Imagem-do-WhatsApp-de-2025-02-28-as-08.42.34_854e6eb8-300x225.jpg 300w, https:\/\/pc.sc.gov.br\/\/wp-content\/uploads\/2025\/02\/Imagem-do-WhatsApp-de-2025-02-28-as-08.42.34_854e6eb8-768x576.jpg 768w, https:\/\/pc.sc.gov.br\/\/wp-content\/uploads\/2025\/02\/Imagem-do-WhatsApp-de-2025-02-28-as-08.42.34_854e6eb8.jpg 1280w\" sizes=\"(max-width: 696px) 100vw, 696px\" \/>\t\t\t\t\t\t\t\t\t\t\t\t\t\t\t<\/div>\n\t\t\t\t<\/div>\n\t\t\t\t\t<\/div>\n\t\t<\/div>\n\t\t\t\t\t<\/div>\n\t\t<\/section>\n\t\t\t\t<section class=\"elementor-section elementor-top-section elementor-element elementor-element-14ede68 elementor-section-boxed elementor-section-height-default elementor-section-height-default\" data-id=\"14ede68\" data-element_type=\"section\">\n\t\t\t\t\t\t<div class=\"elementor-container elementor-column-gap-default\">\n\t\t\t\t\t<div class=\"elementor-column elementor-col-100 elementor-top-column elementor-element elementor-element-5f42bf3\" data-id=\"5f42bf3\" data-element_type=\"column\">\n\t\t\t<div class=\"elementor-widget-wrap elementor-element-populated\">\n\t\t\t\t\t\t<div class=\"elementor-element elementor-element-ebcf9a8 elementor-widget elementor-widget-text-editor\" data-id=\"ebcf9a8\" data-element_type=\"widget\" data-widget_type=\"text-editor.default\">\n\t\t\t\t<div class=\"elementor-widget-container\">\n\t\t\t\t\t\t\t\t\t<p>A Poli\u0301cia Civil de Santa Catarina, por meio da Delegacia Especializada no Combate a\u0300 Corrupc\u0327a\u0303o e Crimes contra o Patrimo\u0302nio Pu\u0301blico (DECOR\/DEIC) cumpriu, nesta sexta-feira (28), oito mandados de busca e apreensa\u0303o, expedidos pela jui\u0301zo da Vara Criminal da Regia\u0303o Metropolitana da Comarca da Capital.<\/p>\n<p>A operac\u0327a\u0303o foi deflagrada com vistas a apurar denu\u0301ncia relativa a\u0300 obtenc\u0327a\u0303o de vantagem ili\u0301cita para a concessa\u0303o de alvara\u0301s de construc\u0327o\u0303es realizadas em Sa\u0303o Jose\u0301 e cancelamentos de multas expedidas em raza\u0303o de irregularidades em uma das obras.<\/p>\n<p>Apurou-se que proprieta\u0301rios de um estabelecimento comercial entregaram vantagem indevida a um homem que representaria um servidor pu\u0301blico, lotado na Prefeitura Municipal de Sa\u0303o Jose\u0301, para fins de obtenc\u0327a\u0303o do alvara\u0301 de construc\u0327a\u0303o.&nbsp;<\/p>\n<p>Posteriormente, os mencionados empresa\u0301rios indicaram os servic\u0327os escusos a um casal que estava construindo um pre\u0301dio, em Sa\u0303o Jose\u0301, e tambe\u0301m encontrava dificuldades na obtenc\u0327a\u0303o do alvara\u0301.<\/p>\n<p>Todavia, em virtude de irregularidades na construc\u0327a\u0303o, houve a aplicac\u0327a\u0303o de multas e o embargo da obra. Desta feita, o \u201cintermediador\u201d procurou o casal e solicitou nova vantagem indevida para efetuar o cancelamento das sanc\u0327o\u0303es e regularizar o empreendimento.<\/p>\n<p>Diante dos robustos indi\u0301cios da pra\u0301tica dos delitos de corrupc\u0327a\u0303o ativa e passiva, a Poli\u0301cia Civil instaurou inque\u0301rito policial e representou pela expedic\u0327a\u0303o dos mandados de busca e apreensa\u0303o, cumpridos na manha\u0303 de hoje.<\/p>\n<p>Durante as dilige\u0302ncias, foram apreendidos documentos e equipamentos eletro\u0302nicos, que sera\u0303o devidamente periciados e analisados, com a finalidade de elucidar totalmente o caso e identificar eventual participac\u0327a\u0303o de outros envolvidos. Os policiais localizaram, ainda, mais de R$ 11.000,00 em espe\u0301cie, que tambe\u0301m restaram apreendidos.<\/p>\n<p>Participaram da operac\u0327a\u0303o policiais das seguintes unidades da DEIC: Coordenadoria Estadual de Combate a\u0300 Corrupc\u0327a\u0303o, DCAC, DFAZ, DCON, DLAV, LAB-LD e 1\u00aa DECOR, coordenados pela equipe de investigac\u0327a\u0303o da DECOR\/DEIC.<span style=\"color: var( --e-global-color-text ); font-family: var( --e-global-typography-primary-font-family ), Sans-serif; font-size: var( --e-global-typography-primary-font-size ); font-weight: var( --e-global-typography-primary-font-weight ); letter-spacing: var( --e-global-typography-primary-letter-spacing );\">&nbsp;<\/span><\/p>\t\t\t\t\t\t\t\t<\/div>\n\t\t\t\t<\/div>\n\t\t\t\t\t<\/div>\n\t\t<\/div>\n\t\t\t\t\t<\/div>\n\t\t<\/section>\n\t\t\t\t<\/div>\n\t\t","protected":false},"excerpt":{"rendered":"<p>Opera\u00e7\u00e3o \u201cAlvar\u00e1\u201d: DECOR\/DEIC cumpre oito mandados de busca e apreens\u00e3o em investiga\u00e7\u00e3o sobre concess\u00e3o de alvar\u00e1s de constru\u00e7\u00e3o em S\u00e3o Jos\u00e9 A Poli\u0301cia Civil de Santa Catarina, por meio da Delegacia Especializada no Combate a\u0300 Corrupc\u0327a\u0303o e Crimes contra o Patrimo\u0302nio Pu\u0301blico (DECOR\/DEIC) cumpriu, nesta sexta-feira (28), oito mandados de busca e apreensa\u0303o, expedidos pela [&hellip;]<\/p>\n","protected":false},"author":5,"featured_media":27044,"comment_status":"closed","ping_status":"open","sticky":false,"template":"","format":"standard","meta":{"_monsterinsights_skip_tracking":false,"_monsterinsights_sitenote_active":false,"_monsterinsights_sitenote_note":"","_monsterinsights_sitenote_category":0,"footnotes":""},"categories":[1],"tags":[],"class_list":["post-27042","post","type-post","status-publish","format-standard","has-post-thumbnail","hentry","category-sem-categoria"],"_links":{"self":[{"href":"https:\/\/pc.sc.gov.br\/index.php?rest_route=\/wp\/v2\/posts\/27042","targetHints":{"allow":["GET"]}}],"collection":[{"href":"https:\/\/pc.sc.gov.br\/index.php?rest_route=\/wp\/v2\/posts"}],"about":[{"href":"https:\/\/pc.sc.gov.br\/index.php?rest_route=\/wp\/v2\/types\/post"}],"author":[{"embeddable":true,"href":"https:\/\/pc.sc.gov.br\/index.php?rest_route=\/wp\/v2\/users\/5"}],"replies":[{"embeddable":true,"href":"https:\/\/pc.sc.gov.br\/index.php?rest_route=%2Fwp%2Fv2%2Fcomments&post=27042"}],"version-history":[{"count":4,"href":"https:\/\/pc.sc.gov.br\/index.php?rest_route=\/wp\/v2\/posts\/27042\/revisions"}],"predecessor-version":[{"id":27048,"href":"https:\/\/pc.sc.gov.br\/index.php?rest_route=\/wp\/v2\/posts\/27042\/revisions\/27048"}],"wp:featuredmedia":[{"embeddable":true,"href":"https:\/\/pc.sc.gov.br\/index.php?rest_route=\/wp\/v2\/media\/27044"}],"wp:attachment":[{"href":"https:\/\/pc.sc.gov.br\/index.php?rest_route=%2Fwp%2Fv2%2Fmedia&parent=27042"}],"wp:term":[{"taxonomy":"category","embeddable":true,"href":"https:\/\/pc.sc.gov.br\/index.php?rest_route=%2Fwp%2Fv2%2Fcategories&post=27042"},{"taxonomy":"post_tag","embeddable":true,"href":"https:\/\/pc.sc.gov.br\/index.php?rest_route=%2Fwp%2Fv2%2Ftags&post=27042"}],"curies":[{"name":"wp","href":"https:\/\/api.w.org\/{rel}","templated":true}]}}