{"id":27065,"date":"2025-02-28T16:15:23","date_gmt":"2025-02-28T19:15:23","guid":{"rendered":"https:\/\/pc.sc.gov.br\/?p=27065"},"modified":"2025-02-28T16:29:58","modified_gmt":"2025-02-28T19:29:58","slug":"pcsc-cumpre-ordens-judiciais-em-investigacao-sobre-homicidio-ocorrido-em-palhoca","status":"publish","type":"post","link":"https:\/\/pc.sc.gov.br\/?p=27065","title":{"rendered":"PCSC cumpre ordens judiciais em investiga\u00e7\u00e3o sobre homic\u00eddio ocorrido em Palho\u00e7a"},"content":{"rendered":"\t\t<div data-elementor-type=\"wp-post\" data-elementor-id=\"27065\" class=\"elementor elementor-27065\" data-elementor-post-type=\"post\">\n\t\t\t\t\t\t<section class=\"elementor-section elementor-top-section elementor-element elementor-element-4f66cae elementor-section-boxed elementor-section-height-default elementor-section-height-default\" data-id=\"4f66cae\" data-element_type=\"section\">\n\t\t\t\t\t\t<div class=\"elementor-container elementor-column-gap-default\">\n\t\t\t\t\t<div class=\"elementor-column elementor-col-100 elementor-top-column elementor-element elementor-element-7003935\" data-id=\"7003935\" data-element_type=\"column\">\n\t\t\t<div class=\"elementor-widget-wrap elementor-element-populated\">\n\t\t\t\t\t\t<div class=\"elementor-element elementor-element-ac59ac9 elementor-widget elementor-widget-heading\" data-id=\"ac59ac9\" data-element_type=\"widget\" data-widget_type=\"heading.default\">\n\t\t\t\t<div class=\"elementor-widget-container\">\n\t\t\t\t\t<h2 class=\"elementor-heading-title elementor-size-default\">PCSC cumpre ordens judiciais em investiga\u00e7\u00e3o sobre homic\u00eddio ocorrido em Palho\u00e7a<\/h2>\t\t\t\t<\/div>\n\t\t\t\t<\/div>\n\t\t\t\t\t<\/div>\n\t\t<\/div>\n\t\t\t\t\t<\/div>\n\t\t<\/section>\n\t\t\t\t<section class=\"elementor-section elementor-top-section elementor-element elementor-element-e7a0376 elementor-section-boxed elementor-section-height-default elementor-section-height-default\" data-id=\"e7a0376\" data-element_type=\"section\">\n\t\t\t\t\t\t<div class=\"elementor-container elementor-column-gap-default\">\n\t\t\t\t\t<div class=\"elementor-column elementor-col-100 elementor-top-column elementor-element elementor-element-01283e3\" data-id=\"01283e3\" data-element_type=\"column\">\n\t\t\t<div class=\"elementor-widget-wrap elementor-element-populated\">\n\t\t\t\t\t\t<div class=\"elementor-element elementor-element-35d6188 elementor-widget elementor-widget-image\" data-id=\"35d6188\" data-element_type=\"widget\" data-widget_type=\"image.default\">\n\t\t\t\t<div class=\"elementor-widget-container\">\n\t\t\t\t\t\t\t\t\t\t\t\t\t\t\t<img fetchpriority=\"high\" decoding=\"async\" width=\"513\" height=\"385\" src=\"https:\/\/pc.sc.gov.br\/\/wp-content\/uploads\/2025\/02\/Imagem-do-WhatsApp-de-2025-02-28-as-15.16.47_9f9c8c30-fotor-20250228161234.jpg\" class=\"attachment-large size-large wp-image-27066\" alt=\"\" srcset=\"https:\/\/pc.sc.gov.br\/\/wp-content\/uploads\/2025\/02\/Imagem-do-WhatsApp-de-2025-02-28-as-15.16.47_9f9c8c30-fotor-20250228161234.jpg 513w, https:\/\/pc.sc.gov.br\/\/wp-content\/uploads\/2025\/02\/Imagem-do-WhatsApp-de-2025-02-28-as-15.16.47_9f9c8c30-fotor-20250228161234-300x225.jpg 300w\" sizes=\"(max-width: 513px) 100vw, 513px\" \/>\t\t\t\t\t\t\t\t\t\t\t\t\t\t\t<\/div>\n\t\t\t\t<\/div>\n\t\t\t\t\t<\/div>\n\t\t<\/div>\n\t\t\t\t\t<\/div>\n\t\t<\/section>\n\t\t\t\t<section class=\"elementor-section elementor-top-section elementor-element elementor-element-4630b5b elementor-section-boxed elementor-section-height-default elementor-section-height-default\" data-id=\"4630b5b\" data-element_type=\"section\">\n\t\t\t\t\t\t<div class=\"elementor-container elementor-column-gap-default\">\n\t\t\t\t\t<div class=\"elementor-column elementor-col-100 elementor-top-column elementor-element elementor-element-08ae969\" data-id=\"08ae969\" data-element_type=\"column\">\n\t\t\t<div class=\"elementor-widget-wrap elementor-element-populated\">\n\t\t\t\t\t\t<div class=\"elementor-element elementor-element-f29a719 elementor-widget elementor-widget-text-editor\" data-id=\"f29a719\" data-element_type=\"widget\" data-widget_type=\"text-editor.default\">\n\t\t\t\t<div class=\"elementor-widget-container\">\n\t\t\t\t\t\t\t\t\t<p>Na manha\u0303 desta sexta-feira (28), a PCSC, por meio da Delegacia de Homici\u0301dios (DH\/DIC) realizou operac\u0327a\u0303o policial para cumprir quatro ordens judiciais: duas em Palho\u00e7a e outras duas na Penitenci\u00e1ria de S\u00e3o Pedro de Alc\u00e2ntara, referentes a mandados de busca e apreensa\u0303o representadas pela autoridade policial, ligados ao homici\u0301dio doloso por disparos de arma de fogo ocorrido em 20 de janeiro de 2025. O crime teve como vi\u0301tima um homem cujo corpo foi encontrado no Rio Imaruim, pro\u0301ximo a\u0300 ponte desativada entre os munic\u00edpios de Palhoc\u0327a e Sa\u0303o Jose\u0301.<\/p>\n<p>As investigac\u0327o\u0303es apontaram que os envolvidos no crime eram naturais da cidade de Bom Retiro e estavam no bairro Brejaru\u0301, em Palhoc\u0327a, onde teriam executado a vi\u0301tima, a mando da uma facc\u0327a\u0303o criminosa. Um dos suspeitos foi preso na u\u0301ltima quinta-feira (27) no munici\u0301pio de Alfredo Wagner. O outro investigado foi morto dias apo\u0301s o crime, na cidade de Sa\u0303o Jose\u0301.<\/p>\n<p>Ale\u0301m da prisa\u0303o efetuada no dia 27\/02 foram cumpridos mandados de busca e apreensa\u0303o no Presi\u0301dio de Sa\u0303o Pedro de Alca\u0302ntara e no Presi\u0301dio Regional de Joac\u0327aba. Durante a ac\u0327a\u0303o, foram apreendidos objetos que podem contribuir para o andamento das investigac\u0327o\u0303es que seguem em curso para identificar outros possi\u0301veis envolvidos no caso.<\/p>\n<p>A PCSC reafirma seu compromisso com a seguranc\u0327a pu\u0301blica e destaca a importa\u0302ncia do trabalho investigativo no combate ao tra\u0301fico de drogas e a\u0300s organizac\u0327o\u0303es criminosas, a fim de garantir a tranquilidade da popula\u00e7\u00e3o.<\/p>\t\t\t\t\t\t\t\t<\/div>\n\t\t\t\t<\/div>\n\t\t\t\t\t<\/div>\n\t\t<\/div>\n\t\t\t\t\t<\/div>\n\t\t<\/section>\n\t\t\t\t<\/div>\n\t\t","protected":false},"excerpt":{"rendered":"<p>PCSC cumpre ordens judiciais em investiga\u00e7\u00e3o sobre homic\u00eddio ocorrido em Palho\u00e7a Na manha\u0303 desta sexta-feira (28), a PCSC, por meio da Delegacia de Homici\u0301dios (DH\/DIC) realizou operac\u0327a\u0303o policial para cumprir quatro ordens judiciais: duas em Palho\u00e7a e outras duas na Penitenci\u00e1ria de S\u00e3o Pedro de Alc\u00e2ntara, referentes a mandados de busca e apreensa\u0303o representadas pela [&hellip;]<\/p>\n","protected":false},"author":5,"featured_media":27066,"comment_status":"closed","ping_status":"open","sticky":false,"template":"","format":"standard","meta":{"_monsterinsights_skip_tracking":false,"_monsterinsights_sitenote_active":false,"_monsterinsights_sitenote_note":"","_monsterinsights_sitenote_category":0,"footnotes":""},"categories":[1],"tags":[],"class_list":["post-27065","post","type-post","status-publish","format-standard","has-post-thumbnail","hentry","category-sem-categoria"],"_links":{"self":[{"href":"https:\/\/pc.sc.gov.br\/index.php?rest_route=\/wp\/v2\/posts\/27065","targetHints":{"allow":["GET"]}}],"collection":[{"href":"https:\/\/pc.sc.gov.br\/index.php?rest_route=\/wp\/v2\/posts"}],"about":[{"href":"https:\/\/pc.sc.gov.br\/index.php?rest_route=\/wp\/v2\/types\/post"}],"author":[{"embeddable":true,"href":"https:\/\/pc.sc.gov.br\/index.php?rest_route=\/wp\/v2\/users\/5"}],"replies":[{"embeddable":true,"href":"https:\/\/pc.sc.gov.br\/index.php?rest_route=%2Fwp%2Fv2%2Fcomments&post=27065"}],"version-history":[{"count":6,"href":"https:\/\/pc.sc.gov.br\/index.php?rest_route=\/wp\/v2\/posts\/27065\/revisions"}],"predecessor-version":[{"id":27072,"href":"https:\/\/pc.sc.gov.br\/index.php?rest_route=\/wp\/v2\/posts\/27065\/revisions\/27072"}],"wp:featuredmedia":[{"embeddable":true,"href":"https:\/\/pc.sc.gov.br\/index.php?rest_route=\/wp\/v2\/media\/27066"}],"wp:attachment":[{"href":"https:\/\/pc.sc.gov.br\/index.php?rest_route=%2Fwp%2Fv2%2Fmedia&parent=27065"}],"wp:term":[{"taxonomy":"category","embeddable":true,"href":"https:\/\/pc.sc.gov.br\/index.php?rest_route=%2Fwp%2Fv2%2Fcategories&post=27065"},{"taxonomy":"post_tag","embeddable":true,"href":"https:\/\/pc.sc.gov.br\/index.php?rest_route=%2Fwp%2Fv2%2Ftags&post=27065"}],"curies":[{"name":"wp","href":"https:\/\/api.w.org\/{rel}","templated":true}]}}