{"id":27124,"date":"2025-03-06T16:54:52","date_gmt":"2025-03-06T19:54:52","guid":{"rendered":"https:\/\/pc.sc.gov.br\/?p=27124"},"modified":"2025-03-06T16:56:42","modified_gmt":"2025-03-06T19:56:42","slug":"em-blumenau-pcsc-prende-foragido-do-sistema-prisional-condenado-a-mais-de-40-anos-de-reclusao","status":"publish","type":"post","link":"https:\/\/pc.sc.gov.br\/?p=27124","title":{"rendered":"Em Blumenau, PCSC prende foragido do sistema prisional condenado a mais de 40 anos de reclus\u00e3o"},"content":{"rendered":"\t\t<div data-elementor-type=\"wp-post\" data-elementor-id=\"27124\" class=\"elementor elementor-27124\" data-elementor-post-type=\"post\">\n\t\t\t\t\t\t<section class=\"elementor-section elementor-top-section elementor-element elementor-element-f103f9f elementor-section-boxed elementor-section-height-default elementor-section-height-default\" data-id=\"f103f9f\" data-element_type=\"section\">\n\t\t\t\t\t\t<div class=\"elementor-container elementor-column-gap-default\">\n\t\t\t\t\t<div class=\"elementor-column elementor-col-100 elementor-top-column elementor-element elementor-element-6b23ff7\" data-id=\"6b23ff7\" data-element_type=\"column\">\n\t\t\t<div class=\"elementor-widget-wrap elementor-element-populated\">\n\t\t\t\t\t\t<div class=\"elementor-element elementor-element-38620db elementor-widget elementor-widget-heading\" data-id=\"38620db\" data-element_type=\"widget\" data-widget_type=\"heading.default\">\n\t\t\t\t<div class=\"elementor-widget-container\">\n\t\t\t\t\t<h2 class=\"elementor-heading-title elementor-size-default\">Em Blumenau, PCSC prende foragido do sistema prisional condenado a mais de 30 anos de reclus\u00e3o<\/h2>\t\t\t\t<\/div>\n\t\t\t\t<\/div>\n\t\t\t\t\t<\/div>\n\t\t<\/div>\n\t\t\t\t\t<\/div>\n\t\t<\/section>\n\t\t\t\t<section class=\"elementor-section elementor-top-section elementor-element elementor-element-3b47ea0 elementor-section-boxed elementor-section-height-default elementor-section-height-default\" data-id=\"3b47ea0\" data-element_type=\"section\">\n\t\t\t\t\t\t<div class=\"elementor-container elementor-column-gap-default\">\n\t\t\t\t\t<div class=\"elementor-column elementor-col-100 elementor-top-column elementor-element elementor-element-1896204\" data-id=\"1896204\" data-element_type=\"column\">\n\t\t\t<div class=\"elementor-widget-wrap elementor-element-populated\">\n\t\t\t\t\t\t<div class=\"elementor-element elementor-element-02891a7 elementor-widget elementor-widget-image\" data-id=\"02891a7\" data-element_type=\"widget\" data-widget_type=\"image.default\">\n\t\t\t\t<div class=\"elementor-widget-container\">\n\t\t\t\t\t\t\t\t\t\t\t\t\t\t\t<img fetchpriority=\"high\" decoding=\"async\" width=\"696\" height=\"522\" src=\"https:\/\/pc.sc.gov.br\/\/wp-content\/uploads\/2025\/03\/Imagem-do-WhatsApp-de-2025-03-06-as-16.30.59_fcc41cad-fotor-20250306163854-1024x768.jpg\" class=\"attachment-large size-large wp-image-27125\" alt=\"\" srcset=\"https:\/\/pc.sc.gov.br\/\/wp-content\/uploads\/2025\/03\/Imagem-do-WhatsApp-de-2025-03-06-as-16.30.59_fcc41cad-fotor-20250306163854-1024x768.jpg 1024w, https:\/\/pc.sc.gov.br\/\/wp-content\/uploads\/2025\/03\/Imagem-do-WhatsApp-de-2025-03-06-as-16.30.59_fcc41cad-fotor-20250306163854-300x225.jpg 300w, https:\/\/pc.sc.gov.br\/\/wp-content\/uploads\/2025\/03\/Imagem-do-WhatsApp-de-2025-03-06-as-16.30.59_fcc41cad-fotor-20250306163854-768x576.jpg 768w, https:\/\/pc.sc.gov.br\/\/wp-content\/uploads\/2025\/03\/Imagem-do-WhatsApp-de-2025-03-06-as-16.30.59_fcc41cad-fotor-20250306163854.jpg 1140w\" sizes=\"(max-width: 696px) 100vw, 696px\" \/>\t\t\t\t\t\t\t\t\t\t\t\t\t\t\t<\/div>\n\t\t\t\t<\/div>\n\t\t\t\t\t<\/div>\n\t\t<\/div>\n\t\t\t\t\t<\/div>\n\t\t<\/section>\n\t\t\t\t<section class=\"elementor-section elementor-top-section elementor-element elementor-element-bd0772e elementor-section-boxed elementor-section-height-default elementor-section-height-default\" data-id=\"bd0772e\" data-element_type=\"section\">\n\t\t\t\t\t\t<div class=\"elementor-container elementor-column-gap-default\">\n\t\t\t\t\t<div class=\"elementor-column elementor-col-100 elementor-top-column elementor-element elementor-element-386b776\" data-id=\"386b776\" data-element_type=\"column\">\n\t\t\t<div class=\"elementor-widget-wrap elementor-element-populated\">\n\t\t\t\t\t\t<div class=\"elementor-element elementor-element-5c54102 elementor-widget elementor-widget-text-editor\" data-id=\"5c54102\" data-element_type=\"widget\" data-widget_type=\"text-editor.default\">\n\t\t\t\t<div class=\"elementor-widget-container\">\n\t\t\t\t\t\t\t\t\t<p>A Pol\u00edcia Civil de Santa Catarina, por meio do Departamento de Investiga\u00e7\u00f5es Criminais (DIC) de Blumenau, efetuou nesta quinta-feira (6) a pris\u00e3o de um indiv\u00edduo foragido do sistema prisional catarinense. Ele foi capturado enquanto transitava pela Rua Bruno Schreiber, no bairro Progresso, em Blumenau.<\/p>\n<p>O capturado foi condenado a 21 anos e 4 meses de reclus\u00e3o pelo crime de homic\u00eddio qualificado (fato ocorrido em 1\/02\/2014, \u00e0s margens do Rio Jord\u00e3o, no bairro Progresso \u2013 a v\u00edtima levou uma facada). Anteriormente, j\u00e1 havia cumprido pena de 6 anos de uma condena\u00e7\u00e3o total de 15 anos, 6 meses e 15 dias por tr\u00e1fico de drogas, associa\u00e7\u00e3o ao tr\u00e1fico, organiza\u00e7\u00e3o criminosa e posse irregular de arma de fogo, estando no regime semiaberto. No entanto, ao receber nova condena\u00e7\u00e3o pelo crime de homic\u00eddio qualificado, decidiu se evadir.<\/p>\n<p>Al\u00e9m dessas condena\u00e7\u00f5es, o capturado tamb\u00e9m j\u00e1 foi condenado em 2013 pela justi\u00e7a paranaense ao cumprimento de pena de 6 anos pelo crime de homic\u00eddio. O preso foi encaminhado ao sistema prisional de Blumenau, onde permanecer\u00e1 \u00e0 disposi\u00e7\u00e3o da Justi\u00e7a.<span style=\"color: var( --e-global-color-text ); font-family: var( --e-global-typography-primary-font-family ), Sans-serif; font-size: var( --e-global-typography-primary-font-size ); font-weight: var( --e-global-typography-primary-font-weight ); letter-spacing: var( --e-global-typography-primary-letter-spacing );\">&nbsp;<\/span><\/p>\t\t\t\t\t\t\t\t<\/div>\n\t\t\t\t<\/div>\n\t\t\t\t\t<\/div>\n\t\t<\/div>\n\t\t\t\t\t<\/div>\n\t\t<\/section>\n\t\t\t\t<\/div>\n\t\t","protected":false},"excerpt":{"rendered":"<p>Em Blumenau, PCSC prende foragido do sistema prisional condenado a mais de 30 anos de reclus\u00e3o A Pol\u00edcia Civil de Santa Catarina, por meio do Departamento de Investiga\u00e7\u00f5es Criminais (DIC) de Blumenau, efetuou nesta quinta-feira (6) a pris\u00e3o de um indiv\u00edduo foragido do sistema prisional catarinense. Ele foi capturado enquanto transitava pela Rua Bruno Schreiber, [&hellip;]<\/p>\n","protected":false},"author":5,"featured_media":27125,"comment_status":"closed","ping_status":"open","sticky":false,"template":"","format":"standard","meta":{"_monsterinsights_skip_tracking":false,"_monsterinsights_sitenote_active":false,"_monsterinsights_sitenote_note":"","_monsterinsights_sitenote_category":0,"footnotes":""},"categories":[1],"tags":[],"class_list":["post-27124","post","type-post","status-publish","format-standard","has-post-thumbnail","hentry","category-sem-categoria"],"_links":{"self":[{"href":"https:\/\/pc.sc.gov.br\/index.php?rest_route=\/wp\/v2\/posts\/27124","targetHints":{"allow":["GET"]}}],"collection":[{"href":"https:\/\/pc.sc.gov.br\/index.php?rest_route=\/wp\/v2\/posts"}],"about":[{"href":"https:\/\/pc.sc.gov.br\/index.php?rest_route=\/wp\/v2\/types\/post"}],"author":[{"embeddable":true,"href":"https:\/\/pc.sc.gov.br\/index.php?rest_route=\/wp\/v2\/users\/5"}],"replies":[{"embeddable":true,"href":"https:\/\/pc.sc.gov.br\/index.php?rest_route=%2Fwp%2Fv2%2Fcomments&post=27124"}],"version-history":[{"count":4,"href":"https:\/\/pc.sc.gov.br\/index.php?rest_route=\/wp\/v2\/posts\/27124\/revisions"}],"predecessor-version":[{"id":27129,"href":"https:\/\/pc.sc.gov.br\/index.php?rest_route=\/wp\/v2\/posts\/27124\/revisions\/27129"}],"wp:featuredmedia":[{"embeddable":true,"href":"https:\/\/pc.sc.gov.br\/index.php?rest_route=\/wp\/v2\/media\/27125"}],"wp:attachment":[{"href":"https:\/\/pc.sc.gov.br\/index.php?rest_route=%2Fwp%2Fv2%2Fmedia&parent=27124"}],"wp:term":[{"taxonomy":"category","embeddable":true,"href":"https:\/\/pc.sc.gov.br\/index.php?rest_route=%2Fwp%2Fv2%2Fcategories&post=27124"},{"taxonomy":"post_tag","embeddable":true,"href":"https:\/\/pc.sc.gov.br\/index.php?rest_route=%2Fwp%2Fv2%2Ftags&post=27124"}],"curies":[{"name":"wp","href":"https:\/\/api.w.org\/{rel}","templated":true}]}}