{"id":27189,"date":"2025-03-07T18:17:00","date_gmt":"2025-03-07T21:17:00","guid":{"rendered":"https:\/\/pc.sc.gov.br\/?p=27189"},"modified":"2025-03-07T18:17:53","modified_gmt":"2025-03-07T21:17:53","slug":"em-bocaina-do-sul-homem-investigado-por-violencia-domestica-e-preso-por-reiteradas-ameacas-contra-ex-companheira","status":"publish","type":"post","link":"https:\/\/pc.sc.gov.br\/?p=27189","title":{"rendered":"Em Bocaina do Sul, homem investigado por viol\u00eancia dom\u00e9stica \u00e9 preso por reiteradas amea\u00e7as contra ex-companheira"},"content":{"rendered":"\t\t<div data-elementor-type=\"wp-post\" data-elementor-id=\"27189\" class=\"elementor elementor-27189\" data-elementor-post-type=\"post\">\n\t\t\t\t\t\t<section class=\"elementor-section elementor-top-section elementor-element elementor-element-a4576c3 elementor-section-boxed elementor-section-height-default elementor-section-height-default\" data-id=\"a4576c3\" data-element_type=\"section\">\n\t\t\t\t\t\t<div class=\"elementor-container elementor-column-gap-default\">\n\t\t\t\t\t<div class=\"elementor-column elementor-col-100 elementor-top-column elementor-element elementor-element-b53962c\" data-id=\"b53962c\" data-element_type=\"column\">\n\t\t\t<div class=\"elementor-widget-wrap elementor-element-populated\">\n\t\t\t\t\t\t<div class=\"elementor-element elementor-element-25b0c26 elementor-widget elementor-widget-heading\" data-id=\"25b0c26\" data-element_type=\"widget\" data-widget_type=\"heading.default\">\n\t\t\t\t<div class=\"elementor-widget-container\">\n\t\t\t\t\t<h2 class=\"elementor-heading-title elementor-size-default\">Em Bocaina do Sul, homem investigado por viol\u00eancia dom\u00e9stica \u00e9 preso por reiteradas amea\u00e7as contra ex-companheira<\/h2>\t\t\t\t<\/div>\n\t\t\t\t<\/div>\n\t\t\t\t\t<\/div>\n\t\t<\/div>\n\t\t\t\t\t<\/div>\n\t\t<\/section>\n\t\t\t\t<section class=\"elementor-section elementor-top-section elementor-element elementor-element-fcba427 elementor-section-boxed elementor-section-height-default elementor-section-height-default\" data-id=\"fcba427\" data-element_type=\"section\">\n\t\t\t\t\t\t<div class=\"elementor-container elementor-column-gap-default\">\n\t\t\t\t\t<div class=\"elementor-column elementor-col-100 elementor-top-column elementor-element elementor-element-71c23cd\" data-id=\"71c23cd\" data-element_type=\"column\">\n\t\t\t<div class=\"elementor-widget-wrap elementor-element-populated\">\n\t\t\t\t\t\t<div class=\"elementor-element elementor-element-1b06964 elementor-widget elementor-widget-image\" data-id=\"1b06964\" data-element_type=\"widget\" data-widget_type=\"image.default\">\n\t\t\t\t<div class=\"elementor-widget-container\">\n\t\t\t\t\t\t\t\t\t\t\t\t\t\t\t<img fetchpriority=\"high\" decoding=\"async\" width=\"696\" height=\"443\" src=\"https:\/\/pc.sc.gov.br\/\/wp-content\/uploads\/2025\/03\/Imagem-do-WhatsApp-de-2025-03-07-as-18.06.14_d56f238e-fotor-20250307181146.jpg\" class=\"attachment-large size-large wp-image-27190\" alt=\"\" srcset=\"https:\/\/pc.sc.gov.br\/\/wp-content\/uploads\/2025\/03\/Imagem-do-WhatsApp-de-2025-03-07-as-18.06.14_d56f238e-fotor-20250307181146.jpg 959w, https:\/\/pc.sc.gov.br\/\/wp-content\/uploads\/2025\/03\/Imagem-do-WhatsApp-de-2025-03-07-as-18.06.14_d56f238e-fotor-20250307181146-300x191.jpg 300w, https:\/\/pc.sc.gov.br\/\/wp-content\/uploads\/2025\/03\/Imagem-do-WhatsApp-de-2025-03-07-as-18.06.14_d56f238e-fotor-20250307181146-768x489.jpg 768w\" sizes=\"(max-width: 696px) 100vw, 696px\" \/>\t\t\t\t\t\t\t\t\t\t\t\t\t\t\t<\/div>\n\t\t\t\t<\/div>\n\t\t\t\t\t<\/div>\n\t\t<\/div>\n\t\t\t\t\t<\/div>\n\t\t<\/section>\n\t\t\t\t<section class=\"elementor-section elementor-top-section elementor-element elementor-element-0ed38a6 elementor-section-boxed elementor-section-height-default elementor-section-height-default\" data-id=\"0ed38a6\" data-element_type=\"section\">\n\t\t\t\t\t\t<div class=\"elementor-container elementor-column-gap-default\">\n\t\t\t\t\t<div class=\"elementor-column elementor-col-100 elementor-top-column elementor-element elementor-element-92b0a20\" data-id=\"92b0a20\" data-element_type=\"column\">\n\t\t\t<div class=\"elementor-widget-wrap elementor-element-populated\">\n\t\t\t\t\t\t<div class=\"elementor-element elementor-element-e51f305 elementor-widget elementor-widget-text-editor\" data-id=\"e51f305\" data-element_type=\"widget\" data-widget_type=\"text-editor.default\">\n\t\t\t\t<div class=\"elementor-widget-container\">\n\t\t\t\t\t\t\t\t\t<p>A Pol\u00edcia Civil de Santa Catarina, por meio da Delegacia de Pol\u00edcia de Bocaina do Sul, deu cumprimento nesta sexta-feira (7) a Mandado de Pris\u00e3o Preventiva em desfavor de um investigado por crime de Viol\u00eancia Dom\u00e9stica.<\/p><p>A DP de Bocaina do Sul foi procurada pela v\u00edtima em meados de fevereiro do corrente ano, a qual afirmou que teria encerrado o relacionamento com o suspeito, ap\u00f3s v\u00e1rias desaven\u00e7as entre o casal, mas que ele n\u00e3o teria aceitado o t\u00e9rmino do relacionamento.<\/p><p>Segundo a v\u00edtima, o suspeito teria lhe amea\u00e7ado dizendo que ainda iria encontr\u00e1-la e esfaque\u00e1-la, al\u00e9m de ficar monitorando a v\u00edtima pelas ruas. Temendo por sua integridade f\u00edsica, a v\u00edtima registrou um Boletim de Ocorr\u00eancia e pediu Medidas Protetivas de Urg\u00eancia.<\/p><p>O Inqu\u00e9rito Policial foi instaurado, as partes foram ouvidas e, ap\u00f3s, o Inqu\u00e9rito foi encaminhado ao Poder Judici\u00e1rio da Comarca de Lages.<\/p><p>Ante o hist\u00f3rico de viol\u00eancia dom\u00e9stica por parte do suspeito, o qual j\u00e1 foi preso anteriormente em flagrante por descumprimento de medida protetiva, foi decretava a sua pris\u00e3o preventiva que restou cumprida na data de hoje pela Pol\u00edcia Civil, na cidade de Bocaina do Sul.<\/p><p>A Pol\u00edcia Civil refor\u00e7a a necessidade de que v\u00edtimas de viol\u00eancia dom\u00e9stica procurem a Delegacia, para registro de Boletim de Ocorr\u00eancia. S\u00f3 assim poder\u00e1 ser realizada a investiga\u00e7\u00e3o criminal, buscando o combate a este tipo de crime.<\/p>\t\t\t\t\t\t\t\t<\/div>\n\t\t\t\t<\/div>\n\t\t\t\t\t<\/div>\n\t\t<\/div>\n\t\t\t\t\t<\/div>\n\t\t<\/section>\n\t\t\t\t<\/div>\n\t\t","protected":false},"excerpt":{"rendered":"<p>Em Bocaina do Sul, homem investigado por viol\u00eancia dom\u00e9stica \u00e9 preso por reiteradas amea\u00e7as contra ex-companheira A Pol\u00edcia Civil de Santa Catarina, por meio da Delegacia de Pol\u00edcia de Bocaina do Sul, deu cumprimento nesta sexta-feira (7) a Mandado de Pris\u00e3o Preventiva em desfavor de um investigado por crime de Viol\u00eancia Dom\u00e9stica. A DP de [&hellip;]<\/p>\n","protected":false},"author":5,"featured_media":27190,"comment_status":"closed","ping_status":"open","sticky":false,"template":"","format":"standard","meta":{"_monsterinsights_skip_tracking":false,"_monsterinsights_sitenote_active":false,"_monsterinsights_sitenote_note":"","_monsterinsights_sitenote_category":0,"footnotes":""},"categories":[1],"tags":[],"class_list":["post-27189","post","type-post","status-publish","format-standard","has-post-thumbnail","hentry","category-sem-categoria"],"_links":{"self":[{"href":"https:\/\/pc.sc.gov.br\/index.php?rest_route=\/wp\/v2\/posts\/27189","targetHints":{"allow":["GET"]}}],"collection":[{"href":"https:\/\/pc.sc.gov.br\/index.php?rest_route=\/wp\/v2\/posts"}],"about":[{"href":"https:\/\/pc.sc.gov.br\/index.php?rest_route=\/wp\/v2\/types\/post"}],"author":[{"embeddable":true,"href":"https:\/\/pc.sc.gov.br\/index.php?rest_route=\/wp\/v2\/users\/5"}],"replies":[{"embeddable":true,"href":"https:\/\/pc.sc.gov.br\/index.php?rest_route=%2Fwp%2Fv2%2Fcomments&post=27189"}],"version-history":[{"count":4,"href":"https:\/\/pc.sc.gov.br\/index.php?rest_route=\/wp\/v2\/posts\/27189\/revisions"}],"predecessor-version":[{"id":27194,"href":"https:\/\/pc.sc.gov.br\/index.php?rest_route=\/wp\/v2\/posts\/27189\/revisions\/27194"}],"wp:featuredmedia":[{"embeddable":true,"href":"https:\/\/pc.sc.gov.br\/index.php?rest_route=\/wp\/v2\/media\/27190"}],"wp:attachment":[{"href":"https:\/\/pc.sc.gov.br\/index.php?rest_route=%2Fwp%2Fv2%2Fmedia&parent=27189"}],"wp:term":[{"taxonomy":"category","embeddable":true,"href":"https:\/\/pc.sc.gov.br\/index.php?rest_route=%2Fwp%2Fv2%2Fcategories&post=27189"},{"taxonomy":"post_tag","embeddable":true,"href":"https:\/\/pc.sc.gov.br\/index.php?rest_route=%2Fwp%2Fv2%2Ftags&post=27189"}],"curies":[{"name":"wp","href":"https:\/\/api.w.org\/{rel}","templated":true}]}}