{"id":27247,"date":"2025-03-12T17:11:58","date_gmt":"2025-03-12T20:11:58","guid":{"rendered":"https:\/\/pc.sc.gov.br\/?p=27247"},"modified":"2025-03-12T17:29:10","modified_gmt":"2025-03-12T20:29:10","slug":"dpcami-de-joacaba-prende-dois-suspeitos-pela-pratica-do-crime-de-estupro-de-vulneravel","status":"publish","type":"post","link":"https:\/\/pc.sc.gov.br\/?p=27247","title":{"rendered":"DPCAMI de Joa\u00e7aba prende dois suspeitos pela pr\u00e1tica do crime de estupro de vulner\u00e1vel"},"content":{"rendered":"\t\t<div data-elementor-type=\"wp-post\" data-elementor-id=\"27247\" class=\"elementor elementor-27247\" data-elementor-post-type=\"post\">\n\t\t\t\t\t\t<section class=\"elementor-section elementor-top-section elementor-element elementor-element-5a0da1d elementor-section-boxed elementor-section-height-default elementor-section-height-default\" data-id=\"5a0da1d\" data-element_type=\"section\">\n\t\t\t\t\t\t<div class=\"elementor-container elementor-column-gap-default\">\n\t\t\t\t\t<div class=\"elementor-column elementor-col-100 elementor-top-column elementor-element elementor-element-8b33e2f\" data-id=\"8b33e2f\" data-element_type=\"column\">\n\t\t\t<div class=\"elementor-widget-wrap elementor-element-populated\">\n\t\t\t\t\t\t<div class=\"elementor-element elementor-element-aacc5b0 elementor-widget elementor-widget-heading\" data-id=\"aacc5b0\" data-element_type=\"widget\" data-widget_type=\"heading.default\">\n\t\t\t\t<div class=\"elementor-widget-container\">\n\t\t\t\t\t<h2 class=\"elementor-heading-title elementor-size-default\">DPCAMI de Joa\u00e7aba prende dois suspeitos pela pr\u00e1tica do crime de estupro de vulner\u00e1vel<\/h2>\t\t\t\t<\/div>\n\t\t\t\t<\/div>\n\t\t\t\t\t<\/div>\n\t\t<\/div>\n\t\t\t\t\t<\/div>\n\t\t<\/section>\n\t\t\t\t<section class=\"elementor-section elementor-top-section elementor-element elementor-element-8f7a2a6 elementor-section-boxed elementor-section-height-default elementor-section-height-default\" data-id=\"8f7a2a6\" data-element_type=\"section\">\n\t\t\t\t\t\t<div class=\"elementor-container elementor-column-gap-default\">\n\t\t\t\t\t<div class=\"elementor-column elementor-col-100 elementor-top-column elementor-element elementor-element-392c5b4\" data-id=\"392c5b4\" data-element_type=\"column\">\n\t\t\t<div class=\"elementor-widget-wrap elementor-element-populated\">\n\t\t\t\t\t\t<div class=\"elementor-element elementor-element-9a7b7b5 elementor-widget elementor-widget-image\" data-id=\"9a7b7b5\" data-element_type=\"widget\" data-widget_type=\"image.default\">\n\t\t\t\t<div class=\"elementor-widget-container\">\n\t\t\t\t\t\t\t\t\t\t\t\t\t\t\t<img fetchpriority=\"high\" decoding=\"async\" width=\"696\" height=\"522\" src=\"https:\/\/pc.sc.gov.br\/\/wp-content\/uploads\/2025\/03\/WhatsApp-Image-2025-03-12-at-13.48.14-fotor-2025031217129-1024x768.jpg\" class=\"attachment-large size-large wp-image-27248\" alt=\"\" srcset=\"https:\/\/pc.sc.gov.br\/\/wp-content\/uploads\/2025\/03\/WhatsApp-Image-2025-03-12-at-13.48.14-fotor-2025031217129-1024x768.jpg 1024w, https:\/\/pc.sc.gov.br\/\/wp-content\/uploads\/2025\/03\/WhatsApp-Image-2025-03-12-at-13.48.14-fotor-2025031217129-300x225.jpg 300w, https:\/\/pc.sc.gov.br\/\/wp-content\/uploads\/2025\/03\/WhatsApp-Image-2025-03-12-at-13.48.14-fotor-2025031217129-768x576.jpg 768w, https:\/\/pc.sc.gov.br\/\/wp-content\/uploads\/2025\/03\/WhatsApp-Image-2025-03-12-at-13.48.14-fotor-2025031217129.jpg 1280w\" sizes=\"(max-width: 696px) 100vw, 696px\" \/>\t\t\t\t\t\t\t\t\t\t\t\t\t\t\t<\/div>\n\t\t\t\t<\/div>\n\t\t\t\t\t<\/div>\n\t\t<\/div>\n\t\t\t\t\t<\/div>\n\t\t<\/section>\n\t\t\t\t<section class=\"elementor-section elementor-top-section elementor-element elementor-element-7b4aa00 elementor-section-boxed elementor-section-height-default elementor-section-height-default\" data-id=\"7b4aa00\" data-element_type=\"section\">\n\t\t\t\t\t\t<div class=\"elementor-container elementor-column-gap-default\">\n\t\t\t\t\t<div class=\"elementor-column elementor-col-100 elementor-top-column elementor-element elementor-element-f30183b\" data-id=\"f30183b\" data-element_type=\"column\">\n\t\t\t<div class=\"elementor-widget-wrap elementor-element-populated\">\n\t\t\t\t\t\t<div class=\"elementor-element elementor-element-3e2bfa9 elementor-widget elementor-widget-text-editor\" data-id=\"3e2bfa9\" data-element_type=\"widget\" data-widget_type=\"text-editor.default\">\n\t\t\t\t<div class=\"elementor-widget-container\">\n\t\t\t\t\t\t\t\t\t<p>A Pol\u00edcia Civil de Santa Catarina, por interm\u00e9dio da Delegacia de Prote\u00e7\u00e3o \u00e0 Crian\u00e7a, ao Adolescente, \u00e0 Mulher e ao Idoso (DPCAMI) de Joa\u00e7aba concluiu Inqu\u00e9rito Policial instaurado para apurar crime de estupro de vulner\u00e1vel, resultando na pris\u00e3o de dois suspeitos.<\/p><p>Com base nos elementos de informa\u00e7\u00e3o colhidos durante as investiga\u00e7\u00f5es, a Autoridade Policial representou pela decreta\u00e7\u00e3o das pris\u00f5es, sendo o pleito acolhido pelo Judici\u00e1rio, ap\u00f3s manifesta\u00e7\u00e3o favor\u00e1vel do Minist\u00e9rio P\u00fablico.<\/p><p>Um dos suspeitos foi preso no dia 24\/02\/25, pela equipe da DPCAMI, com aux\u00edlio do SIC de Joa\u00e7aba e da DPMu de \u00c1gua Doce. O outro se apresentou na Delegacia, na tarde de ter\u00e7a-feira (11) sendo ent\u00e3o cumprido o mandado de pris\u00e3o expedido contra ele.<\/p><p>Al\u00e9m das pris\u00f5es, a DPCAMI tamb\u00e9m cumpriu mandados de busca e apreens\u00e3o nas resid\u00eancias dos suspeitos, ocasi\u00e3o em que outros poss\u00edveis elementos de prova foram coletados. Na casa de um deles, os policiais apreenderam 20 muni\u00e7\u00f5es, bem como uma pequena por\u00e7\u00e3o de subst\u00e2ncia semelhante \u00e0 coca\u00edna.<\/p>\t\t\t\t\t\t\t\t<\/div>\n\t\t\t\t<\/div>\n\t\t\t\t\t<\/div>\n\t\t<\/div>\n\t\t\t\t\t<\/div>\n\t\t<\/section>\n\t\t\t\t<\/div>\n\t\t","protected":false},"excerpt":{"rendered":"<p>DPCAMI de Joa\u00e7aba prende dois suspeitos pela pr\u00e1tica do crime de estupro de vulner\u00e1vel A Pol\u00edcia Civil de Santa Catarina, por interm\u00e9dio da Delegacia de Prote\u00e7\u00e3o \u00e0 Crian\u00e7a, ao Adolescente, \u00e0 Mulher e ao Idoso (DPCAMI) de Joa\u00e7aba concluiu Inqu\u00e9rito Policial instaurado para apurar crime de estupro de vulner\u00e1vel, resultando na pris\u00e3o de dois suspeitos. [&hellip;]<\/p>\n","protected":false},"author":5,"featured_media":27248,"comment_status":"closed","ping_status":"open","sticky":false,"template":"","format":"standard","meta":{"_monsterinsights_skip_tracking":false,"_monsterinsights_sitenote_active":false,"_monsterinsights_sitenote_note":"","_monsterinsights_sitenote_category":0,"footnotes":""},"categories":[1],"tags":[],"class_list":["post-27247","post","type-post","status-publish","format-standard","has-post-thumbnail","hentry","category-sem-categoria"],"_links":{"self":[{"href":"https:\/\/pc.sc.gov.br\/index.php?rest_route=\/wp\/v2\/posts\/27247","targetHints":{"allow":["GET"]}}],"collection":[{"href":"https:\/\/pc.sc.gov.br\/index.php?rest_route=\/wp\/v2\/posts"}],"about":[{"href":"https:\/\/pc.sc.gov.br\/index.php?rest_route=\/wp\/v2\/types\/post"}],"author":[{"embeddable":true,"href":"https:\/\/pc.sc.gov.br\/index.php?rest_route=\/wp\/v2\/users\/5"}],"replies":[{"embeddable":true,"href":"https:\/\/pc.sc.gov.br\/index.php?rest_route=%2Fwp%2Fv2%2Fcomments&post=27247"}],"version-history":[{"count":3,"href":"https:\/\/pc.sc.gov.br\/index.php?rest_route=\/wp\/v2\/posts\/27247\/revisions"}],"predecessor-version":[{"id":27251,"href":"https:\/\/pc.sc.gov.br\/index.php?rest_route=\/wp\/v2\/posts\/27247\/revisions\/27251"}],"wp:featuredmedia":[{"embeddable":true,"href":"https:\/\/pc.sc.gov.br\/index.php?rest_route=\/wp\/v2\/media\/27248"}],"wp:attachment":[{"href":"https:\/\/pc.sc.gov.br\/index.php?rest_route=%2Fwp%2Fv2%2Fmedia&parent=27247"}],"wp:term":[{"taxonomy":"category","embeddable":true,"href":"https:\/\/pc.sc.gov.br\/index.php?rest_route=%2Fwp%2Fv2%2Fcategories&post=27247"},{"taxonomy":"post_tag","embeddable":true,"href":"https:\/\/pc.sc.gov.br\/index.php?rest_route=%2Fwp%2Fv2%2Ftags&post=27247"}],"curies":[{"name":"wp","href":"https:\/\/api.w.org\/{rel}","templated":true}]}}