{"id":27301,"date":"2025-03-13T15:11:02","date_gmt":"2025-03-13T18:11:02","guid":{"rendered":"https:\/\/pc.sc.gov.br\/?p=27301"},"modified":"2025-03-13T15:13:58","modified_gmt":"2025-03-13T18:13:58","slug":"pcsc-reabre-investigacao-sobre-possivel-duplo-homicidio-ocorrido-em-2018-em-guatambu-apos-a-identificacao-de-restos-osseos-encontrados-na-regiao","status":"publish","type":"post","link":"https:\/\/pc.sc.gov.br\/?p=27301","title":{"rendered":"PCSC reabre investiga\u00e7\u00e3o sobre poss\u00edvel duplo homic\u00eddio ocorrido em 2018 em Guatambu ap\u00f3s a identifica\u00e7\u00e3o de restos \u00f3sseos encontrados na regi\u00e3o"},"content":{"rendered":"\t\t<div data-elementor-type=\"wp-post\" data-elementor-id=\"27301\" class=\"elementor elementor-27301\" data-elementor-post-type=\"post\">\n\t\t\t\t\t\t<section class=\"elementor-section elementor-top-section elementor-element elementor-element-537c201 elementor-section-boxed elementor-section-height-default elementor-section-height-default\" data-id=\"537c201\" data-element_type=\"section\">\n\t\t\t\t\t\t<div class=\"elementor-container elementor-column-gap-default\">\n\t\t\t\t\t<div class=\"elementor-column elementor-col-100 elementor-top-column elementor-element elementor-element-62abc81\" data-id=\"62abc81\" data-element_type=\"column\">\n\t\t\t<div class=\"elementor-widget-wrap elementor-element-populated\">\n\t\t\t\t\t\t<div class=\"elementor-element elementor-element-07302a4 elementor-widget elementor-widget-heading\" data-id=\"07302a4\" data-element_type=\"widget\" data-widget_type=\"heading.default\">\n\t\t\t\t<div class=\"elementor-widget-container\">\n\t\t\t\t\t<h2 class=\"elementor-heading-title elementor-size-default\">PCSC reabre investiga\u00e7\u00e3o sobre poss\u00edvel duplo homic\u00eddio ocorrido em 2018 em Guatambu ap\u00f3s a identifica\u00e7\u00e3o de restos \u00f3sseos encontrados na regi\u00e3o<\/h2>\t\t\t\t<\/div>\n\t\t\t\t<\/div>\n\t\t\t\t\t<\/div>\n\t\t<\/div>\n\t\t\t\t\t<\/div>\n\t\t<\/section>\n\t\t\t\t<section class=\"elementor-section elementor-top-section elementor-element elementor-element-22eb784 elementor-section-boxed elementor-section-height-default elementor-section-height-default\" data-id=\"22eb784\" data-element_type=\"section\">\n\t\t\t\t\t\t<div class=\"elementor-container elementor-column-gap-default\">\n\t\t\t\t\t<div class=\"elementor-column elementor-col-100 elementor-top-column elementor-element elementor-element-758774a\" data-id=\"758774a\" data-element_type=\"column\">\n\t\t\t<div class=\"elementor-widget-wrap elementor-element-populated\">\n\t\t\t\t\t\t<div class=\"elementor-element elementor-element-8595071 elementor-widget elementor-widget-image\" data-id=\"8595071\" data-element_type=\"widget\" data-widget_type=\"image.default\">\n\t\t\t\t<div class=\"elementor-widget-container\">\n\t\t\t\t\t\t\t\t\t\t\t\t\t\t\t<img fetchpriority=\"high\" decoding=\"async\" width=\"696\" height=\"392\" src=\"https:\/\/pc.sc.gov.br\/\/wp-content\/uploads\/2025\/03\/IMG-20250313-WA0016-fotor-2025031315939-1024x576.jpg\" class=\"attachment-large size-large wp-image-27302\" alt=\"\" srcset=\"https:\/\/pc.sc.gov.br\/\/wp-content\/uploads\/2025\/03\/IMG-20250313-WA0016-fotor-2025031315939-1024x576.jpg 1024w, https:\/\/pc.sc.gov.br\/\/wp-content\/uploads\/2025\/03\/IMG-20250313-WA0016-fotor-2025031315939-300x169.jpg 300w, https:\/\/pc.sc.gov.br\/\/wp-content\/uploads\/2025\/03\/IMG-20250313-WA0016-fotor-2025031315939-768x432.jpg 768w, https:\/\/pc.sc.gov.br\/\/wp-content\/uploads\/2025\/03\/IMG-20250313-WA0016-fotor-2025031315939-1536x864.jpg 1536w, https:\/\/pc.sc.gov.br\/\/wp-content\/uploads\/2025\/03\/IMG-20250313-WA0016-fotor-2025031315939.jpg 1600w\" sizes=\"(max-width: 696px) 100vw, 696px\" \/>\t\t\t\t\t\t\t\t\t\t\t\t\t\t\t<\/div>\n\t\t\t\t<\/div>\n\t\t\t\t\t<\/div>\n\t\t<\/div>\n\t\t\t\t\t<\/div>\n\t\t<\/section>\n\t\t\t\t<section class=\"elementor-section elementor-top-section elementor-element elementor-element-178cb05 elementor-section-boxed elementor-section-height-default elementor-section-height-default\" data-id=\"178cb05\" data-element_type=\"section\">\n\t\t\t\t\t\t<div class=\"elementor-container elementor-column-gap-default\">\n\t\t\t\t\t<div class=\"elementor-column elementor-col-100 elementor-top-column elementor-element elementor-element-e5f8225\" data-id=\"e5f8225\" data-element_type=\"column\">\n\t\t\t<div class=\"elementor-widget-wrap elementor-element-populated\">\n\t\t\t\t\t\t<div class=\"elementor-element elementor-element-0d24af9 elementor-widget elementor-widget-text-editor\" data-id=\"0d24af9\" data-element_type=\"widget\" data-widget_type=\"text-editor.default\">\n\t\t\t\t<div class=\"elementor-widget-container\">\n\t\t\t\t\t\t\t\t\t<p>No dia 12 de maio de 2018 desapareceram duas pessoas moradoras de Chapec\u00f3 cujos familiares, depois de algum tempo, registraram boletins de ocorr\u00eancia informando a impossibilidade de contato com elas. As desaparecidas eram amigas, e foram vistas juntas pela \u00faltima vez na manh\u00e3 do dia referido.&nbsp;&nbsp;<\/p>\n<p>N\u00e3o tardou para, na manh\u00e3 de segunda-feira, dia 14\/05\/2018, ser encontrado por um popular o corpo de menina aparentemente bastante jovem, quase todo carbonizado \u00e0s margens da estrada de acesso ao Munic\u00edpio de Planalto Alegre, nas proximidades da SC-283. Algum tempo depois, durante a investiga\u00e7\u00e3o, por meio de exame de DNA, foi confirmado se tratar da adolescente.<\/p>\n<p>Durante o exame pericial, ainda no local do crime, os policiais verificaram que a menina trajava uma jaqueta com o desenho da bandeira dos EUA e tr\u00eas an\u00e9is, bem como que havia sido queimada junto com uma bolsa feminina, na qual havia um canivete e um frasco de perfume. Tamb\u00e9m chamou a aten\u00e7\u00e3o que o corpo estava enrolado em uma coberta estampada, a qual n\u00e3o queimou totalmente, bem como a presen\u00e7a de um martelo cutelo parcialmente carbonizado junto ao corpo.<\/p>\n<p>Tamb\u00e9m percebeu-se que o cad\u00e1ver estava com uma fita pl\u00e1stica na boca e amarrado pelas m\u00e3os, indicando que a v\u00edtima possivelmente foi amarrada e amorda\u00e7ada antes de ser morta.<\/p>\n<p>A causa da morte foi identificada como sendo decorrente de um golpe com arma branca perfurante no pesco\u00e7o, o qual foi posteriormente associado ao canivete queimado junto com o cad\u00e1ver, haja vista compatibilidade das dimens\u00f5es da l\u00e2mina com o ferimento.<\/p>\n<p>Pr\u00f3ximo ao cad\u00e1ver queimado tamb\u00e9m foi encontrado um cord\u00e3o da Chapecoense, com tr\u00eas chaves, duas de uma casa e uma de uma motocicleta.<\/p>\n<p>A partir desses elementos, a investiga\u00e7\u00e3o policial identificou um suspeito morador de \u00e1rea localizada na divisa de Chapec\u00f3 e Guatambu. Neste local, na resid\u00eancia de familiares do suspeito, foi encontrada uma motocicleta relacionada \u00e0 chave encontrada pr\u00f3ximo ao corpo carbonizado da adolescente, bem como foi reconhecido pelos moradores da casa o cobertor estampado que estava enrolado no corpo da v\u00edtima. As chaves residenciais encontradas pr\u00f3ximo ao cad\u00e1ver tamb\u00e9m eram compat\u00edveis com a resid\u00eancia do autor, onde foi encontrada uma caixa de ferramentas na qual estava ausente apenas uma pe\u00e7a: um martelo cutelo.<\/p>\n<p>A Pol\u00edcia Civil concluiu que o local, onde foi encontrado sangue em um dos quartos e em um colch\u00e3o, foi utilizado pelo autor para cometer o homic\u00eddio da adolescente, que foi morta ainda no s\u00e1bado (12 de maio de 2018) pela manh\u00e3, v\u00e9spera do dia das m\u00e3es. Outros elementos obtidos revelaram o hor\u00e1rio aproximado do homic\u00eddio e at\u00e9 mesmo o ve\u00edculo que foi utilizado pelo autor para transportar o corpo da v\u00edtima.<\/p>\n<p>Logo ap\u00f3s o crime o autor fugiu da regi\u00e3o, tendo permanecido foragido at\u00e9 o dia 9 de setembro do mesmo ano de 2018, quando foi capturado e interrogado pela Pol\u00edcia Civil.<\/p>\n<p>Quase tr\u00eas anos depois, na sess\u00e3o do tribunal do j\u00fari do dia 23 de julho de 2021, o suspeito foi condenado a mais de 18 anos de reclus\u00e3o pelos crimes de homic\u00eddio qualificado, fraude processual e destrui\u00e7\u00e3o e oculta\u00e7\u00e3o de cad\u00e1ver, conforme decis\u00e3o da justi\u00e7a de Chapec\u00f3.<\/p>\n<p>Durante esse meio tempo, a Pol\u00edcia Civil seguiu buscando informa\u00e7\u00f5es sobre a outra jovem, que ainda estava desaparecida e de quem os familiares nunca mais tiveram not\u00edcias. Entretanto, no in\u00edcio deste de 2025, a Pol\u00edcia Cient\u00edfica conseguiu finalizar um exame iniciado em setembro de 2024 e identificar uma ossada humana como sendo a da desaparecida.<\/p>\n<p>Os restos \u00f3sseos (um cr\u00e2nio humano) identificados haviam sido encontrados no dia 19 de dezembro de 2019, praticamente um ano e meio ap\u00f3s sua morte, em uma planta\u00e7\u00e3o de erva mate pr\u00f3xima a Chapec\u00f3. Em virtude do avan\u00e7ado estado de decomposi\u00e7\u00e3o e inexist\u00eancia de outros detalhes como vestes e objetos pessoais, n\u00e3o foi poss\u00edvel sua identifica\u00e7\u00e3o inicialmente.<\/p>\n<p>Diante da confirma\u00e7\u00e3o da morte da jovem, cujo cr\u00e2nio foi encontrado com marcas de fratura na face e na t\u00eampora esquerda, a Pol\u00edcia Civil retomou o trabalho investigativo sobre o caso e trabalha com a hip\u00f3tese de conex\u00e3o entre os crimes.&nbsp;<span style=\"font-family: var( --e-global-typography-primary-font-family ), Sans-serif; font-size: var( --e-global-typography-primary-font-size ); font-weight: var( --e-global-typography-primary-font-weight ); letter-spacing: var( --e-global-typography-primary-letter-spacing );\">Nas pr\u00f3ximas semanas o trabalho policial deve avan\u00e7ar e novas informa\u00e7\u00f5es poder\u00e3o ser divulgadas.<\/span><\/p>\t\t\t\t\t\t\t\t<\/div>\n\t\t\t\t<\/div>\n\t\t\t\t\t<\/div>\n\t\t<\/div>\n\t\t\t\t\t<\/div>\n\t\t<\/section>\n\t\t\t\t<\/div>\n\t\t","protected":false},"excerpt":{"rendered":"<p>PCSC reabre investiga\u00e7\u00e3o sobre poss\u00edvel duplo homic\u00eddio ocorrido em 2018 em Guatambu ap\u00f3s a identifica\u00e7\u00e3o de restos \u00f3sseos encontrados na regi\u00e3o No dia 12 de maio de 2018 desapareceram duas pessoas moradoras de Chapec\u00f3 cujos familiares, depois de algum tempo, registraram boletins de ocorr\u00eancia informando a impossibilidade de contato com elas. As desaparecidas eram amigas, [&hellip;]<\/p>\n","protected":false},"author":5,"featured_media":27302,"comment_status":"closed","ping_status":"open","sticky":false,"template":"","format":"standard","meta":{"_monsterinsights_skip_tracking":false,"_monsterinsights_sitenote_active":false,"_monsterinsights_sitenote_note":"","_monsterinsights_sitenote_category":0,"footnotes":""},"categories":[1],"tags":[],"class_list":["post-27301","post","type-post","status-publish","format-standard","has-post-thumbnail","hentry","category-sem-categoria"],"_links":{"self":[{"href":"https:\/\/pc.sc.gov.br\/index.php?rest_route=\/wp\/v2\/posts\/27301","targetHints":{"allow":["GET"]}}],"collection":[{"href":"https:\/\/pc.sc.gov.br\/index.php?rest_route=\/wp\/v2\/posts"}],"about":[{"href":"https:\/\/pc.sc.gov.br\/index.php?rest_route=\/wp\/v2\/types\/post"}],"author":[{"embeddable":true,"href":"https:\/\/pc.sc.gov.br\/index.php?rest_route=\/wp\/v2\/users\/5"}],"replies":[{"embeddable":true,"href":"https:\/\/pc.sc.gov.br\/index.php?rest_route=%2Fwp%2Fv2%2Fcomments&post=27301"}],"version-history":[{"count":3,"href":"https:\/\/pc.sc.gov.br\/index.php?rest_route=\/wp\/v2\/posts\/27301\/revisions"}],"predecessor-version":[{"id":27305,"href":"https:\/\/pc.sc.gov.br\/index.php?rest_route=\/wp\/v2\/posts\/27301\/revisions\/27305"}],"wp:featuredmedia":[{"embeddable":true,"href":"https:\/\/pc.sc.gov.br\/index.php?rest_route=\/wp\/v2\/media\/27302"}],"wp:attachment":[{"href":"https:\/\/pc.sc.gov.br\/index.php?rest_route=%2Fwp%2Fv2%2Fmedia&parent=27301"}],"wp:term":[{"taxonomy":"category","embeddable":true,"href":"https:\/\/pc.sc.gov.br\/index.php?rest_route=%2Fwp%2Fv2%2Fcategories&post=27301"},{"taxonomy":"post_tag","embeddable":true,"href":"https:\/\/pc.sc.gov.br\/index.php?rest_route=%2Fwp%2Fv2%2Ftags&post=27301"}],"curies":[{"name":"wp","href":"https:\/\/api.w.org\/{rel}","templated":true}]}}