{"id":27306,"date":"2025-03-13T15:18:11","date_gmt":"2025-03-13T18:18:11","guid":{"rendered":"https:\/\/pc.sc.gov.br\/?p=27306"},"modified":"2025-03-13T15:19:33","modified_gmt":"2025-03-13T18:19:33","slug":"delegacia-de-capturas-da-deic-pcsc-prende-homem-por-estupro-contra-propria-sobrinha-em-blumenau","status":"publish","type":"post","link":"https:\/\/pc.sc.gov.br\/?p=27306","title":{"rendered":"Delegacia de Capturas da DEIC\/ PCSC prende homem por estupro contra pr\u00f3pria sobrinha em Blumenau"},"content":{"rendered":"\t\t<div data-elementor-type=\"wp-post\" data-elementor-id=\"27306\" class=\"elementor elementor-27306\" data-elementor-post-type=\"post\">\n\t\t\t\t\t\t<section class=\"elementor-section elementor-top-section elementor-element elementor-element-e8f0aa0 elementor-section-boxed elementor-section-height-default elementor-section-height-default\" data-id=\"e8f0aa0\" data-element_type=\"section\">\n\t\t\t\t\t\t<div class=\"elementor-container elementor-column-gap-default\">\n\t\t\t\t\t<div class=\"elementor-column elementor-col-100 elementor-top-column elementor-element elementor-element-30053ba\" data-id=\"30053ba\" data-element_type=\"column\">\n\t\t\t<div class=\"elementor-widget-wrap elementor-element-populated\">\n\t\t\t\t\t\t<div class=\"elementor-element elementor-element-db6d0df elementor-widget elementor-widget-heading\" data-id=\"db6d0df\" data-element_type=\"widget\" data-widget_type=\"heading.default\">\n\t\t\t\t<div class=\"elementor-widget-container\">\n\t\t\t\t\t<h2 class=\"elementor-heading-title elementor-size-default\">Delegacia de Capturas da DEIC\/ PCSC prende homem por estupro contra pr\u00f3pria sobrinha em Blumenau <\/h2>\t\t\t\t<\/div>\n\t\t\t\t<\/div>\n\t\t\t\t\t<\/div>\n\t\t<\/div>\n\t\t\t\t\t<\/div>\n\t\t<\/section>\n\t\t\t\t<section class=\"elementor-section elementor-top-section elementor-element elementor-element-8abc4c4 elementor-section-boxed elementor-section-height-default elementor-section-height-default\" data-id=\"8abc4c4\" data-element_type=\"section\">\n\t\t\t\t\t\t<div class=\"elementor-container elementor-column-gap-default\">\n\t\t\t\t\t<div class=\"elementor-column elementor-col-100 elementor-top-column elementor-element elementor-element-8fd16ce\" data-id=\"8fd16ce\" data-element_type=\"column\">\n\t\t\t<div class=\"elementor-widget-wrap elementor-element-populated\">\n\t\t\t\t\t\t<div class=\"elementor-element elementor-element-c312b9f elementor-widget elementor-widget-image\" data-id=\"c312b9f\" data-element_type=\"widget\" data-widget_type=\"image.default\">\n\t\t\t\t<div class=\"elementor-widget-container\">\n\t\t\t\t\t\t\t\t\t\t\t\t\t\t\t<img fetchpriority=\"high\" decoding=\"async\" width=\"696\" height=\"696\" src=\"https:\/\/pc.sc.gov.br\/\/wp-content\/uploads\/2025\/02\/DECAP-DEIC.jpg\" class=\"attachment-large size-large wp-image-26728\" alt=\"\" srcset=\"https:\/\/pc.sc.gov.br\/\/wp-content\/uploads\/2025\/02\/DECAP-DEIC.jpg 768w, https:\/\/pc.sc.gov.br\/\/wp-content\/uploads\/2025\/02\/DECAP-DEIC-300x300.jpg 300w, https:\/\/pc.sc.gov.br\/\/wp-content\/uploads\/2025\/02\/DECAP-DEIC-150x150.jpg 150w\" sizes=\"(max-width: 696px) 100vw, 696px\" \/>\t\t\t\t\t\t\t\t\t\t\t\t\t\t\t<\/div>\n\t\t\t\t<\/div>\n\t\t\t\t\t<\/div>\n\t\t<\/div>\n\t\t\t\t\t<\/div>\n\t\t<\/section>\n\t\t\t\t<section class=\"elementor-section elementor-top-section elementor-element elementor-element-d338ff3 elementor-section-boxed elementor-section-height-default elementor-section-height-default\" data-id=\"d338ff3\" data-element_type=\"section\">\n\t\t\t\t\t\t<div class=\"elementor-container elementor-column-gap-default\">\n\t\t\t\t\t<div class=\"elementor-column elementor-col-100 elementor-top-column elementor-element elementor-element-7cdfcc4\" data-id=\"7cdfcc4\" data-element_type=\"column\">\n\t\t\t<div class=\"elementor-widget-wrap elementor-element-populated\">\n\t\t\t\t\t\t<div class=\"elementor-element elementor-element-67c2616 elementor-widget elementor-widget-text-editor\" data-id=\"67c2616\" data-element_type=\"widget\" data-widget_type=\"text-editor.default\">\n\t\t\t\t<div class=\"elementor-widget-container\">\n\t\t\t\t\t\t\t\t\t<p>A Pol\u00edcia Civil de Santa Catarina, por meio da Delegacia de Capturas da Diretoria Estadual de Investiga\u00e7\u00f5es Criminais, com apoio da Delegacia de Investiga\u00e7\u00e3o Criminal de Blumenau, cumpriu, no final da manh\u00e3 desta quinta-feira (13\/03), mandado de pris\u00e3o preventiva expedido em desfavor de um homem, pelo crime de estupro qualificado, previsto nos artigos 213 c\/c 226, II, do C\u00f3digo Penal. A ordem judicial foi expedida pela Vara de Viol\u00eancia Dom\u00e9stica e Familiar Contra a Mulher de Florian\u00f3polis.<\/p><p>Desta forma, ap\u00f3s a constata\u00e7\u00e3o da ordem judicial expedida em raz\u00e3o de crime sexual, praticado pelo homem contra sua pr\u00f3pria sobrinha menor de idade, iniciaram-se as dilig\u00eancias para localizar e prender o autor, que foi efetivamente encontrado residindo na cidade de Blumenau, onde foi preso.<\/p><p>A DECAP da DEIC busca permanentemente localizar e prender foragidos pela pr\u00e1tica de crimes sexuais, no intuito de contribuir com a redu\u00e7\u00e3o de crimes dessa natureza, que trazem consequ\u00eancias de grande impacto \u00e0s v\u00edtimas e aos seus familiares. A unidade refor\u00e7a o seu compromisso em prol da seguran\u00e7a da sociedade catarinense e se compromete com as demais unidades policiais do estado no aux\u00edlio \u00e0 captura de foragidos.<\/p><p>Den\u00fancias e informa\u00e7\u00f5es relacionadas a foragidos da Justi\u00e7a podem ser encaminhadas para o e-mail deic-capturas@pc.sc.gov.br. Al\u00e9m disso, pelo\u00a0<strong><a href=\"https:\/\/sistemas.pc.sc.gov.br\/foragidos\/\">Portal Foragidos\u00a0da PCSC<\/a>\u00a0<\/strong>\u00e9 poss\u00edvel conhecer a rela\u00e7\u00e3o de procurados pela Justi\u00e7a. A Pol\u00edcia Civil de Santa Catarina garante o anonimato de quem prestar informa\u00e7\u00f5es sobre foragidos.<span style=\"font-weight: var( --e-global-typography-primary-font-weight );\">\u00a0<\/span><\/p>\t\t\t\t\t\t\t\t<\/div>\n\t\t\t\t<\/div>\n\t\t\t\t\t<\/div>\n\t\t<\/div>\n\t\t\t\t\t<\/div>\n\t\t<\/section>\n\t\t\t\t<\/div>\n\t\t","protected":false},"excerpt":{"rendered":"<p>Delegacia de Capturas da DEIC\/ PCSC prende homem por estupro contra pr\u00f3pria sobrinha em Blumenau A Pol\u00edcia Civil de Santa Catarina, por meio da Delegacia de Capturas da Diretoria Estadual de Investiga\u00e7\u00f5es Criminais, com apoio da Delegacia de Investiga\u00e7\u00e3o Criminal de Blumenau, cumpriu, no final da manh\u00e3 desta quinta-feira (13\/03), mandado de pris\u00e3o preventiva expedido [&hellip;]<\/p>\n","protected":false},"author":5,"featured_media":26728,"comment_status":"closed","ping_status":"open","sticky":false,"template":"","format":"standard","meta":{"_monsterinsights_skip_tracking":false,"_monsterinsights_sitenote_active":false,"_monsterinsights_sitenote_note":"","_monsterinsights_sitenote_category":0,"footnotes":""},"categories":[1],"tags":[],"class_list":["post-27306","post","type-post","status-publish","format-standard","has-post-thumbnail","hentry","category-sem-categoria"],"_links":{"self":[{"href":"https:\/\/pc.sc.gov.br\/index.php?rest_route=\/wp\/v2\/posts\/27306","targetHints":{"allow":["GET"]}}],"collection":[{"href":"https:\/\/pc.sc.gov.br\/index.php?rest_route=\/wp\/v2\/posts"}],"about":[{"href":"https:\/\/pc.sc.gov.br\/index.php?rest_route=\/wp\/v2\/types\/post"}],"author":[{"embeddable":true,"href":"https:\/\/pc.sc.gov.br\/index.php?rest_route=\/wp\/v2\/users\/5"}],"replies":[{"embeddable":true,"href":"https:\/\/pc.sc.gov.br\/index.php?rest_route=%2Fwp%2Fv2%2Fcomments&post=27306"}],"version-history":[{"count":4,"href":"https:\/\/pc.sc.gov.br\/index.php?rest_route=\/wp\/v2\/posts\/27306\/revisions"}],"predecessor-version":[{"id":27310,"href":"https:\/\/pc.sc.gov.br\/index.php?rest_route=\/wp\/v2\/posts\/27306\/revisions\/27310"}],"wp:featuredmedia":[{"embeddable":true,"href":"https:\/\/pc.sc.gov.br\/index.php?rest_route=\/wp\/v2\/media\/26728"}],"wp:attachment":[{"href":"https:\/\/pc.sc.gov.br\/index.php?rest_route=%2Fwp%2Fv2%2Fmedia&parent=27306"}],"wp:term":[{"taxonomy":"category","embeddable":true,"href":"https:\/\/pc.sc.gov.br\/index.php?rest_route=%2Fwp%2Fv2%2Fcategories&post=27306"},{"taxonomy":"post_tag","embeddable":true,"href":"https:\/\/pc.sc.gov.br\/index.php?rest_route=%2Fwp%2Fv2%2Ftags&post=27306"}],"curies":[{"name":"wp","href":"https:\/\/api.w.org\/{rel}","templated":true}]}}