{"id":27329,"date":"2025-03-13T16:17:48","date_gmt":"2025-03-13T19:17:48","guid":{"rendered":"https:\/\/pc.sc.gov.br\/?p=27329"},"modified":"2025-03-13T16:18:36","modified_gmt":"2025-03-13T19:18:36","slug":"policia-civil-deflagra-operacao-pista-livre-contra-associacao-criminosa-especializada-no-transporte-interestadual-de-cargas-de-drogas-e-prende-cinco-pessoas","status":"publish","type":"post","link":"https:\/\/pc.sc.gov.br\/?p=27329","title":{"rendered":"Pol\u00edcia Civil deflagra opera\u00e7\u00e3o \u201cPista Livre\u201d contra associa\u00e7\u00e3o criminosa especializada no transporte interestadual de cargas de drogas e prende cinco pessoas"},"content":{"rendered":"\t\t<div data-elementor-type=\"wp-post\" data-elementor-id=\"27329\" class=\"elementor elementor-27329\" data-elementor-post-type=\"post\">\n\t\t\t\t\t\t<section class=\"elementor-section elementor-top-section elementor-element elementor-element-cc1e594 elementor-section-boxed elementor-section-height-default elementor-section-height-default\" data-id=\"cc1e594\" data-element_type=\"section\">\n\t\t\t\t\t\t<div class=\"elementor-container elementor-column-gap-default\">\n\t\t\t\t\t<div class=\"elementor-column elementor-col-100 elementor-top-column elementor-element elementor-element-00591e8\" data-id=\"00591e8\" data-element_type=\"column\">\n\t\t\t<div class=\"elementor-widget-wrap elementor-element-populated\">\n\t\t\t\t\t\t<div class=\"elementor-element elementor-element-8af14fd elementor-widget elementor-widget-heading\" data-id=\"8af14fd\" data-element_type=\"widget\" data-widget_type=\"heading.default\">\n\t\t\t\t<div class=\"elementor-widget-container\">\n\t\t\t\t\t<h2 class=\"elementor-heading-title elementor-size-default\">Pol\u00edcia Civil deflagra opera\u00e7\u00e3o \u201cPista Livre\u201d contra associa\u00e7\u00e3o criminosa especializada no transporte interestadual de cargas de drogas e prende cinco pessoas <\/h2>\t\t\t\t<\/div>\n\t\t\t\t<\/div>\n\t\t\t\t\t<\/div>\n\t\t<\/div>\n\t\t\t\t\t<\/div>\n\t\t<\/section>\n\t\t\t\t<section class=\"elementor-section elementor-top-section elementor-element elementor-element-05136c0 elementor-section-boxed elementor-section-height-default elementor-section-height-default\" data-id=\"05136c0\" data-element_type=\"section\">\n\t\t\t\t\t\t<div class=\"elementor-container elementor-column-gap-default\">\n\t\t\t\t\t<div class=\"elementor-column elementor-col-100 elementor-top-column elementor-element elementor-element-c62e849\" data-id=\"c62e849\" data-element_type=\"column\">\n\t\t\t<div class=\"elementor-widget-wrap elementor-element-populated\">\n\t\t\t\t\t\t<div class=\"elementor-element elementor-element-381c54f elementor-widget elementor-widget-image\" data-id=\"381c54f\" data-element_type=\"widget\" data-widget_type=\"image.default\">\n\t\t\t\t<div class=\"elementor-widget-container\">\n\t\t\t\t\t\t\t\t\t\t\t\t\t\t\t<img fetchpriority=\"high\" decoding=\"async\" width=\"696\" height=\"522\" src=\"https:\/\/pc.sc.gov.br\/\/wp-content\/uploads\/2025\/03\/WhatsApp-Image-2025-03-13-at-15.40.17-1024x768.jpeg\" class=\"attachment-large size-large wp-image-27330\" alt=\"\" srcset=\"https:\/\/pc.sc.gov.br\/\/wp-content\/uploads\/2025\/03\/WhatsApp-Image-2025-03-13-at-15.40.17-1024x768.jpeg 1024w, https:\/\/pc.sc.gov.br\/\/wp-content\/uploads\/2025\/03\/WhatsApp-Image-2025-03-13-at-15.40.17-300x225.jpeg 300w, https:\/\/pc.sc.gov.br\/\/wp-content\/uploads\/2025\/03\/WhatsApp-Image-2025-03-13-at-15.40.17-768x576.jpeg 768w, https:\/\/pc.sc.gov.br\/\/wp-content\/uploads\/2025\/03\/WhatsApp-Image-2025-03-13-at-15.40.17-1536x1152.jpeg 1536w, https:\/\/pc.sc.gov.br\/\/wp-content\/uploads\/2025\/03\/WhatsApp-Image-2025-03-13-at-15.40.17.jpeg 1600w\" sizes=\"(max-width: 696px) 100vw, 696px\" \/>\t\t\t\t\t\t\t\t\t\t\t\t\t\t\t<\/div>\n\t\t\t\t<\/div>\n\t\t\t\t\t<\/div>\n\t\t<\/div>\n\t\t\t\t\t<\/div>\n\t\t<\/section>\n\t\t\t\t<section class=\"elementor-section elementor-top-section elementor-element elementor-element-7db1a6d elementor-section-boxed elementor-section-height-default elementor-section-height-default\" data-id=\"7db1a6d\" data-element_type=\"section\">\n\t\t\t\t\t\t<div class=\"elementor-container elementor-column-gap-default\">\n\t\t\t\t\t<div class=\"elementor-column elementor-col-100 elementor-top-column elementor-element elementor-element-5a712e4\" data-id=\"5a712e4\" data-element_type=\"column\">\n\t\t\t<div class=\"elementor-widget-wrap elementor-element-populated\">\n\t\t\t\t\t\t<div class=\"elementor-element elementor-element-9bdb1aa elementor-widget elementor-widget-text-editor\" data-id=\"9bdb1aa\" data-element_type=\"widget\" data-widget_type=\"text-editor.default\">\n\t\t\t\t<div class=\"elementor-widget-container\">\n\t\t\t\t\t\t\t\t\t<p>A Pol\u00edcia Civil de Santa Catarina, por meio da Delegacia de Investiga\u00e7\u00f5es Criminais de Balne\u00e1rio Cambori\u00fa, deflagrou, na manh\u00e3 dessa quinta-feira (13\/03), a opera\u00e7\u00e3o \u201cPista Livre\u201d, para cumprimento de dez ordens judiciais, sendo seis de busca e apreens\u00e3o e quatro de pris\u00e3o preventiva contra associa\u00e7\u00e3o criminosa especializada no transporte interestadual de cargas de drogas.<\/p><p>A opera\u00e7\u00e3o foi resultado de uma investiga\u00e7\u00e3o que teve in\u00edcio com a apreens\u00e3o de 114 kg de maconha, no dia 05\/09\/24. Na ocasi\u00e3o, a Pol\u00edcia Rodovi\u00e1ria Federal tentou realizar a abordagem de um ve\u00edculo na BR 101, na altura de Balne\u00e1rio Cambori\u00fa, mas os ocupantes conseguiram fugir, deixando para tr\u00e1s o carro com o carregamento de drogas.<\/p><p>\u00a0Os mandados foram cumpridos nas cidades de Itapema\/SC e Foz do Igua\u00e7u\/PR, resultando na pris\u00e3o de cinco pessoas, sendo uma delas em flagrante por tr\u00e1fico de drogas, e na apreens\u00e3o de por\u00e7\u00f5es de maconha e haxixe.<\/p><p>A opera\u00e7\u00e3o contou com o apoio do DENARC de Foz do Igua\u00e7u e das delegacias das comarcas de Itapema, Cambori\u00fa e Balne\u00e1rio Cambori\u00fa. Colabore com a Pol\u00edcia Civil fazendo den\u00fancias pelo telefone 181 ou atrav\u00e9s do WhatsApp, pelo n\u00famero (48)98844-0011. O sigilo \u00e9 absoluto!<\/p>\t\t\t\t\t\t\t\t<\/div>\n\t\t\t\t<\/div>\n\t\t\t\t\t<\/div>\n\t\t<\/div>\n\t\t\t\t\t<\/div>\n\t\t<\/section>\n\t\t\t\t<\/div>\n\t\t","protected":false},"excerpt":{"rendered":"<p>Pol\u00edcia Civil deflagra opera\u00e7\u00e3o \u201cPista Livre\u201d contra associa\u00e7\u00e3o criminosa especializada no transporte interestadual de cargas de drogas e prende cinco pessoas A Pol\u00edcia Civil de Santa Catarina, por meio da Delegacia de Investiga\u00e7\u00f5es Criminais de Balne\u00e1rio Cambori\u00fa, deflagrou, na manh\u00e3 dessa quinta-feira (13\/03), a opera\u00e7\u00e3o \u201cPista Livre\u201d, para cumprimento de dez ordens judiciais, sendo seis [&hellip;]<\/p>\n","protected":false},"author":5,"featured_media":27330,"comment_status":"closed","ping_status":"open","sticky":false,"template":"","format":"standard","meta":{"_monsterinsights_skip_tracking":false,"_monsterinsights_sitenote_active":false,"_monsterinsights_sitenote_note":"","_monsterinsights_sitenote_category":0,"footnotes":""},"categories":[1],"tags":[],"class_list":["post-27329","post","type-post","status-publish","format-standard","has-post-thumbnail","hentry","category-sem-categoria"],"_links":{"self":[{"href":"https:\/\/pc.sc.gov.br\/index.php?rest_route=\/wp\/v2\/posts\/27329","targetHints":{"allow":["GET"]}}],"collection":[{"href":"https:\/\/pc.sc.gov.br\/index.php?rest_route=\/wp\/v2\/posts"}],"about":[{"href":"https:\/\/pc.sc.gov.br\/index.php?rest_route=\/wp\/v2\/types\/post"}],"author":[{"embeddable":true,"href":"https:\/\/pc.sc.gov.br\/index.php?rest_route=\/wp\/v2\/users\/5"}],"replies":[{"embeddable":true,"href":"https:\/\/pc.sc.gov.br\/index.php?rest_route=%2Fwp%2Fv2%2Fcomments&post=27329"}],"version-history":[{"count":4,"href":"https:\/\/pc.sc.gov.br\/index.php?rest_route=\/wp\/v2\/posts\/27329\/revisions"}],"predecessor-version":[{"id":27334,"href":"https:\/\/pc.sc.gov.br\/index.php?rest_route=\/wp\/v2\/posts\/27329\/revisions\/27334"}],"wp:featuredmedia":[{"embeddable":true,"href":"https:\/\/pc.sc.gov.br\/index.php?rest_route=\/wp\/v2\/media\/27330"}],"wp:attachment":[{"href":"https:\/\/pc.sc.gov.br\/index.php?rest_route=%2Fwp%2Fv2%2Fmedia&parent=27329"}],"wp:term":[{"taxonomy":"category","embeddable":true,"href":"https:\/\/pc.sc.gov.br\/index.php?rest_route=%2Fwp%2Fv2%2Fcategories&post=27329"},{"taxonomy":"post_tag","embeddable":true,"href":"https:\/\/pc.sc.gov.br\/index.php?rest_route=%2Fwp%2Fv2%2Ftags&post=27329"}],"curies":[{"name":"wp","href":"https:\/\/api.w.org\/{rel}","templated":true}]}}