{"id":27335,"date":"2025-03-13T16:44:59","date_gmt":"2025-03-13T19:44:59","guid":{"rendered":"https:\/\/pc.sc.gov.br\/?p=27335"},"modified":"2025-03-13T16:54:46","modified_gmt":"2025-03-13T19:54:46","slug":"operacao-phanton-preso-em-itajai-integrante-de-grupo-criminoso-que-aplicava-a-golpe-da-novinha","status":"publish","type":"post","link":"https:\/\/pc.sc.gov.br\/?p=27335","title":{"rendered":"Opera\u00e7\u00e3o \u201cPhanton\u201d: Preso em Itaja\u00ed integrante de grupo criminoso que aplicava o \u201cgolpe da novinha\u201d"},"content":{"rendered":"\t\t<div data-elementor-type=\"wp-post\" data-elementor-id=\"27335\" class=\"elementor elementor-27335\" data-elementor-post-type=\"post\">\n\t\t\t\t\t\t<section class=\"elementor-section elementor-top-section elementor-element elementor-element-6ce2978 elementor-section-boxed elementor-section-height-default elementor-section-height-default\" data-id=\"6ce2978\" data-element_type=\"section\">\n\t\t\t\t\t\t<div class=\"elementor-container elementor-column-gap-default\">\n\t\t\t\t\t<div class=\"elementor-column elementor-col-100 elementor-top-column elementor-element elementor-element-182a964\" data-id=\"182a964\" data-element_type=\"column\">\n\t\t\t<div class=\"elementor-widget-wrap elementor-element-populated\">\n\t\t\t\t\t\t<div class=\"elementor-element elementor-element-1aed496 elementor-widget elementor-widget-heading\" data-id=\"1aed496\" data-element_type=\"widget\" data-widget_type=\"heading.default\">\n\t\t\t\t<div class=\"elementor-widget-container\">\n\t\t\t\t\t<h2 class=\"elementor-heading-title elementor-size-default\">Opera\u00e7\u00e3o \u201cPhanton\u201d: Preso em Itaja\u00ed integrante de grupo criminoso que aplicava o \u201cgolpe da novinha\u201d  <\/h2>\t\t\t\t<\/div>\n\t\t\t\t<\/div>\n\t\t\t\t\t<\/div>\n\t\t<\/div>\n\t\t\t\t\t<\/div>\n\t\t<\/section>\n\t\t\t\t<section class=\"elementor-section elementor-top-section elementor-element elementor-element-8f21d07 elementor-section-boxed elementor-section-height-default elementor-section-height-default\" data-id=\"8f21d07\" data-element_type=\"section\">\n\t\t\t\t\t\t<div class=\"elementor-container elementor-column-gap-default\">\n\t\t\t\t\t<div class=\"elementor-column elementor-col-100 elementor-top-column elementor-element elementor-element-6ae3369\" data-id=\"6ae3369\" data-element_type=\"column\">\n\t\t\t<div class=\"elementor-widget-wrap elementor-element-populated\">\n\t\t\t\t\t\t<div class=\"elementor-element elementor-element-7839e0c elementor-widget elementor-widget-image\" data-id=\"7839e0c\" data-element_type=\"widget\" data-widget_type=\"image.default\">\n\t\t\t\t<div class=\"elementor-widget-container\">\n\t\t\t\t\t\t\t\t\t\t\t\t\t\t\t<img fetchpriority=\"high\" decoding=\"async\" width=\"696\" height=\"576\" src=\"https:\/\/pc.sc.gov.br\/\/wp-content\/uploads\/2025\/02\/WhatsApp-Image-2024-08-08-at-16.56.13-fotor-20241122142530-1024x848.jpg\" class=\"attachment-large size-large wp-image-26555\" alt=\"\" srcset=\"https:\/\/pc.sc.gov.br\/\/wp-content\/uploads\/2025\/02\/WhatsApp-Image-2024-08-08-at-16.56.13-fotor-20241122142530-1024x848.jpg 1024w, https:\/\/pc.sc.gov.br\/\/wp-content\/uploads\/2025\/02\/WhatsApp-Image-2024-08-08-at-16.56.13-fotor-20241122142530-300x249.jpg 300w, https:\/\/pc.sc.gov.br\/\/wp-content\/uploads\/2025\/02\/WhatsApp-Image-2024-08-08-at-16.56.13-fotor-20241122142530-768x636.jpg 768w, https:\/\/pc.sc.gov.br\/\/wp-content\/uploads\/2025\/02\/WhatsApp-Image-2024-08-08-at-16.56.13-fotor-20241122142530.jpg 1196w\" sizes=\"(max-width: 696px) 100vw, 696px\" \/>\t\t\t\t\t\t\t\t\t\t\t\t\t\t\t<\/div>\n\t\t\t\t<\/div>\n\t\t\t\t\t<\/div>\n\t\t<\/div>\n\t\t\t\t\t<\/div>\n\t\t<\/section>\n\t\t\t\t<section class=\"elementor-section elementor-top-section elementor-element elementor-element-cfa6a47 elementor-section-boxed elementor-section-height-default elementor-section-height-default\" data-id=\"cfa6a47\" data-element_type=\"section\">\n\t\t\t\t\t\t<div class=\"elementor-container elementor-column-gap-default\">\n\t\t\t\t\t<div class=\"elementor-column elementor-col-100 elementor-top-column elementor-element elementor-element-855441d\" data-id=\"855441d\" data-element_type=\"column\">\n\t\t\t<div class=\"elementor-widget-wrap elementor-element-populated\">\n\t\t\t\t\t\t<div class=\"elementor-element elementor-element-01f6008 elementor-widget elementor-widget-text-editor\" data-id=\"01f6008\" data-element_type=\"widget\" data-widget_type=\"text-editor.default\">\n\t\t\t\t<div class=\"elementor-widget-container\">\n\t\t\t\t\t\t\t\t\t<p>A Pol\u00edcia Civil de Santa Catarina, por meio da Delegacia de Investiga\u00e7\u00e3o Criminal (DIC) de Itaja\u00ed, em apoio \u00e0 Pol\u00edcia Civil do Mato Grosso, efetuou, nesta quinta-feira (13\/03), a deflagra\u00e7\u00e3o da opera\u00e7\u00e3o \u201cPhanton\u201d, que culminou com a pris\u00e3o de um homem no bairro S\u00e3o Roque, em Itaja\u00ed.\u00a0<\/p><p>A investiga\u00e7\u00e3o, realizada pela Delegacia de Repress\u00e3o a Crimes Inform\u00e1ticos (DRCI) de Cuiab\u00e1\/MS, apurou a autoria e consequente qualifica\u00e7\u00e3o de um grupo criminoso que cometia os crimes de estelionato e extors\u00e3o cibern\u00e9tica, na modalidade sextors\u00e3o.\u00a0<\/p><p>O grupo atuava por meio da modalidade fraudulenta conhecida como \u201cgolpe da novinha\u201d e angariou consider\u00e1vel quantia entre os anos de 2021 e 2022.\u00a0<\/p><p>Al\u00e9m de Santa Catarina, foram identificados autores residentes no Rio Grande do Sul e Mato Grosso, locais estes em que a opera\u00e7\u00e3o \u201cPhanton\u201d tamb\u00e9m foi realizada. O preso foi conduzido ao CPVI de Itaja\u00ed.<\/p>\t\t\t\t\t\t\t\t<\/div>\n\t\t\t\t<\/div>\n\t\t\t\t\t<\/div>\n\t\t<\/div>\n\t\t\t\t\t<\/div>\n\t\t<\/section>\n\t\t\t\t<\/div>\n\t\t","protected":false},"excerpt":{"rendered":"<p>Opera\u00e7\u00e3o \u201cPhanton\u201d: Preso em Itaja\u00ed integrante de grupo criminoso que aplicava o \u201cgolpe da novinha\u201d A Pol\u00edcia Civil de Santa Catarina, por meio da Delegacia de Investiga\u00e7\u00e3o Criminal (DIC) de Itaja\u00ed, em apoio \u00e0 Pol\u00edcia Civil do Mato Grosso, efetuou, nesta quinta-feira (13\/03), a deflagra\u00e7\u00e3o da opera\u00e7\u00e3o \u201cPhanton\u201d, que culminou com a pris\u00e3o de um [&hellip;]<\/p>\n","protected":false},"author":5,"featured_media":27109,"comment_status":"closed","ping_status":"open","sticky":false,"template":"","format":"standard","meta":{"_monsterinsights_skip_tracking":false,"_monsterinsights_sitenote_active":false,"_monsterinsights_sitenote_note":"","_monsterinsights_sitenote_category":0,"footnotes":""},"categories":[1],"tags":[],"class_list":["post-27335","post","type-post","status-publish","format-standard","has-post-thumbnail","hentry","category-sem-categoria"],"_links":{"self":[{"href":"https:\/\/pc.sc.gov.br\/index.php?rest_route=\/wp\/v2\/posts\/27335","targetHints":{"allow":["GET"]}}],"collection":[{"href":"https:\/\/pc.sc.gov.br\/index.php?rest_route=\/wp\/v2\/posts"}],"about":[{"href":"https:\/\/pc.sc.gov.br\/index.php?rest_route=\/wp\/v2\/types\/post"}],"author":[{"embeddable":true,"href":"https:\/\/pc.sc.gov.br\/index.php?rest_route=\/wp\/v2\/users\/5"}],"replies":[{"embeddable":true,"href":"https:\/\/pc.sc.gov.br\/index.php?rest_route=%2Fwp%2Fv2%2Fcomments&post=27335"}],"version-history":[{"count":4,"href":"https:\/\/pc.sc.gov.br\/index.php?rest_route=\/wp\/v2\/posts\/27335\/revisions"}],"predecessor-version":[{"id":27339,"href":"https:\/\/pc.sc.gov.br\/index.php?rest_route=\/wp\/v2\/posts\/27335\/revisions\/27339"}],"wp:featuredmedia":[{"embeddable":true,"href":"https:\/\/pc.sc.gov.br\/index.php?rest_route=\/wp\/v2\/media\/27109"}],"wp:attachment":[{"href":"https:\/\/pc.sc.gov.br\/index.php?rest_route=%2Fwp%2Fv2%2Fmedia&parent=27335"}],"wp:term":[{"taxonomy":"category","embeddable":true,"href":"https:\/\/pc.sc.gov.br\/index.php?rest_route=%2Fwp%2Fv2%2Fcategories&post=27335"},{"taxonomy":"post_tag","embeddable":true,"href":"https:\/\/pc.sc.gov.br\/index.php?rest_route=%2Fwp%2Fv2%2Ftags&post=27335"}],"curies":[{"name":"wp","href":"https:\/\/api.w.org\/{rel}","templated":true}]}}