{"id":27356,"date":"2025-03-14T15:23:35","date_gmt":"2025-03-14T18:23:35","guid":{"rendered":"https:\/\/pc.sc.gov.br\/?p=27356"},"modified":"2025-03-14T15:36:14","modified_gmt":"2025-03-14T18:36:14","slug":"em-ato-simbolico-governador-inaugura-revitalizacao-da-delegacia-de-policia-municipal-de-campo-alegre","status":"publish","type":"post","link":"https:\/\/pc.sc.gov.br\/?p=27356","title":{"rendered":"Em ato simb\u00f3lico, governador inaugura revitaliza\u00e7\u00e3o da Delegacia de Pol\u00edcia Municipal de Campo Alegre"},"content":{"rendered":"\t\t<div data-elementor-type=\"wp-post\" data-elementor-id=\"27356\" class=\"elementor elementor-27356\" data-elementor-post-type=\"post\">\n\t\t\t\t\t\t<section class=\"elementor-section elementor-top-section elementor-element elementor-element-fa41771 elementor-section-boxed elementor-section-height-default elementor-section-height-default\" data-id=\"fa41771\" data-element_type=\"section\">\n\t\t\t\t\t\t<div class=\"elementor-container elementor-column-gap-default\">\n\t\t\t\t\t<div class=\"elementor-column elementor-col-100 elementor-top-column elementor-element elementor-element-ff8e139\" data-id=\"ff8e139\" data-element_type=\"column\">\n\t\t\t<div class=\"elementor-widget-wrap elementor-element-populated\">\n\t\t\t\t\t\t<div class=\"elementor-element elementor-element-2edb9a1 elementor-widget elementor-widget-heading\" data-id=\"2edb9a1\" data-element_type=\"widget\" data-widget_type=\"heading.default\">\n\t\t\t\t<div class=\"elementor-widget-container\">\n\t\t\t\t\t<h2 class=\"elementor-heading-title elementor-size-default\">Em ato simb\u00f3lico, governador inaugura revitaliza\u00e7\u00e3o da Delegacia de Pol\u00edcia Municipal de Campo Alegre<\/h2>\t\t\t\t<\/div>\n\t\t\t\t<\/div>\n\t\t\t\t\t<\/div>\n\t\t<\/div>\n\t\t\t\t\t<\/div>\n\t\t<\/section>\n\t\t\t\t<section class=\"elementor-section elementor-top-section elementor-element elementor-element-db10f53 elementor-section-boxed elementor-section-height-default elementor-section-height-default\" data-id=\"db10f53\" data-element_type=\"section\">\n\t\t\t\t\t\t<div class=\"elementor-container elementor-column-gap-default\">\n\t\t\t\t\t<div class=\"elementor-column elementor-col-100 elementor-top-column elementor-element elementor-element-ae20c63\" data-id=\"ae20c63\" data-element_type=\"column\">\n\t\t\t<div class=\"elementor-widget-wrap elementor-element-populated\">\n\t\t\t\t\t\t<div class=\"elementor-element elementor-element-7477d65 elementor-widget elementor-widget-image\" data-id=\"7477d65\" data-element_type=\"widget\" data-widget_type=\"image.default\">\n\t\t\t\t<div class=\"elementor-widget-container\">\n\t\t\t\t\t\t\t\t\t\t\t\t\t\t\t<img fetchpriority=\"high\" decoding=\"async\" width=\"696\" height=\"522\" src=\"https:\/\/pc.sc.gov.br\/\/wp-content\/uploads\/2025\/03\/Imagem-do-WhatsApp-de-2025-03-14-as-13.55.38_d46a6db3-768x576.jpg\" class=\"attachment-medium_large size-medium_large wp-image-27359\" alt=\"\" srcset=\"https:\/\/pc.sc.gov.br\/\/wp-content\/uploads\/2025\/03\/Imagem-do-WhatsApp-de-2025-03-14-as-13.55.38_d46a6db3-768x576.jpg 768w, https:\/\/pc.sc.gov.br\/\/wp-content\/uploads\/2025\/03\/Imagem-do-WhatsApp-de-2025-03-14-as-13.55.38_d46a6db3-300x225.jpg 300w, https:\/\/pc.sc.gov.br\/\/wp-content\/uploads\/2025\/03\/Imagem-do-WhatsApp-de-2025-03-14-as-13.55.38_d46a6db3-1024x768.jpg 1024w, https:\/\/pc.sc.gov.br\/\/wp-content\/uploads\/2025\/03\/Imagem-do-WhatsApp-de-2025-03-14-as-13.55.38_d46a6db3-1536x1152.jpg 1536w, https:\/\/pc.sc.gov.br\/\/wp-content\/uploads\/2025\/03\/Imagem-do-WhatsApp-de-2025-03-14-as-13.55.38_d46a6db3-2048x1536.jpg 2048w\" sizes=\"(max-width: 696px) 100vw, 696px\" \/>\t\t\t\t\t\t\t\t\t\t\t\t\t\t\t<\/div>\n\t\t\t\t<\/div>\n\t\t\t\t\t<\/div>\n\t\t<\/div>\n\t\t\t\t\t<\/div>\n\t\t<\/section>\n\t\t\t\t<section class=\"elementor-section elementor-top-section elementor-element elementor-element-4cc2200 elementor-section-boxed elementor-section-height-default elementor-section-height-default\" data-id=\"4cc2200\" data-element_type=\"section\">\n\t\t\t\t\t\t<div class=\"elementor-container elementor-column-gap-default\">\n\t\t\t\t\t<div class=\"elementor-column elementor-col-100 elementor-top-column elementor-element elementor-element-9e34778\" data-id=\"9e34778\" data-element_type=\"column\">\n\t\t\t<div class=\"elementor-widget-wrap elementor-element-populated\">\n\t\t\t\t\t\t<div class=\"elementor-element elementor-element-9e0ccb0 elementor-widget elementor-widget-text-editor\" data-id=\"9e0ccb0\" data-element_type=\"widget\" data-widget_type=\"text-editor.default\">\n\t\t\t\t<div class=\"elementor-widget-container\">\n\t\t\t\t\t\t\t\t\t<p>O governador Jorginho Mello e o delegado-geral da Pol\u00edcia Civil de Santa Catarina, Ulisses Gabriel, participaram na manh\u00e3 desta sexta-feira (14), em Joinville, de um ato simb\u00f3lico para marcar a inaugura\u00e7\u00e3o da revitaliza\u00e7\u00e3o do pr\u00e9dio da Delegacia de Pol\u00edcia Municipal (DPMu) de Campo Alegre. O ato ocorreu durante a apresenta\u00e7\u00e3o do Programa Santa Catarina Levada a S\u00e9rio \u2013 Prestando Contas, que tamb\u00e9m contou com a presen\u00e7a da vice-governadora Marilisa Boehm e reuniu prefeitos das noves cidades que comp\u00f5em a Associa\u00e7\u00e3o de Munic\u00edpios do Nordeste de Santa Catarina (Amunesc).<\/p>\n<p>De acordo com o titular da DPMu, delegado Gil Ribas, o pr\u00e9dio da unidade foi totalmente recuperado bem como a \u00e1rea externa da DP. O investimento foi R$ 320 mil com recursos pr\u00f3prios.&nbsp;<\/p>\n<p>No ato, o delegado-geral, Ulisses Gabriel, disse que a revitaliza\u00e7\u00e3o da unidade \u00e9 mais uma importante a\u00e7\u00e3o do governo Jorginho. \u201cEste pr\u00e9dio estava com muitos problemas que foram selecionados com esta obra. Desta forma poderemos oferecer um ambiente mais acolhedor para os campo-alegrenses e tamb\u00e9m mais confort\u00e1vel para os policiais civis\u201d.<\/p>\t\t\t\t\t\t\t\t<\/div>\n\t\t\t\t<\/div>\n\t\t\t\t\t<\/div>\n\t\t<\/div>\n\t\t\t\t\t<\/div>\n\t\t<\/section>\n\t\t\t\t<\/div>\n\t\t","protected":false},"excerpt":{"rendered":"<p>Em ato simb\u00f3lico, governador inaugura revitaliza\u00e7\u00e3o da Delegacia de Pol\u00edcia Municipal de Campo Alegre O governador Jorginho Mello e o delegado-geral da Pol\u00edcia Civil de Santa Catarina, Ulisses Gabriel, participaram na manh\u00e3 desta sexta-feira (14), em Joinville, de um ato simb\u00f3lico para marcar a inaugura\u00e7\u00e3o da revitaliza\u00e7\u00e3o do pr\u00e9dio da Delegacia de Pol\u00edcia Municipal (DPMu) [&hellip;]<\/p>\n","protected":false},"author":5,"featured_media":27357,"comment_status":"closed","ping_status":"open","sticky":false,"template":"","format":"standard","meta":{"_monsterinsights_skip_tracking":false,"_monsterinsights_sitenote_active":false,"_monsterinsights_sitenote_note":"","_monsterinsights_sitenote_category":0,"footnotes":""},"categories":[1],"tags":[],"class_list":["post-27356","post","type-post","status-publish","format-standard","has-post-thumbnail","hentry","category-sem-categoria"],"_links":{"self":[{"href":"https:\/\/pc.sc.gov.br\/index.php?rest_route=\/wp\/v2\/posts\/27356","targetHints":{"allow":["GET"]}}],"collection":[{"href":"https:\/\/pc.sc.gov.br\/index.php?rest_route=\/wp\/v2\/posts"}],"about":[{"href":"https:\/\/pc.sc.gov.br\/index.php?rest_route=\/wp\/v2\/types\/post"}],"author":[{"embeddable":true,"href":"https:\/\/pc.sc.gov.br\/index.php?rest_route=\/wp\/v2\/users\/5"}],"replies":[{"embeddable":true,"href":"https:\/\/pc.sc.gov.br\/index.php?rest_route=%2Fwp%2Fv2%2Fcomments&post=27356"}],"version-history":[{"count":7,"href":"https:\/\/pc.sc.gov.br\/index.php?rest_route=\/wp\/v2\/posts\/27356\/revisions"}],"predecessor-version":[{"id":27367,"href":"https:\/\/pc.sc.gov.br\/index.php?rest_route=\/wp\/v2\/posts\/27356\/revisions\/27367"}],"wp:featuredmedia":[{"embeddable":true,"href":"https:\/\/pc.sc.gov.br\/index.php?rest_route=\/wp\/v2\/media\/27357"}],"wp:attachment":[{"href":"https:\/\/pc.sc.gov.br\/index.php?rest_route=%2Fwp%2Fv2%2Fmedia&parent=27356"}],"wp:term":[{"taxonomy":"category","embeddable":true,"href":"https:\/\/pc.sc.gov.br\/index.php?rest_route=%2Fwp%2Fv2%2Fcategories&post=27356"},{"taxonomy":"post_tag","embeddable":true,"href":"https:\/\/pc.sc.gov.br\/index.php?rest_route=%2Fwp%2Fv2%2Ftags&post=27356"}],"curies":[{"name":"wp","href":"https:\/\/api.w.org\/{rel}","templated":true}]}}