{"id":27368,"date":"2025-03-14T16:43:47","date_gmt":"2025-03-14T19:43:47","guid":{"rendered":"https:\/\/pc.sc.gov.br\/?p=27368"},"modified":"2025-03-14T16:45:19","modified_gmt":"2025-03-14T19:45:19","slug":"pcsc-identifica-um-dos-autores-que-extorquiram-e-roubaram-uma-mulher-em-ararangua","status":"publish","type":"post","link":"https:\/\/pc.sc.gov.br\/?p=27368","title":{"rendered":"PCSC identifica um dos autores que extorquiram e roubaram uma mulher em Ararangu\u00e1"},"content":{"rendered":"\t\t<div data-elementor-type=\"wp-post\" data-elementor-id=\"27368\" class=\"elementor elementor-27368\" data-elementor-post-type=\"post\">\n\t\t\t\t\t\t<section class=\"elementor-section elementor-top-section elementor-element elementor-element-2c79a42 elementor-section-boxed elementor-section-height-default elementor-section-height-default\" data-id=\"2c79a42\" data-element_type=\"section\">\n\t\t\t\t\t\t<div class=\"elementor-container elementor-column-gap-default\">\n\t\t\t\t\t<div class=\"elementor-column elementor-col-100 elementor-top-column elementor-element elementor-element-7a8ec3c\" data-id=\"7a8ec3c\" data-element_type=\"column\">\n\t\t\t<div class=\"elementor-widget-wrap elementor-element-populated\">\n\t\t\t\t\t\t<div class=\"elementor-element elementor-element-1f33dea elementor-widget elementor-widget-heading\" data-id=\"1f33dea\" data-element_type=\"widget\" data-widget_type=\"heading.default\">\n\t\t\t\t<div class=\"elementor-widget-container\">\n\t\t\t\t\t<h2 class=\"elementor-heading-title elementor-size-default\">PCSC identifica um dos autores que extorquiram e roubaram uma mulher em Ararangu\u00e1<\/h2>\t\t\t\t<\/div>\n\t\t\t\t<\/div>\n\t\t\t\t\t<\/div>\n\t\t<\/div>\n\t\t\t\t\t<\/div>\n\t\t<\/section>\n\t\t\t\t<section class=\"elementor-section elementor-top-section elementor-element elementor-element-170246e elementor-section-boxed elementor-section-height-default elementor-section-height-default\" data-id=\"170246e\" data-element_type=\"section\">\n\t\t\t\t\t\t<div class=\"elementor-container elementor-column-gap-default\">\n\t\t\t\t\t<div class=\"elementor-column elementor-col-100 elementor-top-column elementor-element elementor-element-c6985f5\" data-id=\"c6985f5\" data-element_type=\"column\">\n\t\t\t<div class=\"elementor-widget-wrap elementor-element-populated\">\n\t\t\t\t\t\t<div class=\"elementor-element elementor-element-3824d2f elementor-widget elementor-widget-image\" data-id=\"3824d2f\" data-element_type=\"widget\" data-widget_type=\"image.default\">\n\t\t\t\t<div class=\"elementor-widget-container\">\n\t\t\t\t\t\t\t\t\t\t\t\t\t\t\t<img fetchpriority=\"high\" decoding=\"async\" width=\"696\" height=\"527\" src=\"https:\/\/pc.sc.gov.br\/\/wp-content\/uploads\/2025\/03\/5a30ebae-2f1e-4e70-a266-4aa755ad762c-fotor-20250314164219-768x582.jpg\" class=\"attachment-medium_large size-medium_large wp-image-27369\" alt=\"\" srcset=\"https:\/\/pc.sc.gov.br\/\/wp-content\/uploads\/2025\/03\/5a30ebae-2f1e-4e70-a266-4aa755ad762c-fotor-20250314164219-768x582.jpg 768w, https:\/\/pc.sc.gov.br\/\/wp-content\/uploads\/2025\/03\/5a30ebae-2f1e-4e70-a266-4aa755ad762c-fotor-20250314164219-300x227.jpg 300w, https:\/\/pc.sc.gov.br\/\/wp-content\/uploads\/2025\/03\/5a30ebae-2f1e-4e70-a266-4aa755ad762c-fotor-20250314164219-1024x776.jpg 1024w, https:\/\/pc.sc.gov.br\/\/wp-content\/uploads\/2025\/03\/5a30ebae-2f1e-4e70-a266-4aa755ad762c-fotor-20250314164219.jpg 1204w\" sizes=\"(max-width: 696px) 100vw, 696px\" \/>\t\t\t\t\t\t\t\t\t\t\t\t\t\t\t<\/div>\n\t\t\t\t<\/div>\n\t\t\t\t\t<\/div>\n\t\t<\/div>\n\t\t\t\t\t<\/div>\n\t\t<\/section>\n\t\t\t\t<section class=\"elementor-section elementor-top-section elementor-element elementor-element-232eec1 elementor-section-boxed elementor-section-height-default elementor-section-height-default\" data-id=\"232eec1\" data-element_type=\"section\">\n\t\t\t\t\t\t<div class=\"elementor-container elementor-column-gap-default\">\n\t\t\t\t\t<div class=\"elementor-column elementor-col-100 elementor-top-column elementor-element elementor-element-c3d6246\" data-id=\"c3d6246\" data-element_type=\"column\">\n\t\t\t<div class=\"elementor-widget-wrap elementor-element-populated\">\n\t\t\t\t\t\t<div class=\"elementor-element elementor-element-97dead3 elementor-widget elementor-widget-text-editor\" data-id=\"97dead3\" data-element_type=\"widget\" data-widget_type=\"text-editor.default\">\n\t\t\t\t<div class=\"elementor-widget-container\">\n\t\t\t\t\t\t\t\t\t<p>A Pol\u00edcia Civil de Santa Catarina, por meio da 1\u00aa DP de Ararangu\u00e1 deu cumprimento nesta sexta-feir5a (14) a um mandado de pris\u00e3o de um suspeito, avan\u00e7ando significativamente nas investiga\u00e7\u00f5es de um crime de extors\u00e3o e roubo de ve\u00edculo que ocorreu no in\u00edcio do m\u00eas (06\/03). O indiv\u00edduo foi capturado no bairro Nova Divin\u00e9ia, ap\u00f3s intensa investiga\u00e7\u00e3o.<\/p><p>No dia 6 de mar\u00e7o, uma v\u00edtima foi for\u00e7adamente introduzida em seu ve\u00edculo no bairro Cidade Alta e submetida \u00e0 extors\u00e3o sob amea\u00e7a, sendo obrigada a realizar uma transfer\u00eancia banc\u00e1ria de R$ 1.400. Posteriormente, foi abandonada em um local isolado enquanto os criminosos fugiam com seu carro. O ve\u00edculo foi mais tarde encontrado em uma \u00e1rea de mata, fechando o ciclo do crime.<\/p><p>O suspeito, detido pr\u00f3ximo \u00e0 sua resid\u00eancia, estava com itens possivelmente ligados ao crime, incluindo drogas e dinheiro. A pris\u00e3o ocorreu sem resist\u00eancia, com o suspeito cooperando durante a abordagem policial.\u00a0<\/p><p>Essa a\u00e7\u00e3o destaca a persist\u00eancia e efic\u00e1cia da equipe da 1\u00aa Delegacia de Pol\u00edcia de Ararangu\u00e1, que continua a investigar para localizar e prender os demais envolvidos no crime. A seguran\u00e7a da comunidade e o combate \u00e0 criminalidade permanecem como prioridades m\u00e1ximas para a Pol\u00edcia Civil.<\/p>\t\t\t\t\t\t\t\t<\/div>\n\t\t\t\t<\/div>\n\t\t\t\t\t<\/div>\n\t\t<\/div>\n\t\t\t\t\t<\/div>\n\t\t<\/section>\n\t\t\t\t<section class=\"elementor-section elementor-top-section elementor-element elementor-element-47ab05e elementor-section-boxed elementor-section-height-default elementor-section-height-default\" data-id=\"47ab05e\" data-element_type=\"section\">\n\t\t\t\t\t\t<div class=\"elementor-container elementor-column-gap-default\">\n\t\t\t\t\t<div class=\"elementor-column elementor-col-100 elementor-top-column elementor-element elementor-element-f40ce12\" data-id=\"f40ce12\" data-element_type=\"column\">\n\t\t\t<div class=\"elementor-widget-wrap elementor-element-populated\">\n\t\t\t\t\t\t<div class=\"elementor-element elementor-element-6f71973 elementor-widget elementor-widget-image\" data-id=\"6f71973\" data-element_type=\"widget\" data-widget_type=\"image.default\">\n\t\t\t\t<div class=\"elementor-widget-container\">\n\t\t\t\t\t\t\t\t\t\t\t\t\t\t\t<img decoding=\"async\" width=\"696\" height=\"563\" src=\"https:\/\/pc.sc.gov.br\/\/wp-content\/uploads\/2025\/03\/0c64d6c2-44d5-4262-bff1-61821f7410fe-fotor-20250314164250-768x621.jpg\" class=\"attachment-medium_large size-medium_large wp-image-27371\" alt=\"\" srcset=\"https:\/\/pc.sc.gov.br\/\/wp-content\/uploads\/2025\/03\/0c64d6c2-44d5-4262-bff1-61821f7410fe-fotor-20250314164250-768x621.jpg 768w, https:\/\/pc.sc.gov.br\/\/wp-content\/uploads\/2025\/03\/0c64d6c2-44d5-4262-bff1-61821f7410fe-fotor-20250314164250-300x243.jpg 300w, https:\/\/pc.sc.gov.br\/\/wp-content\/uploads\/2025\/03\/0c64d6c2-44d5-4262-bff1-61821f7410fe-fotor-20250314164250-1024x828.jpg 1024w, https:\/\/pc.sc.gov.br\/\/wp-content\/uploads\/2025\/03\/0c64d6c2-44d5-4262-bff1-61821f7410fe-fotor-20250314164250.jpg 1198w\" sizes=\"(max-width: 696px) 100vw, 696px\" \/>\t\t\t\t\t\t\t\t\t\t\t\t\t\t\t<\/div>\n\t\t\t\t<\/div>\n\t\t\t\t\t<\/div>\n\t\t<\/div>\n\t\t\t\t\t<\/div>\n\t\t<\/section>\n\t\t\t\t<\/div>\n\t\t","protected":false},"excerpt":{"rendered":"<p>PCSC identifica um dos autores que extorquiram e roubaram uma mulher em Ararangu\u00e1 A Pol\u00edcia Civil de Santa Catarina, por meio da 1\u00aa DP de Ararangu\u00e1 deu cumprimento nesta sexta-feir5a (14) a um mandado de pris\u00e3o de um suspeito, avan\u00e7ando significativamente nas investiga\u00e7\u00f5es de um crime de extors\u00e3o e roubo de ve\u00edculo que ocorreu no [&hellip;]<\/p>\n","protected":false},"author":5,"featured_media":27369,"comment_status":"closed","ping_status":"open","sticky":false,"template":"","format":"standard","meta":{"_monsterinsights_skip_tracking":false,"_monsterinsights_sitenote_active":false,"_monsterinsights_sitenote_note":"","_monsterinsights_sitenote_category":0,"footnotes":""},"categories":[1],"tags":[],"class_list":["post-27368","post","type-post","status-publish","format-standard","has-post-thumbnail","hentry","category-sem-categoria"],"_links":{"self":[{"href":"https:\/\/pc.sc.gov.br\/index.php?rest_route=\/wp\/v2\/posts\/27368","targetHints":{"allow":["GET"]}}],"collection":[{"href":"https:\/\/pc.sc.gov.br\/index.php?rest_route=\/wp\/v2\/posts"}],"about":[{"href":"https:\/\/pc.sc.gov.br\/index.php?rest_route=\/wp\/v2\/types\/post"}],"author":[{"embeddable":true,"href":"https:\/\/pc.sc.gov.br\/index.php?rest_route=\/wp\/v2\/users\/5"}],"replies":[{"embeddable":true,"href":"https:\/\/pc.sc.gov.br\/index.php?rest_route=%2Fwp%2Fv2%2Fcomments&post=27368"}],"version-history":[{"count":4,"href":"https:\/\/pc.sc.gov.br\/index.php?rest_route=\/wp\/v2\/posts\/27368\/revisions"}],"predecessor-version":[{"id":27374,"href":"https:\/\/pc.sc.gov.br\/index.php?rest_route=\/wp\/v2\/posts\/27368\/revisions\/27374"}],"wp:featuredmedia":[{"embeddable":true,"href":"https:\/\/pc.sc.gov.br\/index.php?rest_route=\/wp\/v2\/media\/27369"}],"wp:attachment":[{"href":"https:\/\/pc.sc.gov.br\/index.php?rest_route=%2Fwp%2Fv2%2Fmedia&parent=27368"}],"wp:term":[{"taxonomy":"category","embeddable":true,"href":"https:\/\/pc.sc.gov.br\/index.php?rest_route=%2Fwp%2Fv2%2Fcategories&post=27368"},{"taxonomy":"post_tag","embeddable":true,"href":"https:\/\/pc.sc.gov.br\/index.php?rest_route=%2Fwp%2Fv2%2Ftags&post=27368"}],"curies":[{"name":"wp","href":"https:\/\/api.w.org\/{rel}","templated":true}]}}