{"id":27390,"date":"2025-03-14T18:45:05","date_gmt":"2025-03-14T21:45:05","guid":{"rendered":"https:\/\/pc.sc.gov.br\/?p=27390"},"modified":"2025-03-14T18:51:25","modified_gmt":"2025-03-14T21:51:25","slug":"homem-e-preso-em-flagrante-ao-tentar-abrir-conta-em-banco-com-documentos-falsos-em-criciuma","status":"publish","type":"post","link":"https:\/\/pc.sc.gov.br\/?p=27390","title":{"rendered":"Homem \u00e9 preso em flagrante ao tentar abrir conta em banco com documentos falsos, em Crici\u00fama"},"content":{"rendered":"\t\t<div data-elementor-type=\"wp-post\" data-elementor-id=\"27390\" class=\"elementor elementor-27390\" data-elementor-post-type=\"post\">\n\t\t\t\t\t\t<section class=\"elementor-section elementor-top-section elementor-element elementor-element-7e179e8 elementor-section-boxed elementor-section-height-default elementor-section-height-default\" data-id=\"7e179e8\" data-element_type=\"section\">\n\t\t\t\t\t\t<div class=\"elementor-container elementor-column-gap-default\">\n\t\t\t\t\t<div class=\"elementor-column elementor-col-100 elementor-top-column elementor-element elementor-element-2b1da8d\" data-id=\"2b1da8d\" data-element_type=\"column\">\n\t\t\t<div class=\"elementor-widget-wrap elementor-element-populated\">\n\t\t\t\t\t\t<div class=\"elementor-element elementor-element-670bdf2 elementor-widget elementor-widget-heading\" data-id=\"670bdf2\" data-element_type=\"widget\" data-widget_type=\"heading.default\">\n\t\t\t\t<div class=\"elementor-widget-container\">\n\t\t\t\t\t<h2 class=\"elementor-heading-title elementor-size-default\">Homem \u00e9 preso em flagrante ao tentar abrir conta em banco com documentos falsos, em Crici\u00fama<\/h2>\t\t\t\t<\/div>\n\t\t\t\t<\/div>\n\t\t\t\t\t<\/div>\n\t\t<\/div>\n\t\t\t\t\t<\/div>\n\t\t<\/section>\n\t\t\t\t<section class=\"elementor-section elementor-top-section elementor-element elementor-element-28f3f40 elementor-section-boxed elementor-section-height-default elementor-section-height-default\" data-id=\"28f3f40\" data-element_type=\"section\">\n\t\t\t\t\t\t<div class=\"elementor-container elementor-column-gap-default\">\n\t\t\t\t\t<div class=\"elementor-column elementor-col-100 elementor-top-column elementor-element elementor-element-afb6219\" data-id=\"afb6219\" data-element_type=\"column\">\n\t\t\t<div class=\"elementor-widget-wrap elementor-element-populated\">\n\t\t\t\t\t\t<div class=\"elementor-element elementor-element-eb5de0e elementor-widget elementor-widget-image\" data-id=\"eb5de0e\" data-element_type=\"widget\" data-widget_type=\"image.default\">\n\t\t\t\t<div class=\"elementor-widget-container\">\n\t\t\t\t\t\t\t\t\t\t\t\t\t\t\t<img fetchpriority=\"high\" decoding=\"async\" width=\"696\" height=\"444\" src=\"https:\/\/pc.sc.gov.br\/\/wp-content\/uploads\/2025\/03\/WhatsApp-Image-2025-03-14-at-18.26.29-fotor-20250314184435-1024x653.jpg\" class=\"attachment-large size-large wp-image-27391\" alt=\"\" srcset=\"https:\/\/pc.sc.gov.br\/\/wp-content\/uploads\/2025\/03\/WhatsApp-Image-2025-03-14-at-18.26.29-fotor-20250314184435-1024x653.jpg 1024w, https:\/\/pc.sc.gov.br\/\/wp-content\/uploads\/2025\/03\/WhatsApp-Image-2025-03-14-at-18.26.29-fotor-20250314184435-300x191.jpg 300w, https:\/\/pc.sc.gov.br\/\/wp-content\/uploads\/2025\/03\/WhatsApp-Image-2025-03-14-at-18.26.29-fotor-20250314184435-768x490.jpg 768w, https:\/\/pc.sc.gov.br\/\/wp-content\/uploads\/2025\/03\/WhatsApp-Image-2025-03-14-at-18.26.29-fotor-20250314184435.jpg 1178w\" sizes=\"(max-width: 696px) 100vw, 696px\" \/>\t\t\t\t\t\t\t\t\t\t\t\t\t\t\t<\/div>\n\t\t\t\t<\/div>\n\t\t\t\t\t<\/div>\n\t\t<\/div>\n\t\t\t\t\t<\/div>\n\t\t<\/section>\n\t\t\t\t<section class=\"elementor-section elementor-top-section elementor-element elementor-element-8354ade elementor-section-boxed elementor-section-height-default elementor-section-height-default\" data-id=\"8354ade\" data-element_type=\"section\">\n\t\t\t\t\t\t<div class=\"elementor-container elementor-column-gap-default\">\n\t\t\t\t\t<div class=\"elementor-column elementor-col-100 elementor-top-column elementor-element elementor-element-0827abf\" data-id=\"0827abf\" data-element_type=\"column\">\n\t\t\t<div class=\"elementor-widget-wrap elementor-element-populated\">\n\t\t\t\t\t\t<div class=\"elementor-element elementor-element-c8452d0 elementor-widget elementor-widget-text-editor\" data-id=\"c8452d0\" data-element_type=\"widget\" data-widget_type=\"text-editor.default\">\n\t\t\t\t<div class=\"elementor-widget-container\">\n\t\t\t\t\t\t\t\t\t<p>A Pol\u00edcia Civil do Estado de Santa Catarina, por meio da 1\u00aa Delegacia de Pol\u00edcia da Comarca de Crici\u00fama, na tarde de hoje (14), por volta das 14h30min, prendeu em flagrante delito em uma ag\u00eancia banc\u00e1ria, situada no Centro de Crici\u00fama, um homem pelo crime de uso de documento falso, delito previsto no artigo 304 e 297, ambos do C\u00f3digo Penal.<\/p>\n<p>Os policiais civis tiveram not\u00edcia que o investigado estava usando documentos falsos para abrir uma conta banc\u00e1ria. O intuito do homem era servir como \u201claranja\u201d para auxiliar outros indiv\u00edduos a perpetrar fraudes contra a institui\u00e7\u00e3o financeira.<\/p>\n<p>Assim, de posse das informa\u00e7\u00f5es, os policiais foram at\u00e9 a ag\u00eancia banc\u00e1ria e prenderam o suspeito em flagrante delito, uma vez que o investigado portava os documentos falsos.<\/p>\n<p>Importante ressaltar que o investigado j\u00e1 foi condenado duas vezes pelo crime de tr\u00e1fico de drogas, j\u00e1 cumpriu 6 anos de reclus\u00e3o, \u00e9 egresso do sistema carcer\u00e1rio h\u00e1 seis meses e se encontra em usufruto do benef\u00edcio do livramento condicional.&nbsp;<span style=\"font-family: var( --e-global-typography-primary-font-family ), Sans-serif; font-size: var( --e-global-typography-primary-font-size ); font-weight: var( --e-global-typography-primary-font-weight ); letter-spacing: var( --e-global-typography-primary-letter-spacing );\">O preso foi encaminhado para o Pres\u00eddio Santa Augusta, onde ficar\u00e1 a disposi\u00e7\u00e3o do Poder Judici\u00e1rio.<\/span><\/p>\t\t\t\t\t\t\t\t<\/div>\n\t\t\t\t<\/div>\n\t\t\t\t\t<\/div>\n\t\t<\/div>\n\t\t\t\t\t<\/div>\n\t\t<\/section>\n\t\t\t\t<\/div>\n\t\t","protected":false},"excerpt":{"rendered":"<p>Homem \u00e9 preso em flagrante ao tentar abrir conta em banco com documentos falsos, em Crici\u00fama A Pol\u00edcia Civil do Estado de Santa Catarina, por meio da 1\u00aa Delegacia de Pol\u00edcia da Comarca de Crici\u00fama, na tarde de hoje (14), por volta das 14h30min, prendeu em flagrante delito em uma ag\u00eancia banc\u00e1ria, situada no Centro [&hellip;]<\/p>\n","protected":false},"author":5,"featured_media":27391,"comment_status":"closed","ping_status":"open","sticky":false,"template":"","format":"standard","meta":{"_monsterinsights_skip_tracking":false,"_monsterinsights_sitenote_active":false,"_monsterinsights_sitenote_note":"","_monsterinsights_sitenote_category":0,"footnotes":""},"categories":[1],"tags":[],"class_list":["post-27390","post","type-post","status-publish","format-standard","has-post-thumbnail","hentry","category-sem-categoria"],"_links":{"self":[{"href":"https:\/\/pc.sc.gov.br\/index.php?rest_route=\/wp\/v2\/posts\/27390","targetHints":{"allow":["GET"]}}],"collection":[{"href":"https:\/\/pc.sc.gov.br\/index.php?rest_route=\/wp\/v2\/posts"}],"about":[{"href":"https:\/\/pc.sc.gov.br\/index.php?rest_route=\/wp\/v2\/types\/post"}],"author":[{"embeddable":true,"href":"https:\/\/pc.sc.gov.br\/index.php?rest_route=\/wp\/v2\/users\/5"}],"replies":[{"embeddable":true,"href":"https:\/\/pc.sc.gov.br\/index.php?rest_route=%2Fwp%2Fv2%2Fcomments&post=27390"}],"version-history":[{"count":3,"href":"https:\/\/pc.sc.gov.br\/index.php?rest_route=\/wp\/v2\/posts\/27390\/revisions"}],"predecessor-version":[{"id":27394,"href":"https:\/\/pc.sc.gov.br\/index.php?rest_route=\/wp\/v2\/posts\/27390\/revisions\/27394"}],"wp:featuredmedia":[{"embeddable":true,"href":"https:\/\/pc.sc.gov.br\/index.php?rest_route=\/wp\/v2\/media\/27391"}],"wp:attachment":[{"href":"https:\/\/pc.sc.gov.br\/index.php?rest_route=%2Fwp%2Fv2%2Fmedia&parent=27390"}],"wp:term":[{"taxonomy":"category","embeddable":true,"href":"https:\/\/pc.sc.gov.br\/index.php?rest_route=%2Fwp%2Fv2%2Fcategories&post=27390"},{"taxonomy":"post_tag","embeddable":true,"href":"https:\/\/pc.sc.gov.br\/index.php?rest_route=%2Fwp%2Fv2%2Ftags&post=27390"}],"curies":[{"name":"wp","href":"https:\/\/api.w.org\/{rel}","templated":true}]}}