{"id":27395,"date":"2025-03-17T13:54:07","date_gmt":"2025-03-17T16:54:07","guid":{"rendered":"https:\/\/pc.sc.gov.br\/?p=27395"},"modified":"2025-03-17T13:54:52","modified_gmt":"2025-03-17T16:54:52","slug":"policia-civil-participa-de-acao-conjunta-que-resultou-na-recuperacao-de-duas-caminhonetes-furtadas-e-na-prisao-em-flagrante-de-um-homem","status":"publish","type":"post","link":"https:\/\/pc.sc.gov.br\/?p=27395","title":{"rendered":"Pol\u00edcia Civil participa de a\u00e7\u00e3o conjunta que resultou na recupera\u00e7\u00e3o de duas caminhonetes furtadas e na pris\u00e3o em flagrante de um homem"},"content":{"rendered":"\t\t<div data-elementor-type=\"wp-post\" data-elementor-id=\"27395\" class=\"elementor elementor-27395\" data-elementor-post-type=\"post\">\n\t\t\t\t\t\t<section class=\"elementor-section elementor-top-section elementor-element elementor-element-234ac5e elementor-section-boxed elementor-section-height-default elementor-section-height-default\" data-id=\"234ac5e\" data-element_type=\"section\">\n\t\t\t\t\t\t<div class=\"elementor-container elementor-column-gap-default\">\n\t\t\t\t\t<div class=\"elementor-column elementor-col-100 elementor-top-column elementor-element elementor-element-9c78bc1\" data-id=\"9c78bc1\" data-element_type=\"column\">\n\t\t\t<div class=\"elementor-widget-wrap elementor-element-populated\">\n\t\t\t\t\t\t<div class=\"elementor-element elementor-element-24ba179 elementor-widget elementor-widget-heading\" data-id=\"24ba179\" data-element_type=\"widget\" data-widget_type=\"heading.default\">\n\t\t\t\t<div class=\"elementor-widget-container\">\n\t\t\t\t\t<h2 class=\"elementor-heading-title elementor-size-default\">Pol\u00edcia Civil participa de a\u00e7\u00e3o conjunta que resultou na recupera\u00e7\u00e3o de duas caminhonetes furtadas e na pris\u00e3o em flagrante de um homem <\/h2>\t\t\t\t<\/div>\n\t\t\t\t<\/div>\n\t\t\t\t\t<\/div>\n\t\t<\/div>\n\t\t\t\t\t<\/div>\n\t\t<\/section>\n\t\t\t\t<section class=\"elementor-section elementor-top-section elementor-element elementor-element-f6eeb4e elementor-section-boxed elementor-section-height-default elementor-section-height-default\" data-id=\"f6eeb4e\" data-element_type=\"section\">\n\t\t\t\t\t\t<div class=\"elementor-container elementor-column-gap-default\">\n\t\t\t\t\t<div class=\"elementor-column elementor-col-100 elementor-top-column elementor-element elementor-element-8810e9b\" data-id=\"8810e9b\" data-element_type=\"column\">\n\t\t\t<div class=\"elementor-widget-wrap elementor-element-populated\">\n\t\t\t\t\t\t<div class=\"elementor-element elementor-element-0f8908c elementor-widget elementor-widget-image\" data-id=\"0f8908c\" data-element_type=\"widget\" data-widget_type=\"image.default\">\n\t\t\t\t<div class=\"elementor-widget-container\">\n\t\t\t\t\t\t\t\t\t\t\t\t\t\t\t<img fetchpriority=\"high\" decoding=\"async\" width=\"696\" height=\"517\" src=\"https:\/\/pc.sc.gov.br\/\/wp-content\/uploads\/2023\/06\/DEIC-PAREDE-1.jpeg\" class=\"attachment-large size-large wp-image-10917\" alt=\"\" srcset=\"https:\/\/pc.sc.gov.br\/\/wp-content\/uploads\/2023\/06\/DEIC-PAREDE-1.jpeg 1024w, https:\/\/pc.sc.gov.br\/\/wp-content\/uploads\/2023\/06\/DEIC-PAREDE-1-300x223.jpeg 300w, https:\/\/pc.sc.gov.br\/\/wp-content\/uploads\/2023\/06\/DEIC-PAREDE-1-768x571.jpeg 768w\" sizes=\"(max-width: 696px) 100vw, 696px\" \/>\t\t\t\t\t\t\t\t\t\t\t\t\t\t\t<\/div>\n\t\t\t\t<\/div>\n\t\t\t\t\t<\/div>\n\t\t<\/div>\n\t\t\t\t\t<\/div>\n\t\t<\/section>\n\t\t\t\t<section class=\"elementor-section elementor-top-section elementor-element elementor-element-cc9e8b6 elementor-section-boxed elementor-section-height-default elementor-section-height-default\" data-id=\"cc9e8b6\" data-element_type=\"section\">\n\t\t\t\t\t\t<div class=\"elementor-container elementor-column-gap-default\">\n\t\t\t\t\t<div class=\"elementor-column elementor-col-100 elementor-top-column elementor-element elementor-element-b16904f\" data-id=\"b16904f\" data-element_type=\"column\">\n\t\t\t<div class=\"elementor-widget-wrap elementor-element-populated\">\n\t\t\t\t\t\t<div class=\"elementor-element elementor-element-60fc4f1 elementor-widget elementor-widget-text-editor\" data-id=\"60fc4f1\" data-element_type=\"widget\" data-widget_type=\"text-editor.default\">\n\t\t\t\t<div class=\"elementor-widget-container\">\n\t\t\t\t\t\t\t\t\t<p>A Pol\u00edcia Civil de Santa Catarina participou de uma a\u00e7\u00e3o integrada entre as for\u00e7as de seguran\u00e7a de Santa Catarina, que resultou na recupera\u00e7\u00e3o de duas caminhonetes Toyota Hilux, furtadas na cidade de Bombinhas, no dia 13 de mar\u00e7o. O trabalho conjunto envolveu a Pol\u00edcia Civil, por meio da Delegacia de Furtos e Roubos de Ve\u00edculos da DEIC e da SIC de Itaja\u00ed; a Pol\u00edcia Rodovi\u00e1ria Federal; o N\u00facleo Integrado de Intelig\u00eancia da Guarda Municipal de S\u00e3o Jos\u00e9; e a Pol\u00edcia Militar de SC.<\/p><p>Os ve\u00edculos foram localizados na noite do dia 14 de mar\u00e7o, nas cidades de S\u00e3o Jos\u00e9 e Bigua\u00e7u. Em S\u00e3o Jos\u00e9, uma das caminhonetes foi encontrada no bairro Jardim Cidade de Florian\u00f3polis. J\u00e1 em Bigua\u00e7u, al\u00e9m da recupera\u00e7\u00e3o do ve\u00edculo, um homem foi preso em flagrante pelos crimes de recepta\u00e7\u00e3o e adultera\u00e7\u00e3o de sinal identificador de ve\u00edculo, uma vez que a caminhonete j\u00e1 ostentava uma placa diferente da original.<\/p><p>O \u00eaxito da opera\u00e7\u00e3o demonstra, mais uma vez, a relev\u00e2ncia do trabalho conjunto entre as for\u00e7as de seguran\u00e7a no combate ao crime organizado. A r\u00e1pida troca de informa\u00e7\u00f5es entre os \u00f3rg\u00e3os permitiu a localiza\u00e7\u00e3o dos ve\u00edculos e a pris\u00e3o de um suspeito, refor\u00e7ando a import\u00e2ncia da integra\u00e7\u00e3o e da atua\u00e7\u00e3o coordenada na repress\u00e3o a crimes dessa natureza em Santa Catarina.<\/p>\t\t\t\t\t\t\t\t<\/div>\n\t\t\t\t<\/div>\n\t\t\t\t\t<\/div>\n\t\t<\/div>\n\t\t\t\t\t<\/div>\n\t\t<\/section>\n\t\t\t\t<\/div>\n\t\t","protected":false},"excerpt":{"rendered":"<p>Pol\u00edcia Civil participa de a\u00e7\u00e3o conjunta que resultou na recupera\u00e7\u00e3o de duas caminhonetes furtadas e na pris\u00e3o em flagrante de um homem A Pol\u00edcia Civil de Santa Catarina participou de uma a\u00e7\u00e3o integrada entre as for\u00e7as de seguran\u00e7a de Santa Catarina, que resultou na recupera\u00e7\u00e3o de duas caminhonetes Toyota Hilux, furtadas na cidade de Bombinhas, [&hellip;]<\/p>\n","protected":false},"author":5,"featured_media":10917,"comment_status":"closed","ping_status":"open","sticky":false,"template":"","format":"standard","meta":{"_monsterinsights_skip_tracking":false,"_monsterinsights_sitenote_active":false,"_monsterinsights_sitenote_note":"","_monsterinsights_sitenote_category":0,"footnotes":""},"categories":[1],"tags":[],"class_list":["post-27395","post","type-post","status-publish","format-standard","has-post-thumbnail","hentry","category-sem-categoria"],"_links":{"self":[{"href":"https:\/\/pc.sc.gov.br\/index.php?rest_route=\/wp\/v2\/posts\/27395","targetHints":{"allow":["GET"]}}],"collection":[{"href":"https:\/\/pc.sc.gov.br\/index.php?rest_route=\/wp\/v2\/posts"}],"about":[{"href":"https:\/\/pc.sc.gov.br\/index.php?rest_route=\/wp\/v2\/types\/post"}],"author":[{"embeddable":true,"href":"https:\/\/pc.sc.gov.br\/index.php?rest_route=\/wp\/v2\/users\/5"}],"replies":[{"embeddable":true,"href":"https:\/\/pc.sc.gov.br\/index.php?rest_route=%2Fwp%2Fv2%2Fcomments&post=27395"}],"version-history":[{"count":4,"href":"https:\/\/pc.sc.gov.br\/index.php?rest_route=\/wp\/v2\/posts\/27395\/revisions"}],"predecessor-version":[{"id":27399,"href":"https:\/\/pc.sc.gov.br\/index.php?rest_route=\/wp\/v2\/posts\/27395\/revisions\/27399"}],"wp:featuredmedia":[{"embeddable":true,"href":"https:\/\/pc.sc.gov.br\/index.php?rest_route=\/wp\/v2\/media\/10917"}],"wp:attachment":[{"href":"https:\/\/pc.sc.gov.br\/index.php?rest_route=%2Fwp%2Fv2%2Fmedia&parent=27395"}],"wp:term":[{"taxonomy":"category","embeddable":true,"href":"https:\/\/pc.sc.gov.br\/index.php?rest_route=%2Fwp%2Fv2%2Fcategories&post=27395"},{"taxonomy":"post_tag","embeddable":true,"href":"https:\/\/pc.sc.gov.br\/index.php?rest_route=%2Fwp%2Fv2%2Ftags&post=27395"}],"curies":[{"name":"wp","href":"https:\/\/api.w.org\/{rel}","templated":true}]}}