{"id":27407,"date":"2025-03-17T14:23:13","date_gmt":"2025-03-17T17:23:13","guid":{"rendered":"https:\/\/pc.sc.gov.br\/?p=27407"},"modified":"2025-03-17T14:26:50","modified_gmt":"2025-03-17T17:26:50","slug":"pcsc-indicia-homem-que-matou-ex-namorada-de-14-anos-pela-pratica-de-feminicidio-ocultacao-de-cadaver-e-violencia-psicologica-em-itajai","status":"publish","type":"post","link":"https:\/\/pc.sc.gov.br\/?p=27407","title":{"rendered":"PCSC indicia homem que matou ex-namorada de 14 anos pela pr\u00e1tica de feminic\u00eddio, oculta\u00e7\u00e3o de cad\u00e1ver e viol\u00eancia psicol\u00f3gica em Itaja\u00ed"},"content":{"rendered":"\t\t<div data-elementor-type=\"wp-post\" data-elementor-id=\"27407\" class=\"elementor elementor-27407\" data-elementor-post-type=\"post\">\n\t\t\t\t\t\t<section class=\"elementor-section elementor-top-section elementor-element elementor-element-0a39984 elementor-section-boxed elementor-section-height-default elementor-section-height-default\" data-id=\"0a39984\" data-element_type=\"section\">\n\t\t\t\t\t\t<div class=\"elementor-container elementor-column-gap-default\">\n\t\t\t\t\t<div class=\"elementor-column elementor-col-100 elementor-top-column elementor-element elementor-element-4d3d2f5\" data-id=\"4d3d2f5\" data-element_type=\"column\">\n\t\t\t<div class=\"elementor-widget-wrap elementor-element-populated\">\n\t\t\t\t\t\t<div class=\"elementor-element elementor-element-c4e0121 elementor-widget elementor-widget-heading\" data-id=\"c4e0121\" data-element_type=\"widget\" data-widget_type=\"heading.default\">\n\t\t\t\t<div class=\"elementor-widget-container\">\n\t\t\t\t\t<h2 class=\"elementor-heading-title elementor-size-default\">PCSC indicia homem que matou ex-namorada de 14 anos pela pr\u00e1tica de feminic\u00eddio, oculta\u00e7\u00e3o de cad\u00e1ver e viol\u00eancia psicol\u00f3gica em Itaja\u00ed<\/h2>\t\t\t\t<\/div>\n\t\t\t\t<\/div>\n\t\t\t\t\t<\/div>\n\t\t<\/div>\n\t\t\t\t\t<\/div>\n\t\t<\/section>\n\t\t\t\t<section class=\"elementor-section elementor-top-section elementor-element elementor-element-bafd449 elementor-section-boxed elementor-section-height-default elementor-section-height-default\" data-id=\"bafd449\" data-element_type=\"section\">\n\t\t\t\t\t\t<div class=\"elementor-container elementor-column-gap-default\">\n\t\t\t\t\t<div class=\"elementor-column elementor-col-100 elementor-top-column elementor-element elementor-element-5abb1ba\" data-id=\"5abb1ba\" data-element_type=\"column\">\n\t\t\t<div class=\"elementor-widget-wrap elementor-element-populated\">\n\t\t\t\t\t\t<div class=\"elementor-element elementor-element-6062571 elementor-widget elementor-widget-image\" data-id=\"6062571\" data-element_type=\"widget\" data-widget_type=\"image.default\">\n\t\t\t\t<div class=\"elementor-widget-container\">\n\t\t\t\t\t\t\t\t\t\t\t\t\t\t\t<img fetchpriority=\"high\" decoding=\"async\" width=\"696\" height=\"464\" src=\"https:\/\/pc.sc.gov.br\/\/wp-content\/uploads\/2025\/03\/MOTEL-INTERDITADO-fotor-20250114173939.jpg\" class=\"attachment-large size-large wp-image-27408\" alt=\"\" srcset=\"https:\/\/pc.sc.gov.br\/\/wp-content\/uploads\/2025\/03\/MOTEL-INTERDITADO-fotor-20250114173939.jpg 809w, https:\/\/pc.sc.gov.br\/\/wp-content\/uploads\/2025\/03\/MOTEL-INTERDITADO-fotor-20250114173939-300x200.jpg 300w, https:\/\/pc.sc.gov.br\/\/wp-content\/uploads\/2025\/03\/MOTEL-INTERDITADO-fotor-20250114173939-768x512.jpg 768w\" sizes=\"(max-width: 696px) 100vw, 696px\" \/>\t\t\t\t\t\t\t\t\t\t\t\t\t\t\t<\/div>\n\t\t\t\t<\/div>\n\t\t\t\t\t<\/div>\n\t\t<\/div>\n\t\t\t\t\t<\/div>\n\t\t<\/section>\n\t\t\t\t<section class=\"elementor-section elementor-top-section elementor-element elementor-element-0d56034 elementor-section-boxed elementor-section-height-default elementor-section-height-default\" data-id=\"0d56034\" data-element_type=\"section\">\n\t\t\t\t\t\t<div class=\"elementor-container elementor-column-gap-default\">\n\t\t\t\t\t<div class=\"elementor-column elementor-col-100 elementor-top-column elementor-element elementor-element-68b6fa1\" data-id=\"68b6fa1\" data-element_type=\"column\">\n\t\t\t<div class=\"elementor-widget-wrap elementor-element-populated\">\n\t\t\t\t\t\t<div class=\"elementor-element elementor-element-79a0bb4 elementor-widget elementor-widget-text-editor\" data-id=\"79a0bb4\" data-element_type=\"widget\" data-widget_type=\"text-editor.default\">\n\t\t\t\t<div class=\"elementor-widget-container\">\n\t\t\t\t\t\t\t\t\t<p>A Pol\u00edcia Civil de Santa Catarina, por meio da Delegacia de Homic\u00eddios da DIC de Itaja\u00ed (DH\/DIC), concluiu a primeira fase do Inqu\u00e9rito Policial que foi instaurado para apurar crime de feminic\u00eddio e de oculta\u00e7\u00e3o de cad\u00e1ver.<\/p><p>O fato ocorreu no bairro Brilhante, em Itaja\u00ed, no dia 12 de fevereiro de 2025, vitimando uma adolescente de 14 anos. O indiciado, que era namorado da v\u00edtima, foi preso de forma tempor\u00e1ria, no dia 15 de fevereiro, pelo prazo de trinta dias.<\/p><p>As dilig\u00eancias demonstraram que, al\u00e9m dos crimes j\u00e1 investigados, o namorado praticava viol\u00eancia psicol\u00f3gica contra a adolescente, buscando controlar suas a\u00e7\u00f5es, por meio de constrangimentos e de amea\u00e7as.<\/p><p>Na \u00faltima quinta-feira (13), a primeira fase do Inqu\u00e9rito Policial foi conclu\u00edda, sendo ele indiciado pelos crimes de feminic\u00eddio, oculta\u00e7\u00e3o de cad\u00e1ver e viol\u00eancia psicol\u00f3gica. A principal motiva\u00e7\u00e3o estaria atrelada a insatisfa\u00e7\u00e3o do autor com o interesse de a v\u00edtima por fim ao relacionamento, assim como pelo ci\u00fame exacerbado e pelo sentimento de posse que ele nutria por ela.<\/p><p>A Pol\u00edcia Civil, no mesmo ato, representou pela convers\u00e3o da pris\u00e3o tempor\u00e1ria em preventiva, pleito deferido neste final de semana pelo Poder Judici\u00e1rio, logo, ele dever\u00e1 responder ao processo preso.<\/p><p>Por fim, ainda restam dilig\u00eancias em andamento e que devem ser conclu\u00eddas em breve, como extra\u00e7\u00f5es e an\u00e1lises dos conte\u00fados dos aparelhos telef\u00f4nicos apreendidos e exame laboratorial de vest\u00edgios colhidos, por ocasi\u00e3o de per\u00edcias realizadas pela Pol\u00edcia Cient\u00edfica.<\/p>\t\t\t\t\t\t\t\t<\/div>\n\t\t\t\t<\/div>\n\t\t\t\t\t<\/div>\n\t\t<\/div>\n\t\t\t\t\t<\/div>\n\t\t<\/section>\n\t\t\t\t<\/div>\n\t\t","protected":false},"excerpt":{"rendered":"<p>PCSC indicia homem que matou ex-namorada de 14 anos pela pr\u00e1tica de feminic\u00eddio, oculta\u00e7\u00e3o de cad\u00e1ver e viol\u00eancia psicol\u00f3gica em Itaja\u00ed A Pol\u00edcia Civil de Santa Catarina, por meio da Delegacia de Homic\u00eddios da DIC de Itaja\u00ed (DH\/DIC), concluiu a primeira fase do Inqu\u00e9rito Policial que foi instaurado para apurar crime de feminic\u00eddio e de [&hellip;]<\/p>\n","protected":false},"author":5,"featured_media":27408,"comment_status":"closed","ping_status":"open","sticky":false,"template":"","format":"standard","meta":{"_monsterinsights_skip_tracking":false,"_monsterinsights_sitenote_active":false,"_monsterinsights_sitenote_note":"","_monsterinsights_sitenote_category":0,"footnotes":""},"categories":[1],"tags":[],"class_list":["post-27407","post","type-post","status-publish","format-standard","has-post-thumbnail","hentry","category-sem-categoria"],"_links":{"self":[{"href":"https:\/\/pc.sc.gov.br\/index.php?rest_route=\/wp\/v2\/posts\/27407","targetHints":{"allow":["GET"]}}],"collection":[{"href":"https:\/\/pc.sc.gov.br\/index.php?rest_route=\/wp\/v2\/posts"}],"about":[{"href":"https:\/\/pc.sc.gov.br\/index.php?rest_route=\/wp\/v2\/types\/post"}],"author":[{"embeddable":true,"href":"https:\/\/pc.sc.gov.br\/index.php?rest_route=\/wp\/v2\/users\/5"}],"replies":[{"embeddable":true,"href":"https:\/\/pc.sc.gov.br\/index.php?rest_route=%2Fwp%2Fv2%2Fcomments&post=27407"}],"version-history":[{"count":3,"href":"https:\/\/pc.sc.gov.br\/index.php?rest_route=\/wp\/v2\/posts\/27407\/revisions"}],"predecessor-version":[{"id":27411,"href":"https:\/\/pc.sc.gov.br\/index.php?rest_route=\/wp\/v2\/posts\/27407\/revisions\/27411"}],"wp:featuredmedia":[{"embeddable":true,"href":"https:\/\/pc.sc.gov.br\/index.php?rest_route=\/wp\/v2\/media\/27408"}],"wp:attachment":[{"href":"https:\/\/pc.sc.gov.br\/index.php?rest_route=%2Fwp%2Fv2%2Fmedia&parent=27407"}],"wp:term":[{"taxonomy":"category","embeddable":true,"href":"https:\/\/pc.sc.gov.br\/index.php?rest_route=%2Fwp%2Fv2%2Fcategories&post=27407"},{"taxonomy":"post_tag","embeddable":true,"href":"https:\/\/pc.sc.gov.br\/index.php?rest_route=%2Fwp%2Fv2%2Ftags&post=27407"}],"curies":[{"name":"wp","href":"https:\/\/api.w.org\/{rel}","templated":true}]}}