{"id":27412,"date":"2025-03-17T14:48:47","date_gmt":"2025-03-17T17:48:47","guid":{"rendered":"https:\/\/pc.sc.gov.br\/?p=27412"},"modified":"2025-03-17T14:49:33","modified_gmt":"2025-03-17T17:49:33","slug":"policia-civil-prende-ex-medico-condenado-a-12-anos-de-prisao-por-estuprar-paciente-em-joinville","status":"publish","type":"post","link":"https:\/\/pc.sc.gov.br\/?p=27412","title":{"rendered":"Pol\u00edcia Civil prende ex-m\u00e9dico condenado a 12 anos de pris\u00e3o por estuprar paciente em Joinville"},"content":{"rendered":"\t\t<div data-elementor-type=\"wp-post\" data-elementor-id=\"27412\" class=\"elementor elementor-27412\" data-elementor-post-type=\"post\">\n\t\t\t\t\t\t<section class=\"elementor-section elementor-top-section elementor-element elementor-element-b31f1c8 elementor-section-boxed elementor-section-height-default elementor-section-height-default\" data-id=\"b31f1c8\" data-element_type=\"section\">\n\t\t\t\t\t\t<div class=\"elementor-container elementor-column-gap-default\">\n\t\t\t\t\t<div class=\"elementor-column elementor-col-100 elementor-top-column elementor-element elementor-element-44bb81e\" data-id=\"44bb81e\" data-element_type=\"column\">\n\t\t\t<div class=\"elementor-widget-wrap elementor-element-populated\">\n\t\t\t\t\t\t<div class=\"elementor-element elementor-element-a1ed294 elementor-widget elementor-widget-heading\" data-id=\"a1ed294\" data-element_type=\"widget\" data-widget_type=\"heading.default\">\n\t\t\t\t<div class=\"elementor-widget-container\">\n\t\t\t\t\t<h2 class=\"elementor-heading-title elementor-size-default\">Pol\u00edcia Civil prende ex-m\u00e9dico condenado a 12 anos de pris\u00e3o por estuprar paciente em Joinville<\/h2>\t\t\t\t<\/div>\n\t\t\t\t<\/div>\n\t\t\t\t\t<\/div>\n\t\t<\/div>\n\t\t\t\t\t<\/div>\n\t\t<\/section>\n\t\t\t\t<section class=\"elementor-section elementor-top-section elementor-element elementor-element-a3c14bf elementor-section-boxed elementor-section-height-default elementor-section-height-default\" data-id=\"a3c14bf\" data-element_type=\"section\">\n\t\t\t\t\t\t<div class=\"elementor-container elementor-column-gap-default\">\n\t\t\t\t\t<div class=\"elementor-column elementor-col-100 elementor-top-column elementor-element elementor-element-8c8587a\" data-id=\"8c8587a\" data-element_type=\"column\">\n\t\t\t<div class=\"elementor-widget-wrap elementor-element-populated\">\n\t\t\t\t\t\t<div class=\"elementor-element elementor-element-1d0ba95 elementor-widget elementor-widget-image\" data-id=\"1d0ba95\" data-element_type=\"widget\" data-widget_type=\"image.default\">\n\t\t\t\t<div class=\"elementor-widget-container\">\n\t\t\t\t\t\t\t\t\t\t\t\t\t\t\t<img fetchpriority=\"high\" decoding=\"async\" width=\"696\" height=\"522\" src=\"https:\/\/pc.sc.gov.br\/\/wp-content\/uploads\/2025\/02\/PCSC-PADRAO.jpg\" class=\"attachment-large size-large wp-image-26591\" alt=\"\" srcset=\"https:\/\/pc.sc.gov.br\/\/wp-content\/uploads\/2025\/02\/PCSC-PADRAO.jpg 768w, https:\/\/pc.sc.gov.br\/\/wp-content\/uploads\/2025\/02\/PCSC-PADRAO-300x225.jpg 300w\" sizes=\"(max-width: 696px) 100vw, 696px\" \/>\t\t\t\t\t\t\t\t\t\t\t\t\t\t\t<\/div>\n\t\t\t\t<\/div>\n\t\t\t\t\t<\/div>\n\t\t<\/div>\n\t\t\t\t\t<\/div>\n\t\t<\/section>\n\t\t\t\t<section class=\"elementor-section elementor-top-section elementor-element elementor-element-bc269ca elementor-section-boxed elementor-section-height-default elementor-section-height-default\" data-id=\"bc269ca\" data-element_type=\"section\">\n\t\t\t\t\t\t<div class=\"elementor-container elementor-column-gap-default\">\n\t\t\t\t\t<div class=\"elementor-column elementor-col-100 elementor-top-column elementor-element elementor-element-af2f15b\" data-id=\"af2f15b\" data-element_type=\"column\">\n\t\t\t<div class=\"elementor-widget-wrap elementor-element-populated\">\n\t\t\t\t\t\t<div class=\"elementor-element elementor-element-a4f5a99 elementor-widget elementor-widget-text-editor\" data-id=\"a4f5a99\" data-element_type=\"widget\" data-widget_type=\"text-editor.default\">\n\t\t\t\t<div class=\"elementor-widget-container\">\n\t\t\t\t\t\t\t\t\t<p>A Pol\u00edcia Civil de Santa Catarina prendeu, na sexta-feira (14\/03), um ex-m\u00e9dico condenado a mais de 12 anos de pris\u00e3o pelo estupro de uma paciente dentro de um posto de sa\u00fade de Joinville. A captura ocorreu na cidade de Salvador, na Bahia, em uma a\u00e7\u00e3o coordenada entre a Delegacia de Combate a Estelionatos de Joinville e o Departamento de Intelig\u00eancia da Pol\u00edcia Civil da Bahia.<\/p><p>O ex-m\u00e9dico estava foragido h\u00e1 aproximadamente um m\u00eas e, ap\u00f3s dilig\u00eancias investigativas, foi localizado em uma resid\u00eancia. Ao perceber a presen\u00e7a dos policiais, tentou se esconder no s\u00f3t\u00e3o da casa, mas foi encontrado e preso.<\/p><p>O homem ainda responde a processos em rela\u00e7\u00e3o a mais duas v\u00edtimas, decorrentes de inqu\u00e9ritos da DPCAMI\/Joinville e j\u00e1 \u00e9 condenado por outro estupro ocorrido em 2010 na Bahia. Em setembro de 2024, o at\u00e9 ent\u00e3o m\u00e9dico, teve como pena do CRM\/SC a cassa\u00e7\u00e3o de seu exerc\u00edcio profissional.<\/p><p>Ele era conhecido na internet, pois fazia diversos v\u00eddeos de cunho pol\u00edtico. No ano passado, o condenado se candidatou ao cargo de vereador na cidade de Itabuna\/BA, pelo Partido da Mulher Brasileira (PMB), mas teve a candidatura anulada pela Justi\u00e7a Eleitoral.<\/p><p>O preso ser\u00e1 transferido para Santa Catarina, onde iniciar\u00e1 o cumprimento da pena em regime fechado.<\/p>\t\t\t\t\t\t\t\t<\/div>\n\t\t\t\t<\/div>\n\t\t\t\t\t<\/div>\n\t\t<\/div>\n\t\t\t\t\t<\/div>\n\t\t<\/section>\n\t\t\t\t<\/div>\n\t\t","protected":false},"excerpt":{"rendered":"<p>Pol\u00edcia Civil prende ex-m\u00e9dico condenado a 12 anos de pris\u00e3o por estuprar paciente em Joinville A Pol\u00edcia Civil de Santa Catarina prendeu, na sexta-feira (14\/03), um ex-m\u00e9dico condenado a mais de 12 anos de pris\u00e3o pelo estupro de uma paciente dentro de um posto de sa\u00fade de Joinville. A captura ocorreu na cidade de Salvador, [&hellip;]<\/p>\n","protected":false},"author":5,"featured_media":26591,"comment_status":"closed","ping_status":"open","sticky":false,"template":"","format":"standard","meta":{"_monsterinsights_skip_tracking":false,"_monsterinsights_sitenote_active":false,"_monsterinsights_sitenote_note":"","_monsterinsights_sitenote_category":0,"footnotes":""},"categories":[1],"tags":[],"class_list":["post-27412","post","type-post","status-publish","format-standard","has-post-thumbnail","hentry","category-sem-categoria"],"_links":{"self":[{"href":"https:\/\/pc.sc.gov.br\/index.php?rest_route=\/wp\/v2\/posts\/27412","targetHints":{"allow":["GET"]}}],"collection":[{"href":"https:\/\/pc.sc.gov.br\/index.php?rest_route=\/wp\/v2\/posts"}],"about":[{"href":"https:\/\/pc.sc.gov.br\/index.php?rest_route=\/wp\/v2\/types\/post"}],"author":[{"embeddable":true,"href":"https:\/\/pc.sc.gov.br\/index.php?rest_route=\/wp\/v2\/users\/5"}],"replies":[{"embeddable":true,"href":"https:\/\/pc.sc.gov.br\/index.php?rest_route=%2Fwp%2Fv2%2Fcomments&post=27412"}],"version-history":[{"count":4,"href":"https:\/\/pc.sc.gov.br\/index.php?rest_route=\/wp\/v2\/posts\/27412\/revisions"}],"predecessor-version":[{"id":27416,"href":"https:\/\/pc.sc.gov.br\/index.php?rest_route=\/wp\/v2\/posts\/27412\/revisions\/27416"}],"wp:featuredmedia":[{"embeddable":true,"href":"https:\/\/pc.sc.gov.br\/index.php?rest_route=\/wp\/v2\/media\/26591"}],"wp:attachment":[{"href":"https:\/\/pc.sc.gov.br\/index.php?rest_route=%2Fwp%2Fv2%2Fmedia&parent=27412"}],"wp:term":[{"taxonomy":"category","embeddable":true,"href":"https:\/\/pc.sc.gov.br\/index.php?rest_route=%2Fwp%2Fv2%2Fcategories&post=27412"},{"taxonomy":"post_tag","embeddable":true,"href":"https:\/\/pc.sc.gov.br\/index.php?rest_route=%2Fwp%2Fv2%2Ftags&post=27412"}],"curies":[{"name":"wp","href":"https:\/\/api.w.org\/{rel}","templated":true}]}}