{"id":27422,"date":"2025-03-17T18:41:43","date_gmt":"2025-03-17T21:41:43","guid":{"rendered":"https:\/\/pc.sc.gov.br\/?p=27422"},"modified":"2025-03-17T18:45:45","modified_gmt":"2025-03-17T21:45:45","slug":"delegacia-de-protecao-animal-de-blumenau-conduz-suspeito-de-maus-tratos-a-animais-que-estavam-em-pessimas-condicoes-no-bairro-gloria","status":"publish","type":"post","link":"https:\/\/pc.sc.gov.br\/?p=27422","title":{"rendered":"Delegacia de Prote\u00e7\u00e3o Animal de Blumenau conduz suspeito de maus-tratos a animais que estavam em p\u00e9ssimas condi\u00e7\u00f5es no bairro Gl\u00f3ria"},"content":{"rendered":"\t\t<div data-elementor-type=\"wp-post\" data-elementor-id=\"27422\" class=\"elementor elementor-27422\" data-elementor-post-type=\"post\">\n\t\t\t\t\t\t<section class=\"elementor-section elementor-top-section elementor-element elementor-element-1e6666d elementor-section-boxed elementor-section-height-default elementor-section-height-default\" data-id=\"1e6666d\" data-element_type=\"section\">\n\t\t\t\t\t\t<div class=\"elementor-container elementor-column-gap-default\">\n\t\t\t\t\t<div class=\"elementor-column elementor-col-100 elementor-top-column elementor-element elementor-element-a845b7a\" data-id=\"a845b7a\" data-element_type=\"column\">\n\t\t\t<div class=\"elementor-widget-wrap elementor-element-populated\">\n\t\t\t\t\t\t<div class=\"elementor-element elementor-element-588787a elementor-widget elementor-widget-heading\" data-id=\"588787a\" data-element_type=\"widget\" data-widget_type=\"heading.default\">\n\t\t\t\t<div class=\"elementor-widget-container\">\n\t\t\t\t\t<h2 class=\"elementor-heading-title elementor-size-default\">Delegacia de Prote\u00e7\u00e3o Animal de Blumenau conduz suspeito de maus-tratos a animais que estavam em p\u00e9ssimas condi\u00e7\u00f5es no bairro Gl\u00f3ria<\/h2>\t\t\t\t<\/div>\n\t\t\t\t<\/div>\n\t\t\t\t\t<\/div>\n\t\t<\/div>\n\t\t\t\t\t<\/div>\n\t\t<\/section>\n\t\t\t\t<section class=\"elementor-section elementor-top-section elementor-element elementor-element-662f963 elementor-section-boxed elementor-section-height-default elementor-section-height-default\" data-id=\"662f963\" data-element_type=\"section\">\n\t\t\t\t\t\t<div class=\"elementor-container elementor-column-gap-default\">\n\t\t\t\t\t<div class=\"elementor-column elementor-col-100 elementor-top-column elementor-element elementor-element-2fcc08d\" data-id=\"2fcc08d\" data-element_type=\"column\">\n\t\t\t<div class=\"elementor-widget-wrap elementor-element-populated\">\n\t\t\t\t\t\t<div class=\"elementor-element elementor-element-1c3ec6e elementor-widget elementor-widget-image\" data-id=\"1c3ec6e\" data-element_type=\"widget\" data-widget_type=\"image.default\">\n\t\t\t\t<div class=\"elementor-widget-container\">\n\t\t\t\t\t\t\t\t\t\t\t\t\t\t\t<img fetchpriority=\"high\" decoding=\"async\" width=\"696\" height=\"741\" src=\"https:\/\/pc.sc.gov.br\/\/wp-content\/uploads\/2025\/03\/Imagem-do-WhatsApp-de-2025-03-17-as-18.34.38_1b55fb02-768x818.jpg\" class=\"attachment-medium_large size-medium_large wp-image-27424\" alt=\"\" srcset=\"https:\/\/pc.sc.gov.br\/\/wp-content\/uploads\/2025\/03\/Imagem-do-WhatsApp-de-2025-03-17-as-18.34.38_1b55fb02-768x818.jpg 768w, https:\/\/pc.sc.gov.br\/\/wp-content\/uploads\/2025\/03\/Imagem-do-WhatsApp-de-2025-03-17-as-18.34.38_1b55fb02-282x300.jpg 282w, https:\/\/pc.sc.gov.br\/\/wp-content\/uploads\/2025\/03\/Imagem-do-WhatsApp-de-2025-03-17-as-18.34.38_1b55fb02-961x1024.jpg 961w, https:\/\/pc.sc.gov.br\/\/wp-content\/uploads\/2025\/03\/Imagem-do-WhatsApp-de-2025-03-17-as-18.34.38_1b55fb02-1442x1536.jpg 1442w, https:\/\/pc.sc.gov.br\/\/wp-content\/uploads\/2025\/03\/Imagem-do-WhatsApp-de-2025-03-17-as-18.34.38_1b55fb02.jpg 1502w\" sizes=\"(max-width: 696px) 100vw, 696px\" \/>\t\t\t\t\t\t\t\t\t\t\t\t\t\t\t<\/div>\n\t\t\t\t<\/div>\n\t\t\t\t\t<\/div>\n\t\t<\/div>\n\t\t\t\t\t<\/div>\n\t\t<\/section>\n\t\t\t\t<section class=\"elementor-section elementor-top-section elementor-element elementor-element-4b07dfa elementor-section-boxed elementor-section-height-default elementor-section-height-default\" data-id=\"4b07dfa\" data-element_type=\"section\">\n\t\t\t\t\t\t<div class=\"elementor-container elementor-column-gap-default\">\n\t\t\t\t\t<div class=\"elementor-column elementor-col-100 elementor-top-column elementor-element elementor-element-7374bc4\" data-id=\"7374bc4\" data-element_type=\"column\">\n\t\t\t<div class=\"elementor-widget-wrap elementor-element-populated\">\n\t\t\t\t\t\t<div class=\"elementor-element elementor-element-cee9ac9 elementor-widget elementor-widget-text-editor\" data-id=\"cee9ac9\" data-element_type=\"widget\" data-widget_type=\"text-editor.default\">\n\t\t\t\t<div class=\"elementor-widget-container\">\n\t\t\t\t\t\t\t\t\t<p>A Pol\u00edcia Civil de Santa Catarina, por meio da Delegacia de Prote\u00e7\u00e3o Animal (DPA) do Departamento de Investiga\u00e7\u00e3o Criminal (DIC) de Blumenau, em conjunto com a equipe da Secretaria Municipal de Meio Ambiente (SEMMAS), localizou dezenas de p\u00e1ssaros em condi\u00e7\u00f5es de maus-tratos em uma resid\u00eancia situada no bairro Gl\u00f3ria, em Blumenau.<\/p><p>O incidente teve in\u00edcio quando dois c\u00e3es da ra\u00e7a pit bull fugiram da resid\u00eancia e invadiram a casa do vizinho. Ao chegar ao local, os pit bulls atacaram um cachorro da ra\u00e7a poodle, que foi morto e feriram um casal de idosos, causando les\u00f5es em ambos, fato que resultou na lavratura de termo cicunstanciado.<\/p><p>Logo ap\u00f3s, a equipe da DPA\/DIC e da SEMMAS foi acionada e deslocou-se rapidamente para verificar a situa\u00e7\u00e3o dos animais. No momento da dilig\u00eancia, al\u00e9m dos cachorros, foram localizadas gaiolas contendo p\u00e1ssaros nativos, todos sem anilha, em condi\u00e7\u00f5es deplor\u00e1veis e armadilhas (arapucas) usadas para captura ilegal de aves nativas.<\/p><p>Diante da constata\u00e7\u00e3o de maus-tratos, os p\u00e1ssaros apreendidos foram encaminhados ao Hospital Veterin\u00e1rio da UNISOCIESC para cuidados m\u00e9dicos e lavrado outro termo circunstanciado.<\/p><p>A Delegacia de Prote\u00e7\u00e3o Animal refor\u00e7a a import\u00e2ncia da conscientiza\u00e7\u00e3o sobre a responsabilidade dos tutores de animais e o cumprimento das leis ambientais. A Pol\u00edcia Civil destaca, ainda, o papel fundamental da comunidade em denunciar pr\u00e1ticas de maus-tratos e crimes contra animais, colaborando para a prote\u00e7\u00e3o e bem-estar dos mesmos.<\/p>\t\t\t\t\t\t\t\t<\/div>\n\t\t\t\t<\/div>\n\t\t\t\t\t<\/div>\n\t\t<\/div>\n\t\t\t\t\t<\/div>\n\t\t<\/section>\n\t\t\t\t<section class=\"elementor-section elementor-top-section elementor-element elementor-element-3083752 elementor-section-boxed elementor-section-height-default elementor-section-height-default\" data-id=\"3083752\" data-element_type=\"section\">\n\t\t\t\t\t\t<div class=\"elementor-container elementor-column-gap-default\">\n\t\t\t\t\t<div class=\"elementor-column elementor-col-100 elementor-top-column elementor-element elementor-element-47c2d23\" data-id=\"47c2d23\" data-element_type=\"column\">\n\t\t\t<div class=\"elementor-widget-wrap elementor-element-populated\">\n\t\t\t\t\t\t<div class=\"elementor-element elementor-element-4155735 elementor-widget elementor-widget-gallery\" data-id=\"4155735\" data-element_type=\"widget\" data-settings=\"{&quot;lazyload&quot;:&quot;yes&quot;,&quot;gallery_layout&quot;:&quot;grid&quot;,&quot;columns&quot;:4,&quot;columns_tablet&quot;:2,&quot;columns_mobile&quot;:1,&quot;gap&quot;:{&quot;unit&quot;:&quot;px&quot;,&quot;size&quot;:10,&quot;sizes&quot;:[]},&quot;gap_tablet&quot;:{&quot;unit&quot;:&quot;px&quot;,&quot;size&quot;:10,&quot;sizes&quot;:[]},&quot;gap_mobile&quot;:{&quot;unit&quot;:&quot;px&quot;,&quot;size&quot;:10,&quot;sizes&quot;:[]},&quot;link_to&quot;:&quot;file&quot;,&quot;aspect_ratio&quot;:&quot;3:2&quot;,&quot;overlay_background&quot;:&quot;yes&quot;,&quot;content_hover_animation&quot;:&quot;fade-in&quot;}\" data-widget_type=\"gallery.default\">\n\t\t\t\t<div class=\"elementor-widget-container\">\n\t\t\t\t\t\t\t<div class=\"elementor-gallery__container\">\n\t\t\t\t\t\t\t<a class=\"e-gallery-item elementor-gallery-item elementor-animated-content\" href=\"https:\/\/pc.sc.gov.br\/\/wp-content\/uploads\/2025\/03\/Imagem-do-WhatsApp-de-2025-03-17-as-18.34.40_a7d50180.jpg\" data-elementor-open-lightbox=\"yes\" data-elementor-lightbox-slideshow=\"4155735\" data-elementor-lightbox-title=\"Imagem do WhatsApp de 2025-03-17 \u00e0(s) 18.34.40_a7d50180\" data-e-action-hash=\"#elementor-action%3Aaction%3Dlightbox%26settings%3DeyJpZCI6Mjc0MjUsInVybCI6Imh0dHBzOlwvXC9wYy5zYy5nb3YuYnJcL1wvd3AtY29udGVudFwvdXBsb2Fkc1wvMjAyNVwvMDNcL0ltYWdlbS1kby1XaGF0c0FwcC1kZS0yMDI1LTAzLTE3LWFzLTE4LjM0LjQwX2E3ZDUwMTgwLmpwZyIsInNsaWRlc2hvdyI6IjQxNTU3MzUifQ%3D%3D\">\n\t\t\t\t\t<div class=\"e-gallery-image elementor-gallery-item__image\" data-thumbnail=\"https:\/\/pc.sc.gov.br\/\/wp-content\/uploads\/2025\/03\/Imagem-do-WhatsApp-de-2025-03-17-as-18.34.40_a7d50180-300x225.jpg\" data-width=\"300\" data-height=\"225\" aria-label=\"\" role=\"img\" ><\/div>\n\t\t\t\t\t\t\t\t\t\t\t<div class=\"elementor-gallery-item__overlay\"><\/div>\n\t\t\t\t\t\t\t\t\t\t\t\t\t\t<\/a>\n\t\t\t\t\t\t\t<a class=\"e-gallery-item elementor-gallery-item elementor-animated-content\" href=\"https:\/\/pc.sc.gov.br\/\/wp-content\/uploads\/2025\/03\/Imagem-do-WhatsApp-de-2025-03-17-as-18.34.41_192cab93.jpg\" data-elementor-open-lightbox=\"yes\" data-elementor-lightbox-slideshow=\"4155735\" data-elementor-lightbox-title=\"Imagem do WhatsApp de 2025-03-17 \u00e0(s) 18.34.41_192cab93\" data-e-action-hash=\"#elementor-action%3Aaction%3Dlightbox%26settings%3DeyJpZCI6Mjc0MjYsInVybCI6Imh0dHBzOlwvXC9wYy5zYy5nb3YuYnJcL1wvd3AtY29udGVudFwvdXBsb2Fkc1wvMjAyNVwvMDNcL0ltYWdlbS1kby1XaGF0c0FwcC1kZS0yMDI1LTAzLTE3LWFzLTE4LjM0LjQxXzE5MmNhYjkzLmpwZyIsInNsaWRlc2hvdyI6IjQxNTU3MzUifQ%3D%3D\">\n\t\t\t\t\t<div class=\"e-gallery-image elementor-gallery-item__image\" data-thumbnail=\"https:\/\/pc.sc.gov.br\/\/wp-content\/uploads\/2025\/03\/Imagem-do-WhatsApp-de-2025-03-17-as-18.34.41_192cab93-225x300.jpg\" data-width=\"225\" data-height=\"300\" aria-label=\"\" role=\"img\" ><\/div>\n\t\t\t\t\t\t\t\t\t\t\t<div class=\"elementor-gallery-item__overlay\"><\/div>\n\t\t\t\t\t\t\t\t\t\t\t\t\t\t<\/a>\n\t\t\t\t\t\t\t<a class=\"e-gallery-item elementor-gallery-item elementor-animated-content\" href=\"https:\/\/pc.sc.gov.br\/\/wp-content\/uploads\/2025\/03\/Imagem-do-WhatsApp-de-2025-03-17-as-18.34.39_1c4f3a1d.jpg\" data-elementor-open-lightbox=\"yes\" data-elementor-lightbox-slideshow=\"4155735\" data-elementor-lightbox-title=\"Imagem do WhatsApp de 2025-03-17 \u00e0(s) 18.34.39_1c4f3a1d\" data-e-action-hash=\"#elementor-action%3Aaction%3Dlightbox%26settings%3DeyJpZCI6Mjc0MjcsInVybCI6Imh0dHBzOlwvXC9wYy5zYy5nb3YuYnJcL1wvd3AtY29udGVudFwvdXBsb2Fkc1wvMjAyNVwvMDNcL0ltYWdlbS1kby1XaGF0c0FwcC1kZS0yMDI1LTAzLTE3LWFzLTE4LjM0LjM5XzFjNGYzYTFkLmpwZyIsInNsaWRlc2hvdyI6IjQxNTU3MzUifQ%3D%3D\">\n\t\t\t\t\t<div class=\"e-gallery-image elementor-gallery-item__image\" data-thumbnail=\"https:\/\/pc.sc.gov.br\/\/wp-content\/uploads\/2025\/03\/Imagem-do-WhatsApp-de-2025-03-17-as-18.34.39_1c4f3a1d-225x300.jpg\" data-width=\"225\" data-height=\"300\" aria-label=\"\" role=\"img\" ><\/div>\n\t\t\t\t\t\t\t\t\t\t\t<div class=\"elementor-gallery-item__overlay\"><\/div>\n\t\t\t\t\t\t\t\t\t\t\t\t\t\t<\/a>\n\t\t\t\t\t\t\t<a class=\"e-gallery-item elementor-gallery-item elementor-animated-content\" href=\"https:\/\/pc.sc.gov.br\/\/wp-content\/uploads\/2025\/03\/Imagem-do-WhatsApp-de-2025-03-17-as-18.34.40_e83fb9f5.jpg\" data-elementor-open-lightbox=\"yes\" data-elementor-lightbox-slideshow=\"4155735\" data-elementor-lightbox-title=\"Imagem do WhatsApp de 2025-03-17 \u00e0(s) 18.34.40_e83fb9f5\" data-e-action-hash=\"#elementor-action%3Aaction%3Dlightbox%26settings%3DeyJpZCI6Mjc0MjgsInVybCI6Imh0dHBzOlwvXC9wYy5zYy5nb3YuYnJcL1wvd3AtY29udGVudFwvdXBsb2Fkc1wvMjAyNVwvMDNcL0ltYWdlbS1kby1XaGF0c0FwcC1kZS0yMDI1LTAzLTE3LWFzLTE4LjM0LjQwX2U4M2ZiOWY1LmpwZyIsInNsaWRlc2hvdyI6IjQxNTU3MzUifQ%3D%3D\">\n\t\t\t\t\t<div class=\"e-gallery-image elementor-gallery-item__image\" data-thumbnail=\"https:\/\/pc.sc.gov.br\/\/wp-content\/uploads\/2025\/03\/Imagem-do-WhatsApp-de-2025-03-17-as-18.34.40_e83fb9f5-225x300.jpg\" data-width=\"225\" data-height=\"300\" aria-label=\"\" role=\"img\" ><\/div>\n\t\t\t\t\t\t\t\t\t\t\t<div class=\"elementor-gallery-item__overlay\"><\/div>\n\t\t\t\t\t\t\t\t\t\t\t\t\t\t<\/a>\n\t\t\t\t\t\t\t<a class=\"e-gallery-item elementor-gallery-item elementor-animated-content\" href=\"https:\/\/pc.sc.gov.br\/\/wp-content\/uploads\/2025\/03\/Imagem-do-WhatsApp-de-2025-03-17-as-18.34.38_1cc0f648-1.jpg\" data-elementor-open-lightbox=\"yes\" data-elementor-lightbox-slideshow=\"4155735\" data-elementor-lightbox-title=\"Imagem do WhatsApp de 2025-03-17 \u00e0(s) 18.34.38_1cc0f648\" data-e-action-hash=\"#elementor-action%3Aaction%3Dlightbox%26settings%3DeyJpZCI6Mjc0MjksInVybCI6Imh0dHBzOlwvXC9wYy5zYy5nb3YuYnJcL1wvd3AtY29udGVudFwvdXBsb2Fkc1wvMjAyNVwvMDNcL0ltYWdlbS1kby1XaGF0c0FwcC1kZS0yMDI1LTAzLTE3LWFzLTE4LjM0LjM4XzFjYzBmNjQ4LTEuanBnIiwic2xpZGVzaG93IjoiNDE1NTczNSJ9\">\n\t\t\t\t\t<div class=\"e-gallery-image elementor-gallery-item__image\" data-thumbnail=\"https:\/\/pc.sc.gov.br\/\/wp-content\/uploads\/2025\/03\/Imagem-do-WhatsApp-de-2025-03-17-as-18.34.38_1cc0f648-1-300x225.jpg\" data-width=\"300\" data-height=\"225\" aria-label=\"\" role=\"img\" ><\/div>\n\t\t\t\t\t\t\t\t\t\t\t<div class=\"elementor-gallery-item__overlay\"><\/div>\n\t\t\t\t\t\t\t\t\t\t\t\t\t\t<\/a>\n\t\t\t\t\t\t\t<a class=\"e-gallery-item elementor-gallery-item elementor-animated-content\" href=\"https:\/\/pc.sc.gov.br\/\/wp-content\/uploads\/2025\/03\/Imagem-do-WhatsApp-de-2025-03-17-as-18.34.39_1f0ff3a9.jpg\" data-elementor-open-lightbox=\"yes\" data-elementor-lightbox-slideshow=\"4155735\" data-elementor-lightbox-title=\"Imagem do WhatsApp de 2025-03-17 \u00e0(s) 18.34.39_1f0ff3a9\" data-e-action-hash=\"#elementor-action%3Aaction%3Dlightbox%26settings%3DeyJpZCI6Mjc0MzAsInVybCI6Imh0dHBzOlwvXC9wYy5zYy5nb3YuYnJcL1wvd3AtY29udGVudFwvdXBsb2Fkc1wvMjAyNVwvMDNcL0ltYWdlbS1kby1XaGF0c0FwcC1kZS0yMDI1LTAzLTE3LWFzLTE4LjM0LjM5XzFmMGZmM2E5LmpwZyIsInNsaWRlc2hvdyI6IjQxNTU3MzUifQ%3D%3D\">\n\t\t\t\t\t<div class=\"e-gallery-image elementor-gallery-item__image\" data-thumbnail=\"https:\/\/pc.sc.gov.br\/\/wp-content\/uploads\/2025\/03\/Imagem-do-WhatsApp-de-2025-03-17-as-18.34.39_1f0ff3a9-300x225.jpg\" data-width=\"300\" data-height=\"225\" aria-label=\"\" role=\"img\" ><\/div>\n\t\t\t\t\t\t\t\t\t\t\t<div class=\"elementor-gallery-item__overlay\"><\/div>\n\t\t\t\t\t\t\t\t\t\t\t\t\t\t<\/a>\n\t\t\t\t\t\t\t<a class=\"e-gallery-item elementor-gallery-item elementor-animated-content\" href=\"https:\/\/pc.sc.gov.br\/\/wp-content\/uploads\/2025\/03\/Imagem-do-WhatsApp-de-2025-03-17-as-18.34.38_1b55fb02-1.jpg\" data-elementor-open-lightbox=\"yes\" data-elementor-lightbox-slideshow=\"4155735\" data-elementor-lightbox-title=\"Imagem do WhatsApp de 2025-03-17 \u00e0(s) 18.34.38_1b55fb02\" data-e-action-hash=\"#elementor-action%3Aaction%3Dlightbox%26settings%3DeyJpZCI6Mjc0MzEsInVybCI6Imh0dHBzOlwvXC9wYy5zYy5nb3YuYnJcL1wvd3AtY29udGVudFwvdXBsb2Fkc1wvMjAyNVwvMDNcL0ltYWdlbS1kby1XaGF0c0FwcC1kZS0yMDI1LTAzLTE3LWFzLTE4LjM0LjM4XzFiNTVmYjAyLTEuanBnIiwic2xpZGVzaG93IjoiNDE1NTczNSJ9\">\n\t\t\t\t\t<div class=\"e-gallery-image elementor-gallery-item__image\" data-thumbnail=\"https:\/\/pc.sc.gov.br\/\/wp-content\/uploads\/2025\/03\/Imagem-do-WhatsApp-de-2025-03-17-as-18.34.38_1b55fb02-1-282x300.jpg\" data-width=\"282\" data-height=\"300\" aria-label=\"\" role=\"img\" ><\/div>\n\t\t\t\t\t\t\t\t\t\t\t<div class=\"elementor-gallery-item__overlay\"><\/div>\n\t\t\t\t\t\t\t\t\t\t\t\t\t\t<\/a>\n\t\t\t\t\t<\/div>\n\t\t\t\t\t<\/div>\n\t\t\t\t<\/div>\n\t\t\t\t\t<\/div>\n\t\t<\/div>\n\t\t\t\t\t<\/div>\n\t\t<\/section>\n\t\t\t\t<\/div>\n\t\t","protected":false},"excerpt":{"rendered":"<p>Delegacia de Prote\u00e7\u00e3o Animal de Blumenau conduz suspeito de maus-tratos a animais que estavam em p\u00e9ssimas condi\u00e7\u00f5es no bairro Gl\u00f3ria A Pol\u00edcia Civil de Santa Catarina, por meio da Delegacia de Prote\u00e7\u00e3o Animal (DPA) do Departamento de Investiga\u00e7\u00e3o Criminal (DIC) de Blumenau, em conjunto com a equipe da Secretaria Municipal de Meio Ambiente (SEMMAS), localizou [&hellip;]<\/p>\n","protected":false},"author":5,"featured_media":27423,"comment_status":"closed","ping_status":"open","sticky":false,"template":"","format":"standard","meta":{"_monsterinsights_skip_tracking":false,"_monsterinsights_sitenote_active":false,"_monsterinsights_sitenote_note":"","_monsterinsights_sitenote_category":0,"footnotes":""},"categories":[1],"tags":[],"class_list":["post-27422","post","type-post","status-publish","format-standard","has-post-thumbnail","hentry","category-sem-categoria"],"_links":{"self":[{"href":"https:\/\/pc.sc.gov.br\/index.php?rest_route=\/wp\/v2\/posts\/27422","targetHints":{"allow":["GET"]}}],"collection":[{"href":"https:\/\/pc.sc.gov.br\/index.php?rest_route=\/wp\/v2\/posts"}],"about":[{"href":"https:\/\/pc.sc.gov.br\/index.php?rest_route=\/wp\/v2\/types\/post"}],"author":[{"embeddable":true,"href":"https:\/\/pc.sc.gov.br\/index.php?rest_route=\/wp\/v2\/users\/5"}],"replies":[{"embeddable":true,"href":"https:\/\/pc.sc.gov.br\/index.php?rest_route=%2Fwp%2Fv2%2Fcomments&post=27422"}],"version-history":[{"count":3,"href":"https:\/\/pc.sc.gov.br\/index.php?rest_route=\/wp\/v2\/posts\/27422\/revisions"}],"predecessor-version":[{"id":27434,"href":"https:\/\/pc.sc.gov.br\/index.php?rest_route=\/wp\/v2\/posts\/27422\/revisions\/27434"}],"wp:featuredmedia":[{"embeddable":true,"href":"https:\/\/pc.sc.gov.br\/index.php?rest_route=\/wp\/v2\/media\/27423"}],"wp:attachment":[{"href":"https:\/\/pc.sc.gov.br\/index.php?rest_route=%2Fwp%2Fv2%2Fmedia&parent=27422"}],"wp:term":[{"taxonomy":"category","embeddable":true,"href":"https:\/\/pc.sc.gov.br\/index.php?rest_route=%2Fwp%2Fv2%2Fcategories&post=27422"},{"taxonomy":"post_tag","embeddable":true,"href":"https:\/\/pc.sc.gov.br\/index.php?rest_route=%2Fwp%2Fv2%2Ftags&post=27422"}],"curies":[{"name":"wp","href":"https:\/\/api.w.org\/{rel}","templated":true}]}}