{"id":27443,"date":"2025-03-18T13:02:55","date_gmt":"2025-03-18T16:02:55","guid":{"rendered":"https:\/\/pc.sc.gov.br\/?p=27443"},"modified":"2025-03-18T13:05:05","modified_gmt":"2025-03-18T16:05:05","slug":"policia-civil-prende-corretor-de-imoveis-que-aplicava-golpes-em-navegantes","status":"publish","type":"post","link":"https:\/\/pc.sc.gov.br\/?p=27443","title":{"rendered":"Pol\u00edcia Civil prende corretor de im\u00f3veis que aplicava golpes em Navegantes"},"content":{"rendered":"\t\t<div data-elementor-type=\"wp-post\" data-elementor-id=\"27443\" class=\"elementor elementor-27443\" data-elementor-post-type=\"post\">\n\t\t\t\t\t\t<section class=\"elementor-section elementor-top-section elementor-element elementor-element-1b4da3f elementor-section-boxed elementor-section-height-default elementor-section-height-default\" data-id=\"1b4da3f\" data-element_type=\"section\">\n\t\t\t\t\t\t<div class=\"elementor-container elementor-column-gap-default\">\n\t\t\t\t\t<div class=\"elementor-column elementor-col-100 elementor-top-column elementor-element elementor-element-7809f2e\" data-id=\"7809f2e\" data-element_type=\"column\">\n\t\t\t<div class=\"elementor-widget-wrap elementor-element-populated\">\n\t\t\t\t\t\t<div class=\"elementor-element elementor-element-93d6eee elementor-widget elementor-widget-heading\" data-id=\"93d6eee\" data-element_type=\"widget\" data-widget_type=\"heading.default\">\n\t\t\t\t<div class=\"elementor-widget-container\">\n\t\t\t\t\t<h2 class=\"elementor-heading-title elementor-size-default\">Pol\u00edcia Civil prende corretor de im\u00f3veis que aplicava golpes em Navegantes<\/h2>\t\t\t\t<\/div>\n\t\t\t\t<\/div>\n\t\t\t\t\t<\/div>\n\t\t<\/div>\n\t\t\t\t\t<\/div>\n\t\t<\/section>\n\t\t\t\t<section class=\"elementor-section elementor-top-section elementor-element elementor-element-4251146 elementor-section-boxed elementor-section-height-default elementor-section-height-default\" data-id=\"4251146\" data-element_type=\"section\">\n\t\t\t\t\t\t<div class=\"elementor-container elementor-column-gap-default\">\n\t\t\t\t\t<div class=\"elementor-column elementor-col-100 elementor-top-column elementor-element elementor-element-68d6db9\" data-id=\"68d6db9\" data-element_type=\"column\">\n\t\t\t<div class=\"elementor-widget-wrap elementor-element-populated\">\n\t\t\t\t\t\t<div class=\"elementor-element elementor-element-30fd475 elementor-widget elementor-widget-image\" data-id=\"30fd475\" data-element_type=\"widget\" data-widget_type=\"image.default\">\n\t\t\t\t<div class=\"elementor-widget-container\">\n\t\t\t\t\t\t\t\t\t\t\t\t\t\t\t<img fetchpriority=\"high\" decoding=\"async\" width=\"696\" height=\"474\" src=\"https:\/\/pc.sc.gov.br\/\/wp-content\/uploads\/2023\/05\/VIATURA_000000000022-1536x1058-2-e1762278897351-1024x697.jpg\" class=\"attachment-large size-large wp-image-9267\" alt=\"\" srcset=\"https:\/\/pc.sc.gov.br\/\/wp-content\/uploads\/2023\/05\/VIATURA_000000000022-1536x1058-2-e1762278897351-1024x697.jpg 1024w, https:\/\/pc.sc.gov.br\/\/wp-content\/uploads\/2023\/05\/VIATURA_000000000022-1536x1058-2-e1762278897351-300x204.jpg 300w, https:\/\/pc.sc.gov.br\/\/wp-content\/uploads\/2023\/05\/VIATURA_000000000022-1536x1058-2-e1762278897351-768x522.jpg 768w, https:\/\/pc.sc.gov.br\/\/wp-content\/uploads\/2023\/05\/VIATURA_000000000022-1536x1058-2-e1762278897351.jpg 1270w\" sizes=\"(max-width: 696px) 100vw, 696px\" \/>\t\t\t\t\t\t\t\t\t\t\t\t\t\t\t<\/div>\n\t\t\t\t<\/div>\n\t\t\t\t\t<\/div>\n\t\t<\/div>\n\t\t\t\t\t<\/div>\n\t\t<\/section>\n\t\t\t\t<section class=\"elementor-section elementor-top-section elementor-element elementor-element-79a4636 elementor-section-boxed elementor-section-height-default elementor-section-height-default\" data-id=\"79a4636\" data-element_type=\"section\">\n\t\t\t\t\t\t<div class=\"elementor-container elementor-column-gap-default\">\n\t\t\t\t\t<div class=\"elementor-column elementor-col-100 elementor-top-column elementor-element elementor-element-f2b2009\" data-id=\"f2b2009\" data-element_type=\"column\">\n\t\t\t<div class=\"elementor-widget-wrap elementor-element-populated\">\n\t\t\t\t\t\t<div class=\"elementor-element elementor-element-97071b5 elementor-widget elementor-widget-text-editor\" data-id=\"97071b5\" data-element_type=\"widget\" data-widget_type=\"text-editor.default\">\n\t\t\t\t<div class=\"elementor-widget-container\">\n\t\t\t\t\t\t\t\t\t<p>Na sexta-feira (14\/03), a Pol\u00edcia Civil de Santa Catarina, por meio da Delegacia de Pol\u00edcia da Comarca de Navegantes, cumpriu mandado de pris\u00e3o preventiva de um corretor de im\u00f3veis pela pr\u00e1tica de diversos crimes de estelionato e apropria\u00e7\u00e3o ind\u00e9bita.<\/p>\n<p>As investiga\u00e7\u00f5es tiveram no m\u00eas de dezembro de 2024, quando as primeiras v\u00edtimas registraram boletins de ocorr\u00eancia noticiando os crimes. No curso das investiga\u00e7\u00f5es, um robusto conjunto indici\u00e1rio foi amealhado aos autos, demonstrando que em alguns casos ocorreu a venda de um mesmo im\u00f3vel para mais de uma pessoa.<\/p>\n<p>O indiciado tamb\u00e9m se apropriava de valores que deveriam ser repassados aos propriet\u00e1rios dos im\u00f3veis, tanto a t\u00edtulo de arras quanto de alugu\u00e9is, al\u00e9m de enganar as v\u00edtimas, recolhendo somas em dinheiro para supostamente pagar custas de ITBI.<\/p>\n<p>Ap\u00f3s lesar diversas pessoas, o corretor de im\u00f3veis abruptamente encerrou as atividades da imobili\u00e1ria na qual trabalhava, contudo continuou suas atividades profissionais, praticando os mesmos crimes.<\/p>\n<p>Recentemente, o indiciado constituiu em nome de sua esposa outra empresa com atua\u00e7\u00e3o no ramo imobili\u00e1rio, visando com isso continuar sua atua\u00e7\u00e3o no mercado imobili\u00e1rio.<\/p>\n<p>Na mesma ocasi\u00e3o foi cumprido mandado de busca e apreens\u00e3o, quando diversos documentos foram apreendidos e ser\u00e3o analisados pela Equipe de Investiga\u00e7\u00e3o, assim como realizado o bloqueio judicial de contas banc\u00e1rias, em valores superiores a meio milh\u00e3o de reais, visando o ressarcimento dos preju\u00edzos causados \u00e0s v\u00edtimas.<\/p>\n<p>O CRECI foi oficiado, auxiliou nas investiga\u00e7\u00f5es e adotar\u00e1 as medidas administrativas.<\/p>\n<p>O delegado Osnei de Oliveira, da DPCO de Navegantes, destaca a import\u00e2ncia das pessoas, que foram lesadas por este estelionat\u00e1rio, promover os respectivos boletins de ocorr\u00eancia, para que a Pol\u00edcia Civil realize as investiga\u00e7\u00f5es e responsabilize os autores.&nbsp;<\/p><p><b>Assista ao v\u00eddeo do delegado:<\/b><\/p>\t\t\t\t\t\t\t\t<\/div>\n\t\t\t\t<\/div>\n\t\t\t\t\t<\/div>\n\t\t<\/div>\n\t\t\t\t\t<\/div>\n\t\t<\/section>\n\t\t\t\t<section class=\"elementor-section elementor-top-section elementor-element elementor-element-372bc7f elementor-section-boxed elementor-section-height-default elementor-section-height-default\" data-id=\"372bc7f\" data-element_type=\"section\">\n\t\t\t\t\t\t<div class=\"elementor-container elementor-column-gap-default\">\n\t\t\t\t\t<div class=\"elementor-column elementor-col-100 elementor-top-column elementor-element elementor-element-f77c1d3\" data-id=\"f77c1d3\" data-element_type=\"column\">\n\t\t\t<div class=\"elementor-widget-wrap elementor-element-populated\">\n\t\t\t\t\t\t<div class=\"elementor-element elementor-element-a2fa718 elementor-widget elementor-widget-video\" data-id=\"a2fa718\" data-element_type=\"widget\" data-settings=\"{&quot;video_type&quot;:&quot;hosted&quot;,&quot;controls&quot;:&quot;yes&quot;}\" data-widget_type=\"video.default\">\n\t\t\t\t<div class=\"elementor-widget-container\">\n\t\t\t\t\t\t\t<div class=\"e-hosted-video elementor-wrapper elementor-open-inline\">\n\t\t\t\t\t<video class=\"elementor-video\" src=\"https:\/\/pc.sc.gov.br\/wp-content\/uploads\/2025\/03\/WhatsApp-Video-2025-03-18-at-12.29.12.mp4\" controls=\"\" preload=\"metadata\"><\/video>\n\t\t\t\t<\/div>\n\t\t\t\t\t\t<\/div>\n\t\t\t\t<\/div>\n\t\t\t\t\t<\/div>\n\t\t<\/div>\n\t\t\t\t\t<\/div>\n\t\t<\/section>\n\t\t\t\t<\/div>\n\t\t","protected":false},"excerpt":{"rendered":"<p>Pol\u00edcia Civil prende corretor de im\u00f3veis que aplicava golpes em Navegantes Na sexta-feira (14\/03), a Pol\u00edcia Civil de Santa Catarina, por meio da Delegacia de Pol\u00edcia da Comarca de Navegantes, cumpriu mandado de pris\u00e3o preventiva de um corretor de im\u00f3veis pela pr\u00e1tica de diversos crimes de estelionato e apropria\u00e7\u00e3o ind\u00e9bita. As investiga\u00e7\u00f5es tiveram no m\u00eas [&hellip;]<\/p>\n","protected":false},"author":5,"featured_media":9267,"comment_status":"closed","ping_status":"open","sticky":false,"template":"","format":"standard","meta":{"_monsterinsights_skip_tracking":false,"_monsterinsights_sitenote_active":false,"_monsterinsights_sitenote_note":"","_monsterinsights_sitenote_category":0,"footnotes":""},"categories":[1],"tags":[],"class_list":["post-27443","post","type-post","status-publish","format-standard","has-post-thumbnail","hentry","category-sem-categoria"],"_links":{"self":[{"href":"https:\/\/pc.sc.gov.br\/index.php?rest_route=\/wp\/v2\/posts\/27443","targetHints":{"allow":["GET"]}}],"collection":[{"href":"https:\/\/pc.sc.gov.br\/index.php?rest_route=\/wp\/v2\/posts"}],"about":[{"href":"https:\/\/pc.sc.gov.br\/index.php?rest_route=\/wp\/v2\/types\/post"}],"author":[{"embeddable":true,"href":"https:\/\/pc.sc.gov.br\/index.php?rest_route=\/wp\/v2\/users\/5"}],"replies":[{"embeddable":true,"href":"https:\/\/pc.sc.gov.br\/index.php?rest_route=%2Fwp%2Fv2%2Fcomments&post=27443"}],"version-history":[{"count":4,"href":"https:\/\/pc.sc.gov.br\/index.php?rest_route=\/wp\/v2\/posts\/27443\/revisions"}],"predecessor-version":[{"id":27448,"href":"https:\/\/pc.sc.gov.br\/index.php?rest_route=\/wp\/v2\/posts\/27443\/revisions\/27448"}],"wp:featuredmedia":[{"embeddable":true,"href":"https:\/\/pc.sc.gov.br\/index.php?rest_route=\/wp\/v2\/media\/9267"}],"wp:attachment":[{"href":"https:\/\/pc.sc.gov.br\/index.php?rest_route=%2Fwp%2Fv2%2Fmedia&parent=27443"}],"wp:term":[{"taxonomy":"category","embeddable":true,"href":"https:\/\/pc.sc.gov.br\/index.php?rest_route=%2Fwp%2Fv2%2Fcategories&post=27443"},{"taxonomy":"post_tag","embeddable":true,"href":"https:\/\/pc.sc.gov.br\/index.php?rest_route=%2Fwp%2Fv2%2Ftags&post=27443"}],"curies":[{"name":"wp","href":"https:\/\/api.w.org\/{rel}","templated":true}]}}