{"id":27454,"date":"2025-03-18T14:06:39","date_gmt":"2025-03-18T17:06:39","guid":{"rendered":"https:\/\/pc.sc.gov.br\/?p=27454"},"modified":"2025-03-18T14:07:39","modified_gmt":"2025-03-18T17:07:39","slug":"pcsc-prende-em-flagrante-casal-por-porte-ilegal-de-arma-de-fogo-na-costa-da-lagoa-na-capital","status":"publish","type":"post","link":"https:\/\/pc.sc.gov.br\/?p=27454","title":{"rendered":"PCSC prende em flagrante casal por porte ilegal de arma de fogo na Costa da Lagoa, na Capital"},"content":{"rendered":"\t\t<div data-elementor-type=\"wp-post\" data-elementor-id=\"27454\" class=\"elementor elementor-27454\" data-elementor-post-type=\"post\">\n\t\t\t\t\t\t<section class=\"elementor-section elementor-top-section elementor-element elementor-element-18c6781 elementor-section-boxed elementor-section-height-default elementor-section-height-default\" data-id=\"18c6781\" data-element_type=\"section\">\n\t\t\t\t\t\t<div class=\"elementor-container elementor-column-gap-default\">\n\t\t\t\t\t<div class=\"elementor-column elementor-col-100 elementor-top-column elementor-element elementor-element-1a9d8ba\" data-id=\"1a9d8ba\" data-element_type=\"column\">\n\t\t\t<div class=\"elementor-widget-wrap elementor-element-populated\">\n\t\t\t\t\t\t<div class=\"elementor-element elementor-element-165b7b1 elementor-widget elementor-widget-heading\" data-id=\"165b7b1\" data-element_type=\"widget\" data-widget_type=\"heading.default\">\n\t\t\t\t<div class=\"elementor-widget-container\">\n\t\t\t\t\t<h2 class=\"elementor-heading-title elementor-size-default\">PCSC prende em flagrante casal por porte ilegal de arma de fogo na Costa da Lagoa, na Capital<\/h2>\t\t\t\t<\/div>\n\t\t\t\t<\/div>\n\t\t\t\t\t<\/div>\n\t\t<\/div>\n\t\t\t\t\t<\/div>\n\t\t<\/section>\n\t\t\t\t<section class=\"elementor-section elementor-top-section elementor-element elementor-element-d776fb3 elementor-section-boxed elementor-section-height-default elementor-section-height-default\" data-id=\"d776fb3\" data-element_type=\"section\">\n\t\t\t\t\t\t<div class=\"elementor-container elementor-column-gap-default\">\n\t\t\t\t\t<div class=\"elementor-column elementor-col-100 elementor-top-column elementor-element elementor-element-707261f\" data-id=\"707261f\" data-element_type=\"column\">\n\t\t\t<div class=\"elementor-widget-wrap elementor-element-populated\">\n\t\t\t\t\t\t<div class=\"elementor-element elementor-element-95cd053 elementor-widget elementor-widget-image\" data-id=\"95cd053\" data-element_type=\"widget\" data-widget_type=\"image.default\">\n\t\t\t\t<div class=\"elementor-widget-container\">\n\t\t\t\t\t\t\t\t\t\t\t\t\t\t\t<img fetchpriority=\"high\" decoding=\"async\" width=\"696\" height=\"676\" src=\"https:\/\/pc.sc.gov.br\/\/wp-content\/uploads\/2025\/03\/Imagem-do-WhatsApp-de-2025-03-18-as-11.11.32_618bda0a-fotor-2025031814530.jpg\" class=\"attachment-medium_large size-medium_large wp-image-27455\" alt=\"\" srcset=\"https:\/\/pc.sc.gov.br\/\/wp-content\/uploads\/2025\/03\/Imagem-do-WhatsApp-de-2025-03-18-as-11.11.32_618bda0a-fotor-2025031814530.jpg 720w, https:\/\/pc.sc.gov.br\/\/wp-content\/uploads\/2025\/03\/Imagem-do-WhatsApp-de-2025-03-18-as-11.11.32_618bda0a-fotor-2025031814530-300x291.jpg 300w\" sizes=\"(max-width: 696px) 100vw, 696px\" \/>\t\t\t\t\t\t\t\t\t\t\t\t\t\t\t<\/div>\n\t\t\t\t<\/div>\n\t\t\t\t\t<\/div>\n\t\t<\/div>\n\t\t\t\t\t<\/div>\n\t\t<\/section>\n\t\t\t\t<section class=\"elementor-section elementor-top-section elementor-element elementor-element-96ef6fd elementor-section-boxed elementor-section-height-default elementor-section-height-default\" data-id=\"96ef6fd\" data-element_type=\"section\">\n\t\t\t\t\t\t<div class=\"elementor-container elementor-column-gap-default\">\n\t\t\t\t\t<div class=\"elementor-column elementor-col-100 elementor-top-column elementor-element elementor-element-6b5b876\" data-id=\"6b5b876\" data-element_type=\"column\">\n\t\t\t<div class=\"elementor-widget-wrap elementor-element-populated\">\n\t\t\t\t\t\t<div class=\"elementor-element elementor-element-7b915da elementor-widget elementor-widget-text-editor\" data-id=\"7b915da\" data-element_type=\"widget\" data-widget_type=\"text-editor.default\">\n\t\t\t\t<div class=\"elementor-widget-container\">\n\t\t\t\t\t\t\t\t\t<p>A Pol\u00edcia Civil de Santa Catarina, por meio da 10\u00aa Delegacia de Pol\u00edcia da Capital, juntamente com a Coordenadoria de Opera\u00e7\u00f5es e Recursos Especiais (CORE), deu cumprimento a um mandado de pris\u00e3o, no s\u00e1bado (15), na Costa da lagoa, na Capital. O alvo do mandado era uma mulher que vinha promovendo atritos com os vizinhos.<\/p>\n<p>Ao chegar \u00e0 casa, os policiais viram que uma arma, de fabrica\u00e7\u00e3o caseira, havia sido jogada no p\u00e1tio da resid\u00eancia. Como nem a mulher, nem o seu marido que tamb\u00e9m mora no mesmo local assumiram a propriedade da arma, os dois foram presos em flagrante, uma vez que ficou n\u00edtido que a arma foi jogada por eles.&nbsp;<span style=\"font-family: var( --e-global-typography-primary-font-family ), Sans-serif; font-size: var( --e-global-typography-primary-font-size ); font-weight: var( --e-global-typography-primary-font-weight ); letter-spacing: var( --e-global-typography-primary-letter-spacing );\">O casal, que j\u00e1 acumula diversas passagens policiais, \u00e9 conhecido na regi\u00e3o por atormentar a comunidade da Costa da Lagoa com faca e machadinho.<\/span><\/p>\t\t\t\t\t\t\t\t<\/div>\n\t\t\t\t<\/div>\n\t\t\t\t\t<\/div>\n\t\t<\/div>\n\t\t\t\t\t<\/div>\n\t\t<\/section>\n\t\t\t\t<\/div>\n\t\t","protected":false},"excerpt":{"rendered":"<p>PCSC prende em flagrante casal por porte ilegal de arma de fogo na Costa da Lagoa, na Capital A Pol\u00edcia Civil de Santa Catarina, por meio da 10\u00aa Delegacia de Pol\u00edcia da Capital, juntamente com a Coordenadoria de Opera\u00e7\u00f5es e Recursos Especiais (CORE), deu cumprimento a um mandado de pris\u00e3o, no s\u00e1bado (15), na Costa [&hellip;]<\/p>\n","protected":false},"author":5,"featured_media":27455,"comment_status":"closed","ping_status":"open","sticky":false,"template":"","format":"standard","meta":{"_monsterinsights_skip_tracking":false,"_monsterinsights_sitenote_active":false,"_monsterinsights_sitenote_note":"","_monsterinsights_sitenote_category":0,"footnotes":""},"categories":[1],"tags":[],"class_list":["post-27454","post","type-post","status-publish","format-standard","has-post-thumbnail","hentry","category-sem-categoria"],"_links":{"self":[{"href":"https:\/\/pc.sc.gov.br\/index.php?rest_route=\/wp\/v2\/posts\/27454","targetHints":{"allow":["GET"]}}],"collection":[{"href":"https:\/\/pc.sc.gov.br\/index.php?rest_route=\/wp\/v2\/posts"}],"about":[{"href":"https:\/\/pc.sc.gov.br\/index.php?rest_route=\/wp\/v2\/types\/post"}],"author":[{"embeddable":true,"href":"https:\/\/pc.sc.gov.br\/index.php?rest_route=\/wp\/v2\/users\/5"}],"replies":[{"embeddable":true,"href":"https:\/\/pc.sc.gov.br\/index.php?rest_route=%2Fwp%2Fv2%2Fcomments&post=27454"}],"version-history":[{"count":4,"href":"https:\/\/pc.sc.gov.br\/index.php?rest_route=\/wp\/v2\/posts\/27454\/revisions"}],"predecessor-version":[{"id":27459,"href":"https:\/\/pc.sc.gov.br\/index.php?rest_route=\/wp\/v2\/posts\/27454\/revisions\/27459"}],"wp:featuredmedia":[{"embeddable":true,"href":"https:\/\/pc.sc.gov.br\/index.php?rest_route=\/wp\/v2\/media\/27455"}],"wp:attachment":[{"href":"https:\/\/pc.sc.gov.br\/index.php?rest_route=%2Fwp%2Fv2%2Fmedia&parent=27454"}],"wp:term":[{"taxonomy":"category","embeddable":true,"href":"https:\/\/pc.sc.gov.br\/index.php?rest_route=%2Fwp%2Fv2%2Fcategories&post=27454"},{"taxonomy":"post_tag","embeddable":true,"href":"https:\/\/pc.sc.gov.br\/index.php?rest_route=%2Fwp%2Fv2%2Ftags&post=27454"}],"curies":[{"name":"wp","href":"https:\/\/api.w.org\/{rel}","templated":true}]}}