{"id":27460,"date":"2025-03-18T14:14:43","date_gmt":"2025-03-18T17:14:43","guid":{"rendered":"https:\/\/pc.sc.gov.br\/?p=27460"},"modified":"2025-03-18T14:15:45","modified_gmt":"2025-03-18T17:15:45","slug":"pcsc-prende-dupla-suspeita-de-praticar-crimes-de-roubo-e-incendio-em-sangao","status":"publish","type":"post","link":"https:\/\/pc.sc.gov.br\/?p=27460","title":{"rendered":"PCSC prende dupla suspeita de praticar crimes de roubo e inc\u00eandio em Sang\u00e3o"},"content":{"rendered":"\t\t<div data-elementor-type=\"wp-post\" data-elementor-id=\"27460\" class=\"elementor elementor-27460\" data-elementor-post-type=\"post\">\n\t\t\t\t\t\t<section class=\"elementor-section elementor-top-section elementor-element elementor-element-0b40c84 elementor-section-boxed elementor-section-height-default elementor-section-height-default\" data-id=\"0b40c84\" data-element_type=\"section\">\n\t\t\t\t\t\t<div class=\"elementor-container elementor-column-gap-default\">\n\t\t\t\t\t<div class=\"elementor-column elementor-col-100 elementor-top-column elementor-element elementor-element-71bd32c\" data-id=\"71bd32c\" data-element_type=\"column\">\n\t\t\t<div class=\"elementor-widget-wrap elementor-element-populated\">\n\t\t\t\t\t\t<div class=\"elementor-element elementor-element-229aaf0 elementor-widget elementor-widget-heading\" data-id=\"229aaf0\" data-element_type=\"widget\" data-widget_type=\"heading.default\">\n\t\t\t\t<div class=\"elementor-widget-container\">\n\t\t\t\t\t<h2 class=\"elementor-heading-title elementor-size-default\">PCSC prende dupla suspeita de praticar crimes de roubo e inc\u00eandio em Sang\u00e3o<\/h2>\t\t\t\t<\/div>\n\t\t\t\t<\/div>\n\t\t\t\t\t<\/div>\n\t\t<\/div>\n\t\t\t\t\t<\/div>\n\t\t<\/section>\n\t\t\t\t<section class=\"elementor-section elementor-top-section elementor-element elementor-element-0fba284 elementor-section-boxed elementor-section-height-default elementor-section-height-default\" data-id=\"0fba284\" data-element_type=\"section\">\n\t\t\t\t\t\t<div class=\"elementor-container elementor-column-gap-default\">\n\t\t\t\t\t<div class=\"elementor-column elementor-col-100 elementor-top-column elementor-element elementor-element-149d942\" data-id=\"149d942\" data-element_type=\"column\">\n\t\t\t<div class=\"elementor-widget-wrap elementor-element-populated\">\n\t\t\t\t\t\t<div class=\"elementor-element elementor-element-04c6066 elementor-widget elementor-widget-image\" data-id=\"04c6066\" data-element_type=\"widget\" data-widget_type=\"image.default\">\n\t\t\t\t<div class=\"elementor-widget-container\">\n\t\t\t\t\t\t\t\t\t\t\t\t\t\t\t<img fetchpriority=\"high\" decoding=\"async\" width=\"696\" height=\"392\" src=\"https:\/\/pc.sc.gov.br\/\/wp-content\/uploads\/2025\/03\/WhatsApp-Image-2025-03-18-at-14.00.49-1024x576.jpeg\" class=\"attachment-large size-large wp-image-27461\" alt=\"\" srcset=\"https:\/\/pc.sc.gov.br\/\/wp-content\/uploads\/2025\/03\/WhatsApp-Image-2025-03-18-at-14.00.49-1024x576.jpeg 1024w, https:\/\/pc.sc.gov.br\/\/wp-content\/uploads\/2025\/03\/WhatsApp-Image-2025-03-18-at-14.00.49-300x169.jpeg 300w, https:\/\/pc.sc.gov.br\/\/wp-content\/uploads\/2025\/03\/WhatsApp-Image-2025-03-18-at-14.00.49-768x432.jpeg 768w, https:\/\/pc.sc.gov.br\/\/wp-content\/uploads\/2025\/03\/WhatsApp-Image-2025-03-18-at-14.00.49.jpeg 1280w\" sizes=\"(max-width: 696px) 100vw, 696px\" \/>\t\t\t\t\t\t\t\t\t\t\t\t\t\t\t<\/div>\n\t\t\t\t<\/div>\n\t\t\t\t\t<\/div>\n\t\t<\/div>\n\t\t\t\t\t<\/div>\n\t\t<\/section>\n\t\t\t\t<section class=\"elementor-section elementor-top-section elementor-element elementor-element-f7439e4 elementor-section-boxed elementor-section-height-default elementor-section-height-default\" data-id=\"f7439e4\" data-element_type=\"section\">\n\t\t\t\t\t\t<div class=\"elementor-container elementor-column-gap-default\">\n\t\t\t\t\t<div class=\"elementor-column elementor-col-100 elementor-top-column elementor-element elementor-element-ea6a85a\" data-id=\"ea6a85a\" data-element_type=\"column\">\n\t\t\t<div class=\"elementor-widget-wrap elementor-element-populated\">\n\t\t\t\t\t\t<div class=\"elementor-element elementor-element-48bae8e elementor-widget elementor-widget-text-editor\" data-id=\"48bae8e\" data-element_type=\"widget\" data-widget_type=\"text-editor.default\">\n\t\t\t\t<div class=\"elementor-widget-container\">\n\t\t\t\t\t\t\t\t\t<p>A Pol\u00edcia Civil de Santa Catarina, por interm\u00e9dio das Delegacias de Pol\u00edcia de Sang\u00e3o e Jaguaruna, nos dias 14 e 15\/03 prendeu preventivamente dois homens suspeitos da pr\u00e1tica dos crimes de inc\u00eandio e de roubo. Os crimes ocorreram na manh\u00e3 de 09\/02\/2025, no Bairro Sang\u00e3ozinho, no munic\u00edpio de Sang\u00e3o.\u00a0<\/p><p>Por volta das 07h55min, os investigados supostamente incendiaram o caminh\u00e3o do ex-patr\u00e3o de um deles, e, em seguida, por volta das 08h50min, agrediram fisicamente um homem em situa\u00e7\u00e3o de rua, para subtra\u00edrem a sua bicicleta.<\/p><p>As pris\u00f5es preventivas foram decretadas pelo Ju\u00edzo da 2\u00aa Vara da Comarca de Jaguaruna, ap\u00f3s parecer favor\u00e1vel do Minist\u00e9rio P\u00fablico, e os investigados foram encaminhados ao Pres\u00eddio Regional de Tubar\u00e3o, onde permanecer\u00e3o \u00e0 disposi\u00e7\u00e3o da Justi\u00e7a.<\/p>\t\t\t\t\t\t\t\t<\/div>\n\t\t\t\t<\/div>\n\t\t\t\t\t<\/div>\n\t\t<\/div>\n\t\t\t\t\t<\/div>\n\t\t<\/section>\n\t\t\t\t<\/div>\n\t\t","protected":false},"excerpt":{"rendered":"<p>PCSC prende dupla suspeita de praticar crimes de roubo e inc\u00eandio em Sang\u00e3o A Pol\u00edcia Civil de Santa Catarina, por interm\u00e9dio das Delegacias de Pol\u00edcia de Sang\u00e3o e Jaguaruna, nos dias 14 e 15\/03 prendeu preventivamente dois homens suspeitos da pr\u00e1tica dos crimes de inc\u00eandio e de roubo. Os crimes ocorreram na manh\u00e3 de 09\/02\/2025, [&hellip;]<\/p>\n","protected":false},"author":5,"featured_media":27461,"comment_status":"closed","ping_status":"open","sticky":false,"template":"","format":"standard","meta":{"_monsterinsights_skip_tracking":false,"_monsterinsights_sitenote_active":false,"_monsterinsights_sitenote_note":"","_monsterinsights_sitenote_category":0,"footnotes":""},"categories":[1],"tags":[],"class_list":["post-27460","post","type-post","status-publish","format-standard","has-post-thumbnail","hentry","category-sem-categoria"],"_links":{"self":[{"href":"https:\/\/pc.sc.gov.br\/index.php?rest_route=\/wp\/v2\/posts\/27460","targetHints":{"allow":["GET"]}}],"collection":[{"href":"https:\/\/pc.sc.gov.br\/index.php?rest_route=\/wp\/v2\/posts"}],"about":[{"href":"https:\/\/pc.sc.gov.br\/index.php?rest_route=\/wp\/v2\/types\/post"}],"author":[{"embeddable":true,"href":"https:\/\/pc.sc.gov.br\/index.php?rest_route=\/wp\/v2\/users\/5"}],"replies":[{"embeddable":true,"href":"https:\/\/pc.sc.gov.br\/index.php?rest_route=%2Fwp%2Fv2%2Fcomments&post=27460"}],"version-history":[{"count":4,"href":"https:\/\/pc.sc.gov.br\/index.php?rest_route=\/wp\/v2\/posts\/27460\/revisions"}],"predecessor-version":[{"id":27465,"href":"https:\/\/pc.sc.gov.br\/index.php?rest_route=\/wp\/v2\/posts\/27460\/revisions\/27465"}],"wp:featuredmedia":[{"embeddable":true,"href":"https:\/\/pc.sc.gov.br\/index.php?rest_route=\/wp\/v2\/media\/27461"}],"wp:attachment":[{"href":"https:\/\/pc.sc.gov.br\/index.php?rest_route=%2Fwp%2Fv2%2Fmedia&parent=27460"}],"wp:term":[{"taxonomy":"category","embeddable":true,"href":"https:\/\/pc.sc.gov.br\/index.php?rest_route=%2Fwp%2Fv2%2Fcategories&post=27460"},{"taxonomy":"post_tag","embeddable":true,"href":"https:\/\/pc.sc.gov.br\/index.php?rest_route=%2Fwp%2Fv2%2Ftags&post=27460"}],"curies":[{"name":"wp","href":"https:\/\/api.w.org\/{rel}","templated":true}]}}