{"id":27466,"date":"2025-03-18T14:56:43","date_gmt":"2025-03-18T17:56:43","guid":{"rendered":"https:\/\/pc.sc.gov.br\/?p=27466"},"modified":"2025-03-18T14:57:24","modified_gmt":"2025-03-18T17:57:24","slug":"policia-civil-de-santa-catarina-participa-do-3-drone-policial-em-foz-do-iguacu","status":"publish","type":"post","link":"https:\/\/pc.sc.gov.br\/?p=27466","title":{"rendered":"Pol\u00edcia Civil de Santa Catarina participa do 3\u00b0 Drone Policial, em Foz do Igua\u00e7u"},"content":{"rendered":"\t\t<div data-elementor-type=\"wp-post\" data-elementor-id=\"27466\" class=\"elementor elementor-27466\" data-elementor-post-type=\"post\">\n\t\t\t\t\t\t<section class=\"elementor-section elementor-top-section elementor-element elementor-element-c7f124c elementor-section-boxed elementor-section-height-default elementor-section-height-default\" data-id=\"c7f124c\" data-element_type=\"section\">\n\t\t\t\t\t\t<div class=\"elementor-container elementor-column-gap-default\">\n\t\t\t\t\t<div class=\"elementor-column elementor-col-100 elementor-top-column elementor-element elementor-element-e431416\" data-id=\"e431416\" data-element_type=\"column\">\n\t\t\t<div class=\"elementor-widget-wrap elementor-element-populated\">\n\t\t\t\t\t\t<div class=\"elementor-element elementor-element-5461d14 elementor-widget elementor-widget-heading\" data-id=\"5461d14\" data-element_type=\"widget\" data-widget_type=\"heading.default\">\n\t\t\t\t<div class=\"elementor-widget-container\">\n\t\t\t\t\t<h2 class=\"elementor-heading-title elementor-size-default\">Pol\u00edcia Civil de Santa Catarina participa do 3\u00b0 Drone Policial, em Foz do Igua\u00e7u<\/h2>\t\t\t\t<\/div>\n\t\t\t\t<\/div>\n\t\t\t\t\t<\/div>\n\t\t<\/div>\n\t\t\t\t\t<\/div>\n\t\t<\/section>\n\t\t\t\t<section class=\"elementor-section elementor-top-section elementor-element elementor-element-bddd6a3 elementor-section-boxed elementor-section-height-default elementor-section-height-default\" data-id=\"bddd6a3\" data-element_type=\"section\">\n\t\t\t\t\t\t<div class=\"elementor-container elementor-column-gap-default\">\n\t\t\t\t\t<div class=\"elementor-column elementor-col-100 elementor-top-column elementor-element elementor-element-e463c15\" data-id=\"e463c15\" data-element_type=\"column\">\n\t\t\t<div class=\"elementor-widget-wrap elementor-element-populated\">\n\t\t\t\t\t\t<div class=\"elementor-element elementor-element-00db879 elementor-widget elementor-widget-image\" data-id=\"00db879\" data-element_type=\"widget\" data-widget_type=\"image.default\">\n\t\t\t\t<div class=\"elementor-widget-container\">\n\t\t\t\t\t\t\t\t\t\t\t\t\t\t\t<img fetchpriority=\"high\" decoding=\"async\" width=\"696\" height=\"324\" src=\"https:\/\/pc.sc.gov.br\/\/wp-content\/uploads\/2025\/03\/Imagem-do-WhatsApp-de-2025-03-18-as-14.50.51_768f7fa6-1024x477.jpg\" class=\"attachment-large size-large wp-image-27467\" alt=\"\" srcset=\"https:\/\/pc.sc.gov.br\/\/wp-content\/uploads\/2025\/03\/Imagem-do-WhatsApp-de-2025-03-18-as-14.50.51_768f7fa6-1024x477.jpg 1024w, https:\/\/pc.sc.gov.br\/\/wp-content\/uploads\/2025\/03\/Imagem-do-WhatsApp-de-2025-03-18-as-14.50.51_768f7fa6-300x140.jpg 300w, https:\/\/pc.sc.gov.br\/\/wp-content\/uploads\/2025\/03\/Imagem-do-WhatsApp-de-2025-03-18-as-14.50.51_768f7fa6-768x358.jpg 768w, https:\/\/pc.sc.gov.br\/\/wp-content\/uploads\/2025\/03\/Imagem-do-WhatsApp-de-2025-03-18-as-14.50.51_768f7fa6.jpg 1151w\" sizes=\"(max-width: 696px) 100vw, 696px\" \/>\t\t\t\t\t\t\t\t\t\t\t\t\t\t\t<\/div>\n\t\t\t\t<\/div>\n\t\t\t\t\t<\/div>\n\t\t<\/div>\n\t\t\t\t\t<\/div>\n\t\t<\/section>\n\t\t\t\t<section class=\"elementor-section elementor-top-section elementor-element elementor-element-15f27f9 elementor-section-boxed elementor-section-height-default elementor-section-height-default\" data-id=\"15f27f9\" data-element_type=\"section\">\n\t\t\t\t\t\t<div class=\"elementor-container elementor-column-gap-default\">\n\t\t\t\t\t<div class=\"elementor-column elementor-col-100 elementor-top-column elementor-element elementor-element-b2496a9\" data-id=\"b2496a9\" data-element_type=\"column\">\n\t\t\t<div class=\"elementor-widget-wrap elementor-element-populated\">\n\t\t\t\t\t\t<div class=\"elementor-element elementor-element-b24bcc2 elementor-widget elementor-widget-text-editor\" data-id=\"b24bcc2\" data-element_type=\"widget\" data-widget_type=\"text-editor.default\">\n\t\t\t\t<div class=\"elementor-widget-container\">\n\t\t\t\t\t\t\t\t\t<p>Policiais Civis do Servi\u00e7o Aeropolicial e da Diretoria Estadual de Investiga\u00e7\u00f5es Criminais (DEIC) est\u00e3o participando do 3\u00ba Drone Policial, maior evento da Am\u00e9rica Latina voltado ao uso de Drones por For\u00e7as Policiais, Busca e Salvamento que ocorre entre os dias 18 e 20, em Foz do Igua\u00e7u\/PR.\u00a0<\/p><p>A programa\u00e7\u00e3o incluiu palestras, workshops e exerc\u00edcios simulados que demonstraram o potencial dos drones em diferentes cen\u00e1rios, como combates, cumprimento de mandados de pris\u00e3o e opera\u00e7\u00f5es em \u00e1reas de risco.<\/p><p>O semin\u00e1rio conta com a participa\u00e7\u00e3o de especialistas internacionais, proporcionando uma vis\u00e3o ampla sobre as tend\u00eancias globais no uso de drones na seguran\u00e7a p\u00fablica, apresentando tecnologias de ponta e estrat\u00e9gias avan\u00e7adas para opera\u00e7\u00f5es policiais.<\/p><p>Foram realizados exerc\u00edcios simulados de Busca de Homens Armados em \u00c1rea de Mata utilizando drones como ferramenta de apoio, Protocolos de busca, reconhecimento de terreno e an\u00e1lise t\u00e1tica com ARPs (Aeronaves Remotamente Pilotadas), Reconstru\u00e7\u00e3o 3D de Locais de Crime com Drones, Visualiza\u00e7\u00e3o de Cen\u00e1rios Operacionais com o uso de realidade virtual para an\u00e1lise de cen\u00e1rios e Opera\u00e7\u00f5es com Drone Indoor.<\/p><p>Al\u00e9m dos Pilotos de ARPs da Pol\u00edcia Civil Catarinense participaram integrantes de diversos Estados: Pol\u00edcia Civil, Pol\u00edcia Federal, Receita Federal, Pol\u00edcia Militar, Bombeiros, Pol\u00edcia Penal, Guarda Municipal, Pol\u00edcia Cient\u00edfica, Marinha do Brasil.<\/p><p>A presen\u00e7a dos Policiais Civis Catarinenses refor\u00e7a a import\u00e2ncia da colabora\u00e7\u00e3o interinstitucional e da troca de boas pr\u00e1ticas e tecnologias na seguran\u00e7a p\u00fablica, refor\u00e7ando o compromisso do Estado de Santa Catarina com seguran\u00e7a e a prote\u00e7\u00e3o da popula\u00e7\u00e3o.<\/p>\t\t\t\t\t\t\t\t<\/div>\n\t\t\t\t<\/div>\n\t\t\t\t\t<\/div>\n\t\t<\/div>\n\t\t\t\t\t<\/div>\n\t\t<\/section>\n\t\t\t\t<\/div>\n\t\t","protected":false},"excerpt":{"rendered":"<p>Pol\u00edcia Civil de Santa Catarina participa do 3\u00b0 Drone Policial, em Foz do Igua\u00e7u Policiais Civis do Servi\u00e7o Aeropolicial e da Diretoria Estadual de Investiga\u00e7\u00f5es Criminais (DEIC) est\u00e3o participando do 3\u00ba Drone Policial, maior evento da Am\u00e9rica Latina voltado ao uso de Drones por For\u00e7as Policiais, Busca e Salvamento que ocorre entre os dias 18 [&hellip;]<\/p>\n","protected":false},"author":5,"featured_media":27467,"comment_status":"closed","ping_status":"open","sticky":false,"template":"","format":"standard","meta":{"_monsterinsights_skip_tracking":false,"_monsterinsights_sitenote_active":false,"_monsterinsights_sitenote_note":"","_monsterinsights_sitenote_category":0,"footnotes":""},"categories":[1],"tags":[],"class_list":["post-27466","post","type-post","status-publish","format-standard","has-post-thumbnail","hentry","category-sem-categoria"],"_links":{"self":[{"href":"https:\/\/pc.sc.gov.br\/index.php?rest_route=\/wp\/v2\/posts\/27466","targetHints":{"allow":["GET"]}}],"collection":[{"href":"https:\/\/pc.sc.gov.br\/index.php?rest_route=\/wp\/v2\/posts"}],"about":[{"href":"https:\/\/pc.sc.gov.br\/index.php?rest_route=\/wp\/v2\/types\/post"}],"author":[{"embeddable":true,"href":"https:\/\/pc.sc.gov.br\/index.php?rest_route=\/wp\/v2\/users\/5"}],"replies":[{"embeddable":true,"href":"https:\/\/pc.sc.gov.br\/index.php?rest_route=%2Fwp%2Fv2%2Fcomments&post=27466"}],"version-history":[{"count":4,"href":"https:\/\/pc.sc.gov.br\/index.php?rest_route=\/wp\/v2\/posts\/27466\/revisions"}],"predecessor-version":[{"id":27471,"href":"https:\/\/pc.sc.gov.br\/index.php?rest_route=\/wp\/v2\/posts\/27466\/revisions\/27471"}],"wp:featuredmedia":[{"embeddable":true,"href":"https:\/\/pc.sc.gov.br\/index.php?rest_route=\/wp\/v2\/media\/27467"}],"wp:attachment":[{"href":"https:\/\/pc.sc.gov.br\/index.php?rest_route=%2Fwp%2Fv2%2Fmedia&parent=27466"}],"wp:term":[{"taxonomy":"category","embeddable":true,"href":"https:\/\/pc.sc.gov.br\/index.php?rest_route=%2Fwp%2Fv2%2Fcategories&post=27466"},{"taxonomy":"post_tag","embeddable":true,"href":"https:\/\/pc.sc.gov.br\/index.php?rest_route=%2Fwp%2Fv2%2Ftags&post=27466"}],"curies":[{"name":"wp","href":"https:\/\/api.w.org\/{rel}","templated":true}]}}