{"id":27503,"date":"2025-03-19T13:44:30","date_gmt":"2025-03-19T16:44:30","guid":{"rendered":"https:\/\/pc.sc.gov.br\/?p=27503"},"modified":"2025-03-19T14:13:38","modified_gmt":"2025-03-19T17:13:38","slug":"delegada-ester-coelho-recebe-mocao-de-aplauso-na-alesc-pelo-trabalho-desenvolvido-ao-longo-de-40-anos-de-atividades-na-pcsc","status":"publish","type":"post","link":"https:\/\/pc.sc.gov.br\/?p=27503","title":{"rendered":"Delegada Ester Coelho recebe Mo\u00e7\u00e3o de Aplauso na Alesc pelo trabalho desenvolvido ao longo de 40 anos de atividades na PCSC"},"content":{"rendered":"\t\t<div data-elementor-type=\"wp-post\" data-elementor-id=\"27503\" class=\"elementor elementor-27503\" data-elementor-post-type=\"post\">\n\t\t\t\t\t\t<section class=\"elementor-section elementor-top-section elementor-element elementor-element-27416c2 elementor-section-boxed elementor-section-height-default elementor-section-height-default\" data-id=\"27416c2\" data-element_type=\"section\">\n\t\t\t\t\t\t<div class=\"elementor-container elementor-column-gap-default\">\n\t\t\t\t\t<div class=\"elementor-column elementor-col-100 elementor-top-column elementor-element elementor-element-3ee9651\" data-id=\"3ee9651\" data-element_type=\"column\">\n\t\t\t<div class=\"elementor-widget-wrap elementor-element-populated\">\n\t\t\t\t\t\t<div class=\"elementor-element elementor-element-71d5a5f elementor-widget elementor-widget-heading\" data-id=\"71d5a5f\" data-element_type=\"widget\" data-widget_type=\"heading.default\">\n\t\t\t\t<div class=\"elementor-widget-container\">\n\t\t\t\t\t<h2 class=\"elementor-heading-title elementor-size-default\">Delegada Ester Coelho recebe Mo\u00e7\u00e3o de Aplauso na Alesc pelo trabalho desenvolvido ao longo de 40 anos de atividades na PCSC<\/h2>\t\t\t\t<\/div>\n\t\t\t\t<\/div>\n\t\t\t\t\t<\/div>\n\t\t<\/div>\n\t\t\t\t\t<\/div>\n\t\t<\/section>\n\t\t\t\t<section class=\"elementor-section elementor-top-section elementor-element elementor-element-b5070f0 elementor-section-boxed elementor-section-height-default elementor-section-height-default\" data-id=\"b5070f0\" data-element_type=\"section\">\n\t\t\t\t\t\t<div class=\"elementor-container elementor-column-gap-default\">\n\t\t\t\t\t<div class=\"elementor-column elementor-col-100 elementor-top-column elementor-element elementor-element-3d65939\" data-id=\"3d65939\" data-element_type=\"column\">\n\t\t\t<div class=\"elementor-widget-wrap elementor-element-populated\">\n\t\t\t\t\t\t<div class=\"elementor-element elementor-element-2c641a0 elementor-widget elementor-widget-image\" data-id=\"2c641a0\" data-element_type=\"widget\" data-widget_type=\"image.default\">\n\t\t\t\t<div class=\"elementor-widget-container\">\n\t\t\t\t\t\t\t\t\t\t\t\t\t\t\t<img fetchpriority=\"high\" decoding=\"async\" width=\"696\" height=\"464\" src=\"https:\/\/pc.sc.gov.br\/\/wp-content\/uploads\/2025\/03\/fotonoticia_20250318_MocaoDelEsterCoelho_VMS_0578-1024x683.jpg\" class=\"attachment-large size-large wp-image-27481\" alt=\"\" srcset=\"https:\/\/pc.sc.gov.br\/\/wp-content\/uploads\/2025\/03\/fotonoticia_20250318_MocaoDelEsterCoelho_VMS_0578-1024x683.jpg 1024w, https:\/\/pc.sc.gov.br\/\/wp-content\/uploads\/2025\/03\/fotonoticia_20250318_MocaoDelEsterCoelho_VMS_0578-300x200.jpg 300w, https:\/\/pc.sc.gov.br\/\/wp-content\/uploads\/2025\/03\/fotonoticia_20250318_MocaoDelEsterCoelho_VMS_0578-768x512.jpg 768w, https:\/\/pc.sc.gov.br\/\/wp-content\/uploads\/2025\/03\/fotonoticia_20250318_MocaoDelEsterCoelho_VMS_0578-1536x1024.jpg 1536w, https:\/\/pc.sc.gov.br\/\/wp-content\/uploads\/2025\/03\/fotonoticia_20250318_MocaoDelEsterCoelho_VMS_0578-2048x1365.jpg 2048w\" sizes=\"(max-width: 696px) 100vw, 696px\" \/>\t\t\t\t\t\t\t\t\t\t\t\t\t\t\t<\/div>\n\t\t\t\t<\/div>\n\t\t\t\t\t<\/div>\n\t\t<\/div>\n\t\t\t\t\t<\/div>\n\t\t<\/section>\n\t\t\t\t<section class=\"elementor-section elementor-top-section elementor-element elementor-element-1002e72 elementor-section-boxed elementor-section-height-default elementor-section-height-default\" data-id=\"1002e72\" data-element_type=\"section\">\n\t\t\t\t\t\t<div class=\"elementor-container elementor-column-gap-default\">\n\t\t\t\t\t<div class=\"elementor-column elementor-col-100 elementor-top-column elementor-element elementor-element-cdf55f4\" data-id=\"cdf55f4\" data-element_type=\"column\">\n\t\t\t<div class=\"elementor-widget-wrap elementor-element-populated\">\n\t\t\t\t\t\t<div class=\"elementor-element elementor-element-3c2f19d elementor-widget elementor-widget-text-editor\" data-id=\"3c2f19d\" data-element_type=\"widget\" data-widget_type=\"text-editor.default\">\n\t\t\t\t<div class=\"elementor-widget-container\">\n\t\t\t\t\t\t\t\t\t<p>A Delegada da Pol\u00edcia Civil de Santa Catarina, Ester Fernanda Coelho, recebeu nesta ter\u00e7a-feira (18) Mo\u00e7\u00e3o de Aplauso por iniciativa do deputado Estadual Mauro de Nadal. A homenagem foi marcar os 40 anos na PCSC Catarinense. Ao longo das \u00faltimas quatro d\u00e9cadas, a delegada Ester pautou sua atua\u00e7\u00e3o pela coragem, integridade, justi\u00e7a e compromisso com a prote\u00e7\u00e3o da sociedade, especialmente com as mulheres v\u00edtimas de viol\u00eancia.<\/p>\n<p>Delegada Ester Coelho ingressou na PCSC em 1985 e at\u00e9 o ano de 1995 \u2013 ao longo de 10 anos \u2013 foi&nbsp; a delegada titular da primeira delegacia de pol\u00edcia especializada no atendimento \u00e0 mulher de Santa Catarina. Importante ressaltar que a PCSC foi a segunda institui\u00e7\u00e3o policial a implantar uma unidade voltada ao atendimento da mulher no Brasil, precedida apenas por S\u00e3o Paulo.&nbsp;<\/p>\n<p>Ao longo de 40 anos de servi\u00e7os p\u00fablicos prestados aos catarinenses, a delegada ocupou a titularidade em diversas delegacias na Capital e em S\u00e3o Jos\u00e9. Tamb\u00e9m foi diretora da Acadepol, delegada-geral adjunta, sempre atuando em parceria com a Coordenadoria das Delegacias de Prote\u00e7\u00e3o \u00e0 Crian\u00e7a, ao Adolescente, \u00e0 Mulher e ao Idoso (CDPCAMIs). Atualmente \u00e9 Delegada da DPCAMI da Capital.<\/p>\n<p>Delegada Ester Coelho sempre enfrentou desafios com bravura e se tornou uma refer\u00eancia de lideran\u00e7a e empoderamento, especialmente para as mulheres da PCSC. Sua paix\u00e3o pela profiss\u00e3o e seu incans\u00e1vel trabalho em prol da seguran\u00e7a e bem-estar da sociedade s\u00e3o inspiradores por todos os impactos positivos que a delegada gerou ao longo de sua carreira.<\/p><p>Fotos:&nbsp;<span style=\"color: rgb(51, 51, 51); font-family: Raleway, sans-serif; font-size: 12px; letter-spacing: normal; text-align: start; font-weight: var( --e-global-typography-primary-font-weight );\">Vicente Schmitt \/ Ag\u00eancia AL<\/span><\/p>\t\t\t\t\t\t\t\t<\/div>\n\t\t\t\t<\/div>\n\t\t\t\t\t<\/div>\n\t\t<\/div>\n\t\t\t\t\t<\/div>\n\t\t<\/section>\n\t\t\t\t<section class=\"elementor-section elementor-top-section elementor-element elementor-element-2bfddea elementor-section-boxed elementor-section-height-default elementor-section-height-default\" data-id=\"2bfddea\" data-element_type=\"section\">\n\t\t\t\t\t\t<div class=\"elementor-container elementor-column-gap-default\">\n\t\t\t\t\t<div class=\"elementor-column elementor-col-100 elementor-top-column elementor-element elementor-element-c3fd4b5\" data-id=\"c3fd4b5\" data-element_type=\"column\">\n\t\t\t<div class=\"elementor-widget-wrap elementor-element-populated\">\n\t\t\t\t\t\t<div class=\"elementor-element elementor-element-e70ea78 elementor-widget elementor-widget-gallery\" data-id=\"e70ea78\" data-element_type=\"widget\" data-settings=\"{&quot;lazyload&quot;:&quot;yes&quot;,&quot;gallery_layout&quot;:&quot;grid&quot;,&quot;columns&quot;:4,&quot;columns_tablet&quot;:2,&quot;columns_mobile&quot;:1,&quot;gap&quot;:{&quot;unit&quot;:&quot;px&quot;,&quot;size&quot;:10,&quot;sizes&quot;:[]},&quot;gap_tablet&quot;:{&quot;unit&quot;:&quot;px&quot;,&quot;size&quot;:10,&quot;sizes&quot;:[]},&quot;gap_mobile&quot;:{&quot;unit&quot;:&quot;px&quot;,&quot;size&quot;:10,&quot;sizes&quot;:[]},&quot;link_to&quot;:&quot;file&quot;,&quot;aspect_ratio&quot;:&quot;3:2&quot;,&quot;overlay_background&quot;:&quot;yes&quot;,&quot;content_hover_animation&quot;:&quot;fade-in&quot;}\" data-widget_type=\"gallery.default\">\n\t\t\t\t<div class=\"elementor-widget-container\">\n\t\t\t\t\t\t\t<div class=\"elementor-gallery__container\">\n\t\t\t\t\t\t\t<a class=\"e-gallery-item elementor-gallery-item elementor-animated-content\" href=\"https:\/\/pc.sc.gov.br\/\/wp-content\/uploads\/2025\/03\/fotonoticia_20250318_MocaoDelEsterCoelho_VMS_0469-scaled.jpg\" data-elementor-open-lightbox=\"yes\" data-elementor-lightbox-slideshow=\"e70ea78\" data-elementor-lightbox-title=\"fotonoticia_20250318_MocaoDelEsterCoelho_VMS_0469\" data-e-action-hash=\"#elementor-action%3Aaction%3Dlightbox%26settings%3DeyJpZCI6Mjc0OTgsInVybCI6Imh0dHBzOlwvXC9wYy5zYy5nb3YuYnJcL1wvd3AtY29udGVudFwvdXBsb2Fkc1wvMjAyNVwvMDNcL2ZvdG9ub3RpY2lhXzIwMjUwMzE4X01vY2FvRGVsRXN0ZXJDb2VsaG9fVk1TXzA0Njktc2NhbGVkLmpwZyIsInNsaWRlc2hvdyI6ImU3MGVhNzgifQ%3D%3D\">\n\t\t\t\t\t<div class=\"e-gallery-image elementor-gallery-item__image\" data-thumbnail=\"https:\/\/pc.sc.gov.br\/\/wp-content\/uploads\/2025\/03\/fotonoticia_20250318_MocaoDelEsterCoelho_VMS_0469-300x200.jpg\" data-width=\"300\" data-height=\"200\" aria-label=\"\" role=\"img\" ><\/div>\n\t\t\t\t\t\t\t\t\t\t\t<div class=\"elementor-gallery-item__overlay\"><\/div>\n\t\t\t\t\t\t\t\t\t\t\t\t\t\t<\/a>\n\t\t\t\t\t\t\t<a class=\"e-gallery-item elementor-gallery-item elementor-animated-content\" href=\"https:\/\/pc.sc.gov.br\/\/wp-content\/uploads\/2025\/03\/fotonoticia_20250318_MocaoDelEsterCoelho_VMS_0479-scaled.jpg\" data-elementor-open-lightbox=\"yes\" data-elementor-lightbox-slideshow=\"e70ea78\" data-elementor-lightbox-title=\"fotonoticia_20250318_MocaoDelEsterCoelho_VMS_0479\" data-e-action-hash=\"#elementor-action%3Aaction%3Dlightbox%26settings%3DeyJpZCI6Mjc0OTcsInVybCI6Imh0dHBzOlwvXC9wYy5zYy5nb3YuYnJcL1wvd3AtY29udGVudFwvdXBsb2Fkc1wvMjAyNVwvMDNcL2ZvdG9ub3RpY2lhXzIwMjUwMzE4X01vY2FvRGVsRXN0ZXJDb2VsaG9fVk1TXzA0Nzktc2NhbGVkLmpwZyIsInNsaWRlc2hvdyI6ImU3MGVhNzgifQ%3D%3D\">\n\t\t\t\t\t<div class=\"e-gallery-image elementor-gallery-item__image\" data-thumbnail=\"https:\/\/pc.sc.gov.br\/\/wp-content\/uploads\/2025\/03\/fotonoticia_20250318_MocaoDelEsterCoelho_VMS_0479-300x200.jpg\" data-width=\"300\" data-height=\"200\" aria-label=\"\" role=\"img\" ><\/div>\n\t\t\t\t\t\t\t\t\t\t\t<div class=\"elementor-gallery-item__overlay\"><\/div>\n\t\t\t\t\t\t\t\t\t\t\t\t\t\t<\/a>\n\t\t\t\t\t\t\t<a class=\"e-gallery-item elementor-gallery-item elementor-animated-content\" href=\"https:\/\/pc.sc.gov.br\/\/wp-content\/uploads\/2025\/03\/fotonoticia_20250318_MocaoDelEsterCoelho_VMS_0541-scaled.jpg\" data-elementor-open-lightbox=\"yes\" data-elementor-lightbox-slideshow=\"e70ea78\" data-elementor-lightbox-title=\"fotonoticia_20250318_MocaoDelEsterCoelho_VMS_0541\" data-e-action-hash=\"#elementor-action%3Aaction%3Dlightbox%26settings%3DeyJpZCI6Mjc0OTYsInVybCI6Imh0dHBzOlwvXC9wYy5zYy5nb3YuYnJcL1wvd3AtY29udGVudFwvdXBsb2Fkc1wvMjAyNVwvMDNcL2ZvdG9ub3RpY2lhXzIwMjUwMzE4X01vY2FvRGVsRXN0ZXJDb2VsaG9fVk1TXzA1NDEtc2NhbGVkLmpwZyIsInNsaWRlc2hvdyI6ImU3MGVhNzgifQ%3D%3D\">\n\t\t\t\t\t<div class=\"e-gallery-image elementor-gallery-item__image\" data-thumbnail=\"https:\/\/pc.sc.gov.br\/\/wp-content\/uploads\/2025\/03\/fotonoticia_20250318_MocaoDelEsterCoelho_VMS_0541-300x200.jpg\" data-width=\"300\" data-height=\"200\" aria-label=\"\" role=\"img\" ><\/div>\n\t\t\t\t\t\t\t\t\t\t\t<div class=\"elementor-gallery-item__overlay\"><\/div>\n\t\t\t\t\t\t\t\t\t\t\t\t\t\t<\/a>\n\t\t\t\t\t\t\t<a class=\"e-gallery-item elementor-gallery-item elementor-animated-content\" href=\"https:\/\/pc.sc.gov.br\/\/wp-content\/uploads\/2025\/03\/fotonoticia_20250318_MocaoDelEsterCoelho_VMS_0544-scaled.jpg\" data-elementor-open-lightbox=\"yes\" data-elementor-lightbox-slideshow=\"e70ea78\" data-elementor-lightbox-title=\"fotonoticia_20250318_MocaoDelEsterCoelho_VMS_0544\" data-e-action-hash=\"#elementor-action%3Aaction%3Dlightbox%26settings%3DeyJpZCI6Mjc0OTUsInVybCI6Imh0dHBzOlwvXC9wYy5zYy5nb3YuYnJcL1wvd3AtY29udGVudFwvdXBsb2Fkc1wvMjAyNVwvMDNcL2ZvdG9ub3RpY2lhXzIwMjUwMzE4X01vY2FvRGVsRXN0ZXJDb2VsaG9fVk1TXzA1NDQtc2NhbGVkLmpwZyIsInNsaWRlc2hvdyI6ImU3MGVhNzgifQ%3D%3D\">\n\t\t\t\t\t<div class=\"e-gallery-image elementor-gallery-item__image\" data-thumbnail=\"https:\/\/pc.sc.gov.br\/\/wp-content\/uploads\/2025\/03\/fotonoticia_20250318_MocaoDelEsterCoelho_VMS_0544-300x200.jpg\" data-width=\"300\" data-height=\"200\" aria-label=\"\" role=\"img\" ><\/div>\n\t\t\t\t\t\t\t\t\t\t\t<div class=\"elementor-gallery-item__overlay\"><\/div>\n\t\t\t\t\t\t\t\t\t\t\t\t\t\t<\/a>\n\t\t\t\t\t\t\t<a class=\"e-gallery-item elementor-gallery-item elementor-animated-content\" href=\"https:\/\/pc.sc.gov.br\/\/wp-content\/uploads\/2025\/03\/fotonoticia_20250318_MocaoDelEsterCoelho_VMS_0548-scaled.jpg\" data-elementor-open-lightbox=\"yes\" data-elementor-lightbox-slideshow=\"e70ea78\" data-elementor-lightbox-title=\"fotonoticia_20250318_MocaoDelEsterCoelho_VMS_0548\" data-e-action-hash=\"#elementor-action%3Aaction%3Dlightbox%26settings%3DeyJpZCI6Mjc0OTQsInVybCI6Imh0dHBzOlwvXC9wYy5zYy5nb3YuYnJcL1wvd3AtY29udGVudFwvdXBsb2Fkc1wvMjAyNVwvMDNcL2ZvdG9ub3RpY2lhXzIwMjUwMzE4X01vY2FvRGVsRXN0ZXJDb2VsaG9fVk1TXzA1NDgtc2NhbGVkLmpwZyIsInNsaWRlc2hvdyI6ImU3MGVhNzgifQ%3D%3D\">\n\t\t\t\t\t<div class=\"e-gallery-image elementor-gallery-item__image\" data-thumbnail=\"https:\/\/pc.sc.gov.br\/\/wp-content\/uploads\/2025\/03\/fotonoticia_20250318_MocaoDelEsterCoelho_VMS_0548-300x200.jpg\" data-width=\"300\" data-height=\"200\" aria-label=\"\" role=\"img\" ><\/div>\n\t\t\t\t\t\t\t\t\t\t\t<div class=\"elementor-gallery-item__overlay\"><\/div>\n\t\t\t\t\t\t\t\t\t\t\t\t\t\t<\/a>\n\t\t\t\t\t\t\t<a class=\"e-gallery-item elementor-gallery-item elementor-animated-content\" href=\"https:\/\/pc.sc.gov.br\/\/wp-content\/uploads\/2025\/03\/fotonoticia_20250318_MocaoDelEsterCoelho_VMS_0556-scaled.jpg\" data-elementor-open-lightbox=\"yes\" data-elementor-lightbox-slideshow=\"e70ea78\" data-elementor-lightbox-title=\"fotonoticia_20250318_MocaoDelEsterCoelho_VMS_0556\" data-e-action-hash=\"#elementor-action%3Aaction%3Dlightbox%26settings%3DeyJpZCI6Mjc0OTMsInVybCI6Imh0dHBzOlwvXC9wYy5zYy5nb3YuYnJcL1wvd3AtY29udGVudFwvdXBsb2Fkc1wvMjAyNVwvMDNcL2ZvdG9ub3RpY2lhXzIwMjUwMzE4X01vY2FvRGVsRXN0ZXJDb2VsaG9fVk1TXzA1NTYtc2NhbGVkLmpwZyIsInNsaWRlc2hvdyI6ImU3MGVhNzgifQ%3D%3D\">\n\t\t\t\t\t<div class=\"e-gallery-image elementor-gallery-item__image\" data-thumbnail=\"https:\/\/pc.sc.gov.br\/\/wp-content\/uploads\/2025\/03\/fotonoticia_20250318_MocaoDelEsterCoelho_VMS_0556-300x200.jpg\" data-width=\"300\" data-height=\"200\" aria-label=\"\" role=\"img\" ><\/div>\n\t\t\t\t\t\t\t\t\t\t\t<div class=\"elementor-gallery-item__overlay\"><\/div>\n\t\t\t\t\t\t\t\t\t\t\t\t\t\t<\/a>\n\t\t\t\t\t\t\t<a class=\"e-gallery-item elementor-gallery-item elementor-animated-content\" href=\"https:\/\/pc.sc.gov.br\/\/wp-content\/uploads\/2025\/03\/fotonoticia_20250318_MocaoDelEsterCoelho_VMS_0582-scaled.jpg\" data-elementor-open-lightbox=\"yes\" data-elementor-lightbox-slideshow=\"e70ea78\" data-elementor-lightbox-title=\"fotonoticia_20250318_MocaoDelEsterCoelho_VMS_0582\" data-e-action-hash=\"#elementor-action%3Aaction%3Dlightbox%26settings%3DeyJpZCI6Mjc0ODcsInVybCI6Imh0dHBzOlwvXC9wYy5zYy5nb3YuYnJcL1wvd3AtY29udGVudFwvdXBsb2Fkc1wvMjAyNVwvMDNcL2ZvdG9ub3RpY2lhXzIwMjUwMzE4X01vY2FvRGVsRXN0ZXJDb2VsaG9fVk1TXzA1ODItc2NhbGVkLmpwZyIsInNsaWRlc2hvdyI6ImU3MGVhNzgifQ%3D%3D\">\n\t\t\t\t\t<div class=\"e-gallery-image elementor-gallery-item__image\" data-thumbnail=\"https:\/\/pc.sc.gov.br\/\/wp-content\/uploads\/2025\/03\/fotonoticia_20250318_MocaoDelEsterCoelho_VMS_0582-300x200.jpg\" data-width=\"300\" data-height=\"200\" aria-label=\"\" role=\"img\" ><\/div>\n\t\t\t\t\t\t\t\t\t\t\t<div class=\"elementor-gallery-item__overlay\"><\/div>\n\t\t\t\t\t\t\t\t\t\t\t\t\t\t<\/a>\n\t\t\t\t\t\t\t<a class=\"e-gallery-item elementor-gallery-item elementor-animated-content\" href=\"https:\/\/pc.sc.gov.br\/\/wp-content\/uploads\/2025\/03\/fotonoticia_20250318_MocaoDelEsterCoelho_VMS_0578-1-scaled.jpg\" data-elementor-open-lightbox=\"yes\" data-elementor-lightbox-slideshow=\"e70ea78\" data-elementor-lightbox-title=\"fotonoticia_20250318_MocaoDelEsterCoelho_VMS_0578\" data-e-action-hash=\"#elementor-action%3Aaction%3Dlightbox%26settings%3DeyJpZCI6Mjc0ODgsInVybCI6Imh0dHBzOlwvXC9wYy5zYy5nb3YuYnJcL1wvd3AtY29udGVudFwvdXBsb2Fkc1wvMjAyNVwvMDNcL2ZvdG9ub3RpY2lhXzIwMjUwMzE4X01vY2FvRGVsRXN0ZXJDb2VsaG9fVk1TXzA1NzgtMS1zY2FsZWQuanBnIiwic2xpZGVzaG93IjoiZTcwZWE3OCJ9\">\n\t\t\t\t\t<div class=\"e-gallery-image elementor-gallery-item__image\" data-thumbnail=\"https:\/\/pc.sc.gov.br\/\/wp-content\/uploads\/2025\/03\/fotonoticia_20250318_MocaoDelEsterCoelho_VMS_0578-1-300x200.jpg\" data-width=\"300\" data-height=\"200\" aria-label=\"\" role=\"img\" ><\/div>\n\t\t\t\t\t\t\t\t\t\t\t<div class=\"elementor-gallery-item__overlay\"><\/div>\n\t\t\t\t\t\t\t\t\t\t\t\t\t\t<\/a>\n\t\t\t\t\t\t\t<a class=\"e-gallery-item elementor-gallery-item elementor-animated-content\" href=\"https:\/\/pc.sc.gov.br\/\/wp-content\/uploads\/2025\/03\/fotonoticia_20250318_MocaoDelEsterCoelho_VMS_0573-scaled.jpg\" data-elementor-open-lightbox=\"yes\" data-elementor-lightbox-slideshow=\"e70ea78\" data-elementor-lightbox-title=\"fotonoticia_20250318_MocaoDelEsterCoelho_VMS_0573\" data-e-action-hash=\"#elementor-action%3Aaction%3Dlightbox%26settings%3DeyJpZCI6Mjc0ODksInVybCI6Imh0dHBzOlwvXC9wYy5zYy5nb3YuYnJcL1wvd3AtY29udGVudFwvdXBsb2Fkc1wvMjAyNVwvMDNcL2ZvdG9ub3RpY2lhXzIwMjUwMzE4X01vY2FvRGVsRXN0ZXJDb2VsaG9fVk1TXzA1NzMtc2NhbGVkLmpwZyIsInNsaWRlc2hvdyI6ImU3MGVhNzgifQ%3D%3D\">\n\t\t\t\t\t<div class=\"e-gallery-image elementor-gallery-item__image\" data-thumbnail=\"https:\/\/pc.sc.gov.br\/\/wp-content\/uploads\/2025\/03\/fotonoticia_20250318_MocaoDelEsterCoelho_VMS_0573-300x200.jpg\" data-width=\"300\" data-height=\"200\" aria-label=\"\" role=\"img\" ><\/div>\n\t\t\t\t\t\t\t\t\t\t\t<div class=\"elementor-gallery-item__overlay\"><\/div>\n\t\t\t\t\t\t\t\t\t\t\t\t\t\t<\/a>\n\t\t\t\t\t\t\t<a class=\"e-gallery-item elementor-gallery-item elementor-animated-content\" href=\"https:\/\/pc.sc.gov.br\/\/wp-content\/uploads\/2025\/03\/fotonoticia_20250318_MocaoDelEsterCoelho_VMS_0570-scaled.jpg\" data-elementor-open-lightbox=\"yes\" data-elementor-lightbox-slideshow=\"e70ea78\" data-elementor-lightbox-title=\"fotonoticia_20250318_MocaoDelEsterCoelho_VMS_0570\" data-e-action-hash=\"#elementor-action%3Aaction%3Dlightbox%26settings%3DeyJpZCI6Mjc0OTAsInVybCI6Imh0dHBzOlwvXC9wYy5zYy5nb3YuYnJcL1wvd3AtY29udGVudFwvdXBsb2Fkc1wvMjAyNVwvMDNcL2ZvdG9ub3RpY2lhXzIwMjUwMzE4X01vY2FvRGVsRXN0ZXJDb2VsaG9fVk1TXzA1NzAtc2NhbGVkLmpwZyIsInNsaWRlc2hvdyI6ImU3MGVhNzgifQ%3D%3D\">\n\t\t\t\t\t<div class=\"e-gallery-image elementor-gallery-item__image\" data-thumbnail=\"https:\/\/pc.sc.gov.br\/\/wp-content\/uploads\/2025\/03\/fotonoticia_20250318_MocaoDelEsterCoelho_VMS_0570-300x200.jpg\" data-width=\"300\" data-height=\"200\" aria-label=\"\" role=\"img\" ><\/div>\n\t\t\t\t\t\t\t\t\t\t\t<div class=\"elementor-gallery-item__overlay\"><\/div>\n\t\t\t\t\t\t\t\t\t\t\t\t\t\t<\/a>\n\t\t\t\t\t\t\t<a class=\"e-gallery-item elementor-gallery-item elementor-animated-content\" href=\"https:\/\/pc.sc.gov.br\/\/wp-content\/uploads\/2025\/03\/fotonoticia_20250318_MocaoDelEsterCoelho_VMS_0560-scaled.jpg\" data-elementor-open-lightbox=\"yes\" data-elementor-lightbox-slideshow=\"e70ea78\" data-elementor-lightbox-title=\"fotonoticia_20250318_MocaoDelEsterCoelho_VMS_0560\" data-e-action-hash=\"#elementor-action%3Aaction%3Dlightbox%26settings%3DeyJpZCI6Mjc0OTEsInVybCI6Imh0dHBzOlwvXC9wYy5zYy5nb3YuYnJcL1wvd3AtY29udGVudFwvdXBsb2Fkc1wvMjAyNVwvMDNcL2ZvdG9ub3RpY2lhXzIwMjUwMzE4X01vY2FvRGVsRXN0ZXJDb2VsaG9fVk1TXzA1NjAtc2NhbGVkLmpwZyIsInNsaWRlc2hvdyI6ImU3MGVhNzgifQ%3D%3D\">\n\t\t\t\t\t<div class=\"e-gallery-image elementor-gallery-item__image\" data-thumbnail=\"https:\/\/pc.sc.gov.br\/\/wp-content\/uploads\/2025\/03\/fotonoticia_20250318_MocaoDelEsterCoelho_VMS_0560-300x200.jpg\" data-width=\"300\" data-height=\"200\" aria-label=\"\" role=\"img\" ><\/div>\n\t\t\t\t\t\t\t\t\t\t\t<div class=\"elementor-gallery-item__overlay\"><\/div>\n\t\t\t\t\t\t\t\t\t\t\t\t\t\t<\/a>\n\t\t\t\t\t\t\t<a class=\"e-gallery-item elementor-gallery-item elementor-animated-content\" href=\"https:\/\/pc.sc.gov.br\/\/wp-content\/uploads\/2025\/03\/fotonoticia_20250318_MocaoDelEsterCoelho_VMS_0410-scaled.jpg\" data-elementor-open-lightbox=\"yes\" data-elementor-lightbox-slideshow=\"e70ea78\" data-elementor-lightbox-title=\"fotonoticia_20250318_MocaoDelEsterCoelho_VMS_0410\" data-e-action-hash=\"#elementor-action%3Aaction%3Dlightbox%26settings%3DeyJpZCI6Mjc0OTIsInVybCI6Imh0dHBzOlwvXC9wYy5zYy5nb3YuYnJcL1wvd3AtY29udGVudFwvdXBsb2Fkc1wvMjAyNVwvMDNcL2ZvdG9ub3RpY2lhXzIwMjUwMzE4X01vY2FvRGVsRXN0ZXJDb2VsaG9fVk1TXzA0MTAtc2NhbGVkLmpwZyIsInNsaWRlc2hvdyI6ImU3MGVhNzgifQ%3D%3D\">\n\t\t\t\t\t<div class=\"e-gallery-image elementor-gallery-item__image\" data-thumbnail=\"https:\/\/pc.sc.gov.br\/\/wp-content\/uploads\/2025\/03\/fotonoticia_20250318_MocaoDelEsterCoelho_VMS_0410-300x200.jpg\" data-width=\"300\" data-height=\"200\" aria-label=\"\" role=\"img\" ><\/div>\n\t\t\t\t\t\t\t\t\t\t\t<div class=\"elementor-gallery-item__overlay\"><\/div>\n\t\t\t\t\t\t\t\t\t\t\t\t\t\t<\/a>\n\t\t\t\t\t\t\t<a class=\"e-gallery-item elementor-gallery-item elementor-animated-content\" href=\"https:\/\/pc.sc.gov.br\/\/wp-content\/uploads\/2025\/03\/fotonoticia_20250318_MocaoDelEsterCoelho_VMS_0589-scaled.jpg\" data-elementor-open-lightbox=\"yes\" data-elementor-lightbox-slideshow=\"e70ea78\" data-elementor-lightbox-title=\"fotonoticia_20250318_MocaoDelEsterCoelho_VMS_0589\" data-e-action-hash=\"#elementor-action%3Aaction%3Dlightbox%26settings%3DeyJpZCI6Mjc0ODYsInVybCI6Imh0dHBzOlwvXC9wYy5zYy5nb3YuYnJcL1wvd3AtY29udGVudFwvdXBsb2Fkc1wvMjAyNVwvMDNcL2ZvdG9ub3RpY2lhXzIwMjUwMzE4X01vY2FvRGVsRXN0ZXJDb2VsaG9fVk1TXzA1ODktc2NhbGVkLmpwZyIsInNsaWRlc2hvdyI6ImU3MGVhNzgifQ%3D%3D\">\n\t\t\t\t\t<div class=\"e-gallery-image elementor-gallery-item__image\" data-thumbnail=\"https:\/\/pc.sc.gov.br\/\/wp-content\/uploads\/2025\/03\/fotonoticia_20250318_MocaoDelEsterCoelho_VMS_0589-300x200.jpg\" data-width=\"300\" data-height=\"200\" aria-label=\"\" role=\"img\" ><\/div>\n\t\t\t\t\t\t\t\t\t\t\t<div class=\"elementor-gallery-item__overlay\"><\/div>\n\t\t\t\t\t\t\t\t\t\t\t\t\t\t<\/a>\n\t\t\t\t\t\t\t<a class=\"e-gallery-item elementor-gallery-item elementor-animated-content\" href=\"https:\/\/pc.sc.gov.br\/\/wp-content\/uploads\/2025\/03\/fotonoticia_20250318_MocaoDelEsterCoelho_VMS_0594-scaled.jpg\" data-elementor-open-lightbox=\"yes\" data-elementor-lightbox-slideshow=\"e70ea78\" data-elementor-lightbox-title=\"fotonoticia_20250318_MocaoDelEsterCoelho_VMS_0594\" data-e-action-hash=\"#elementor-action%3Aaction%3Dlightbox%26settings%3DeyJpZCI6Mjc0ODUsInVybCI6Imh0dHBzOlwvXC9wYy5zYy5nb3YuYnJcL1wvd3AtY29udGVudFwvdXBsb2Fkc1wvMjAyNVwvMDNcL2ZvdG9ub3RpY2lhXzIwMjUwMzE4X01vY2FvRGVsRXN0ZXJDb2VsaG9fVk1TXzA1OTQtc2NhbGVkLmpwZyIsInNsaWRlc2hvdyI6ImU3MGVhNzgifQ%3D%3D\">\n\t\t\t\t\t<div class=\"e-gallery-image elementor-gallery-item__image\" data-thumbnail=\"https:\/\/pc.sc.gov.br\/\/wp-content\/uploads\/2025\/03\/fotonoticia_20250318_MocaoDelEsterCoelho_VMS_0594-300x200.jpg\" data-width=\"300\" data-height=\"200\" aria-label=\"\" role=\"img\" ><\/div>\n\t\t\t\t\t\t\t\t\t\t\t<div class=\"elementor-gallery-item__overlay\"><\/div>\n\t\t\t\t\t\t\t\t\t\t\t\t\t\t<\/a>\n\t\t\t\t\t\t\t<a class=\"e-gallery-item elementor-gallery-item elementor-animated-content\" href=\"https:\/\/pc.sc.gov.br\/\/wp-content\/uploads\/2025\/03\/fotonoticia_20250318_MocaoDelEsterCoelho_VMS_0602-scaled.jpg\" data-elementor-open-lightbox=\"yes\" data-elementor-lightbox-slideshow=\"e70ea78\" data-elementor-lightbox-title=\"fotonoticia_20250318_MocaoDelEsterCoelho_VMS_0602\" data-e-action-hash=\"#elementor-action%3Aaction%3Dlightbox%26settings%3DeyJpZCI6Mjc0ODQsInVybCI6Imh0dHBzOlwvXC9wYy5zYy5nb3YuYnJcL1wvd3AtY29udGVudFwvdXBsb2Fkc1wvMjAyNVwvMDNcL2ZvdG9ub3RpY2lhXzIwMjUwMzE4X01vY2FvRGVsRXN0ZXJDb2VsaG9fVk1TXzA2MDItc2NhbGVkLmpwZyIsInNsaWRlc2hvdyI6ImU3MGVhNzgifQ%3D%3D\">\n\t\t\t\t\t<div class=\"e-gallery-image elementor-gallery-item__image\" data-thumbnail=\"https:\/\/pc.sc.gov.br\/\/wp-content\/uploads\/2025\/03\/fotonoticia_20250318_MocaoDelEsterCoelho_VMS_0602-300x200.jpg\" data-width=\"300\" data-height=\"200\" aria-label=\"\" role=\"img\" ><\/div>\n\t\t\t\t\t\t\t\t\t\t\t<div class=\"elementor-gallery-item__overlay\"><\/div>\n\t\t\t\t\t\t\t\t\t\t\t\t\t\t<\/a>\n\t\t\t\t\t\t\t<a class=\"e-gallery-item elementor-gallery-item elementor-animated-content\" href=\"https:\/\/pc.sc.gov.br\/\/wp-content\/uploads\/2025\/03\/fotonoticia_20250318_MocaoDelEsterCoelho_VMS_0605-scaled.jpg\" data-elementor-open-lightbox=\"yes\" data-elementor-lightbox-slideshow=\"e70ea78\" data-elementor-lightbox-title=\"fotonoticia_20250318_MocaoDelEsterCoelho_VMS_0605\" data-e-action-hash=\"#elementor-action%3Aaction%3Dlightbox%26settings%3DeyJpZCI6Mjc0ODMsInVybCI6Imh0dHBzOlwvXC9wYy5zYy5nb3YuYnJcL1wvd3AtY29udGVudFwvdXBsb2Fkc1wvMjAyNVwvMDNcL2ZvdG9ub3RpY2lhXzIwMjUwMzE4X01vY2FvRGVsRXN0ZXJDb2VsaG9fVk1TXzA2MDUtc2NhbGVkLmpwZyIsInNsaWRlc2hvdyI6ImU3MGVhNzgifQ%3D%3D\">\n\t\t\t\t\t<div class=\"e-gallery-image elementor-gallery-item__image\" data-thumbnail=\"https:\/\/pc.sc.gov.br\/\/wp-content\/uploads\/2025\/03\/fotonoticia_20250318_MocaoDelEsterCoelho_VMS_0605-300x200.jpg\" data-width=\"300\" data-height=\"200\" aria-label=\"\" role=\"img\" ><\/div>\n\t\t\t\t\t\t\t\t\t\t\t<div class=\"elementor-gallery-item__overlay\"><\/div>\n\t\t\t\t\t\t\t\t\t\t\t\t\t\t<\/a>\n\t\t\t\t\t<\/div>\n\t\t\t\t\t<\/div>\n\t\t\t\t<\/div>\n\t\t\t\t\t<\/div>\n\t\t<\/div>\n\t\t\t\t\t<\/div>\n\t\t<\/section>\n\t\t\t\t<\/div>\n\t\t","protected":false},"excerpt":{"rendered":"<p>Delegada Ester Coelho recebe Mo\u00e7\u00e3o de Aplauso na Alesc pelo trabalho desenvolvido ao longo de 40 anos de atividades na PCSC A Delegada da Pol\u00edcia Civil de Santa Catarina, Ester Fernanda Coelho, recebeu nesta ter\u00e7a-feira (18) Mo\u00e7\u00e3o de Aplauso por iniciativa do deputado Estadual Mauro de Nadal. A homenagem foi marcar os 40 anos na [&hellip;]<\/p>\n","protected":false},"author":5,"featured_media":27479,"comment_status":"closed","ping_status":"open","sticky":false,"template":"","format":"standard","meta":{"_monsterinsights_skip_tracking":false,"_monsterinsights_sitenote_active":false,"_monsterinsights_sitenote_note":"","_monsterinsights_sitenote_category":0,"footnotes":""},"categories":[1],"tags":[],"class_list":["post-27503","post","type-post","status-publish","format-standard","has-post-thumbnail","hentry","category-sem-categoria"],"_links":{"self":[{"href":"https:\/\/pc.sc.gov.br\/index.php?rest_route=\/wp\/v2\/posts\/27503","targetHints":{"allow":["GET"]}}],"collection":[{"href":"https:\/\/pc.sc.gov.br\/index.php?rest_route=\/wp\/v2\/posts"}],"about":[{"href":"https:\/\/pc.sc.gov.br\/index.php?rest_route=\/wp\/v2\/types\/post"}],"author":[{"embeddable":true,"href":"https:\/\/pc.sc.gov.br\/index.php?rest_route=\/wp\/v2\/users\/5"}],"replies":[{"embeddable":true,"href":"https:\/\/pc.sc.gov.br\/index.php?rest_route=%2Fwp%2Fv2%2Fcomments&post=27503"}],"version-history":[{"count":7,"href":"https:\/\/pc.sc.gov.br\/index.php?rest_route=\/wp\/v2\/posts\/27503\/revisions"}],"predecessor-version":[{"id":27516,"href":"https:\/\/pc.sc.gov.br\/index.php?rest_route=\/wp\/v2\/posts\/27503\/revisions\/27516"}],"wp:featuredmedia":[{"embeddable":true,"href":"https:\/\/pc.sc.gov.br\/index.php?rest_route=\/wp\/v2\/media\/27479"}],"wp:attachment":[{"href":"https:\/\/pc.sc.gov.br\/index.php?rest_route=%2Fwp%2Fv2%2Fmedia&parent=27503"}],"wp:term":[{"taxonomy":"category","embeddable":true,"href":"https:\/\/pc.sc.gov.br\/index.php?rest_route=%2Fwp%2Fv2%2Fcategories&post=27503"},{"taxonomy":"post_tag","embeddable":true,"href":"https:\/\/pc.sc.gov.br\/index.php?rest_route=%2Fwp%2Fv2%2Ftags&post=27503"}],"curies":[{"name":"wp","href":"https:\/\/api.w.org\/{rel}","templated":true}]}}