{"id":27508,"date":"2025-03-19T13:53:29","date_gmt":"2025-03-19T16:53:29","guid":{"rendered":"https:\/\/pc.sc.gov.br\/?p=27508"},"modified":"2025-03-19T13:54:54","modified_gmt":"2025-03-19T16:54:54","slug":"em-imbituba-pcsc-captura-condenado-por-crimes-de-homicidio-e-porte-de-arma","status":"publish","type":"post","link":"https:\/\/pc.sc.gov.br\/?p=27508","title":{"rendered":"Em Imbituba, PCSC captura condenado por crimes de homic\u00eddio e porte ilegal de arma"},"content":{"rendered":"\t\t<div data-elementor-type=\"wp-post\" data-elementor-id=\"27508\" class=\"elementor elementor-27508\" data-elementor-post-type=\"post\">\n\t\t\t\t\t\t<section class=\"elementor-section elementor-top-section elementor-element elementor-element-6d2d8e6 elementor-section-boxed elementor-section-height-default elementor-section-height-default\" data-id=\"6d2d8e6\" data-element_type=\"section\">\n\t\t\t\t\t\t<div class=\"elementor-container elementor-column-gap-default\">\n\t\t\t\t\t<div class=\"elementor-column elementor-col-100 elementor-top-column elementor-element elementor-element-be88d24\" data-id=\"be88d24\" data-element_type=\"column\">\n\t\t\t<div class=\"elementor-widget-wrap elementor-element-populated\">\n\t\t\t\t\t\t<div class=\"elementor-element elementor-element-f813b61 elementor-widget elementor-widget-heading\" data-id=\"f813b61\" data-element_type=\"widget\" data-widget_type=\"heading.default\">\n\t\t\t\t<div class=\"elementor-widget-container\">\n\t\t\t\t\t<h2 class=\"elementor-heading-title elementor-size-default\">Em Imbituba, PCSC captura condenado por crimes de homic\u00eddio e porte ilegal de arma<\/h2>\t\t\t\t<\/div>\n\t\t\t\t<\/div>\n\t\t\t\t\t<\/div>\n\t\t<\/div>\n\t\t\t\t\t<\/div>\n\t\t<\/section>\n\t\t\t\t<section class=\"elementor-section elementor-top-section elementor-element elementor-element-0fdb87f elementor-section-boxed elementor-section-height-default elementor-section-height-default\" data-id=\"0fdb87f\" data-element_type=\"section\">\n\t\t\t\t\t\t<div class=\"elementor-container elementor-column-gap-default\">\n\t\t\t\t\t<div class=\"elementor-column elementor-col-100 elementor-top-column elementor-element elementor-element-63afa2c\" data-id=\"63afa2c\" data-element_type=\"column\">\n\t\t\t<div class=\"elementor-widget-wrap elementor-element-populated\">\n\t\t\t\t\t\t<div class=\"elementor-element elementor-element-597fffb elementor-widget elementor-widget-image\" data-id=\"597fffb\" data-element_type=\"widget\" data-widget_type=\"image.default\">\n\t\t\t\t<div class=\"elementor-widget-container\">\n\t\t\t\t\t\t\t\t\t\t\t\t\t\t\t<img fetchpriority=\"high\" decoding=\"async\" width=\"696\" height=\"464\" src=\"https:\/\/pc.sc.gov.br\/\/wp-content\/uploads\/2025\/03\/MOTEL-INTERDITADO-fotor-20250114173939.jpg\" class=\"attachment-large size-large wp-image-27408\" alt=\"\" srcset=\"https:\/\/pc.sc.gov.br\/\/wp-content\/uploads\/2025\/03\/MOTEL-INTERDITADO-fotor-20250114173939.jpg 809w, https:\/\/pc.sc.gov.br\/\/wp-content\/uploads\/2025\/03\/MOTEL-INTERDITADO-fotor-20250114173939-300x200.jpg 300w, https:\/\/pc.sc.gov.br\/\/wp-content\/uploads\/2025\/03\/MOTEL-INTERDITADO-fotor-20250114173939-768x512.jpg 768w\" sizes=\"(max-width: 696px) 100vw, 696px\" \/>\t\t\t\t\t\t\t\t\t\t\t\t\t\t\t<\/div>\n\t\t\t\t<\/div>\n\t\t\t\t\t<\/div>\n\t\t<\/div>\n\t\t\t\t\t<\/div>\n\t\t<\/section>\n\t\t\t\t<section class=\"elementor-section elementor-top-section elementor-element elementor-element-a7e40ae elementor-section-boxed elementor-section-height-default elementor-section-height-default\" data-id=\"a7e40ae\" data-element_type=\"section\">\n\t\t\t\t\t\t<div class=\"elementor-container elementor-column-gap-default\">\n\t\t\t\t\t<div class=\"elementor-column elementor-col-100 elementor-top-column elementor-element elementor-element-c69187a\" data-id=\"c69187a\" data-element_type=\"column\">\n\t\t\t<div class=\"elementor-widget-wrap elementor-element-populated\">\n\t\t\t\t\t\t<div class=\"elementor-element elementor-element-2262ef2 elementor-widget elementor-widget-text-editor\" data-id=\"2262ef2\" data-element_type=\"widget\" data-widget_type=\"text-editor.default\">\n\t\t\t\t<div class=\"elementor-widget-container\">\n\t\t\t\t\t\t\t\t\t<p>A Pol\u00edcia Civil de Santa Catarina, por meio da Delegacia de Pol\u00edcia de Imbituba capturou nesta ter\u00e7a-feira (18) um homem condenado pela justi\u00e7a ga\u00facha a uma pena de pena de 8 anos e 8 meses, em regime fechado, pela pr\u00e1tica dos crimes de homic\u00eddio e porte ilegal de arma.<\/p><p>O mandado de pris\u00e3o foi expedido em 17\/04\/2019 e o preso encontrava-se foragido da Justi\u00e7a Ga\u00facha desde ent\u00e3o. O preso foi capturado ap\u00f3s dilig\u00eancias de investiga\u00e7\u00e3o que culminaram na sua localiza\u00e7\u00e3o, em Garopaba. Ap\u00f3s os tr\u00e2mites legais, o condenado foi encaminhado ao sistema prisional e permanece \u00e0 disposi\u00e7\u00e3o do Poder Judici\u00e1rio.<\/p>\t\t\t\t\t\t\t\t<\/div>\n\t\t\t\t<\/div>\n\t\t\t\t\t<\/div>\n\t\t<\/div>\n\t\t\t\t\t<\/div>\n\t\t<\/section>\n\t\t\t\t<\/div>\n\t\t","protected":false},"excerpt":{"rendered":"<p>Em Imbituba, PCSC captura condenado por crimes de homic\u00eddio e porte ilegal de arma A Pol\u00edcia Civil de Santa Catarina, por meio da Delegacia de Pol\u00edcia de Imbituba capturou nesta ter\u00e7a-feira (18) um homem condenado pela justi\u00e7a ga\u00facha a uma pena de pena de 8 anos e 8 meses, em regime fechado, pela pr\u00e1tica dos [&hellip;]<\/p>\n","protected":false},"author":5,"featured_media":27190,"comment_status":"closed","ping_status":"open","sticky":false,"template":"","format":"standard","meta":{"_monsterinsights_skip_tracking":false,"_monsterinsights_sitenote_active":false,"_monsterinsights_sitenote_note":"","_monsterinsights_sitenote_category":0,"footnotes":""},"categories":[1],"tags":[],"class_list":["post-27508","post","type-post","status-publish","format-standard","has-post-thumbnail","hentry","category-sem-categoria"],"_links":{"self":[{"href":"https:\/\/pc.sc.gov.br\/index.php?rest_route=\/wp\/v2\/posts\/27508","targetHints":{"allow":["GET"]}}],"collection":[{"href":"https:\/\/pc.sc.gov.br\/index.php?rest_route=\/wp\/v2\/posts"}],"about":[{"href":"https:\/\/pc.sc.gov.br\/index.php?rest_route=\/wp\/v2\/types\/post"}],"author":[{"embeddable":true,"href":"https:\/\/pc.sc.gov.br\/index.php?rest_route=\/wp\/v2\/users\/5"}],"replies":[{"embeddable":true,"href":"https:\/\/pc.sc.gov.br\/index.php?rest_route=%2Fwp%2Fv2%2Fcomments&post=27508"}],"version-history":[{"count":5,"href":"https:\/\/pc.sc.gov.br\/index.php?rest_route=\/wp\/v2\/posts\/27508\/revisions"}],"predecessor-version":[{"id":27513,"href":"https:\/\/pc.sc.gov.br\/index.php?rest_route=\/wp\/v2\/posts\/27508\/revisions\/27513"}],"wp:featuredmedia":[{"embeddable":true,"href":"https:\/\/pc.sc.gov.br\/index.php?rest_route=\/wp\/v2\/media\/27190"}],"wp:attachment":[{"href":"https:\/\/pc.sc.gov.br\/index.php?rest_route=%2Fwp%2Fv2%2Fmedia&parent=27508"}],"wp:term":[{"taxonomy":"category","embeddable":true,"href":"https:\/\/pc.sc.gov.br\/index.php?rest_route=%2Fwp%2Fv2%2Fcategories&post=27508"},{"taxonomy":"post_tag","embeddable":true,"href":"https:\/\/pc.sc.gov.br\/index.php?rest_route=%2Fwp%2Fv2%2Ftags&post=27508"}],"curies":[{"name":"wp","href":"https:\/\/api.w.org\/{rel}","templated":true}]}}