{"id":27517,"date":"2025-03-19T14:34:55","date_gmt":"2025-03-19T17:34:55","guid":{"rendered":"https:\/\/pc.sc.gov.br\/?p=27517"},"modified":"2025-03-19T14:35:40","modified_gmt":"2025-03-19T17:35:40","slug":"pcsc-cumpre-mandado-de-prisao-de-investigado-pelo-crime-de-trafico-de-drogas-em-ararangua","status":"publish","type":"post","link":"https:\/\/pc.sc.gov.br\/?p=27517","title":{"rendered":"PCSC cumpre mandado de pris\u00e3o de investigado pelo crime de tr\u00e1fico de drogas em Ararangu\u00e1"},"content":{"rendered":"\t\t<div data-elementor-type=\"wp-post\" data-elementor-id=\"27517\" class=\"elementor elementor-27517\" data-elementor-post-type=\"post\">\n\t\t\t\t\t\t<section class=\"elementor-section elementor-top-section elementor-element elementor-element-6a5359f elementor-section-boxed elementor-section-height-default elementor-section-height-default\" data-id=\"6a5359f\" data-element_type=\"section\">\n\t\t\t\t\t\t<div class=\"elementor-container elementor-column-gap-default\">\n\t\t\t\t\t<div class=\"elementor-column elementor-col-100 elementor-top-column elementor-element elementor-element-99107cd\" data-id=\"99107cd\" data-element_type=\"column\">\n\t\t\t<div class=\"elementor-widget-wrap elementor-element-populated\">\n\t\t\t\t\t\t<div class=\"elementor-element elementor-element-c4d64d1 elementor-widget elementor-widget-heading\" data-id=\"c4d64d1\" data-element_type=\"widget\" data-widget_type=\"heading.default\">\n\t\t\t\t<div class=\"elementor-widget-container\">\n\t\t\t\t\t<h2 class=\"elementor-heading-title elementor-size-default\">PCSC cumpre mandado de pris\u00e3o de investigado pelo crime de tr\u00e1fico de drogas em Ararangu\u00e1<\/h2>\t\t\t\t<\/div>\n\t\t\t\t<\/div>\n\t\t\t\t\t<\/div>\n\t\t<\/div>\n\t\t\t\t\t<\/div>\n\t\t<\/section>\n\t\t\t\t<section class=\"elementor-section elementor-top-section elementor-element elementor-element-c8b8b38 elementor-section-boxed elementor-section-height-default elementor-section-height-default\" data-id=\"c8b8b38\" data-element_type=\"section\">\n\t\t\t\t\t\t<div class=\"elementor-container elementor-column-gap-default\">\n\t\t\t\t\t<div class=\"elementor-column elementor-col-100 elementor-top-column elementor-element elementor-element-a974895\" data-id=\"a974895\" data-element_type=\"column\">\n\t\t\t<div class=\"elementor-widget-wrap elementor-element-populated\">\n\t\t\t\t\t\t<div class=\"elementor-element elementor-element-8ac4820 elementor-widget elementor-widget-image\" data-id=\"8ac4820\" data-element_type=\"widget\" data-widget_type=\"image.default\">\n\t\t\t\t<div class=\"elementor-widget-container\">\n\t\t\t\t\t\t\t\t\t\t\t\t\t\t\t<img fetchpriority=\"high\" decoding=\"async\" width=\"696\" height=\"464\" src=\"https:\/\/pc.sc.gov.br\/\/wp-content\/uploads\/2025\/03\/MOTEL-INTERDITADO-fotor-20250114173939.jpg\" class=\"attachment-large size-large wp-image-27408\" alt=\"\" srcset=\"https:\/\/pc.sc.gov.br\/\/wp-content\/uploads\/2025\/03\/MOTEL-INTERDITADO-fotor-20250114173939.jpg 809w, https:\/\/pc.sc.gov.br\/\/wp-content\/uploads\/2025\/03\/MOTEL-INTERDITADO-fotor-20250114173939-300x200.jpg 300w, https:\/\/pc.sc.gov.br\/\/wp-content\/uploads\/2025\/03\/MOTEL-INTERDITADO-fotor-20250114173939-768x512.jpg 768w\" sizes=\"(max-width: 696px) 100vw, 696px\" \/>\t\t\t\t\t\t\t\t\t\t\t\t\t\t\t<\/div>\n\t\t\t\t<\/div>\n\t\t\t\t\t<\/div>\n\t\t<\/div>\n\t\t\t\t\t<\/div>\n\t\t<\/section>\n\t\t\t\t<section class=\"elementor-section elementor-top-section elementor-element elementor-element-344d535 elementor-section-boxed elementor-section-height-default elementor-section-height-default\" data-id=\"344d535\" data-element_type=\"section\">\n\t\t\t\t\t\t<div class=\"elementor-container elementor-column-gap-default\">\n\t\t\t\t\t<div class=\"elementor-column elementor-col-100 elementor-top-column elementor-element elementor-element-3fdebed\" data-id=\"3fdebed\" data-element_type=\"column\">\n\t\t\t<div class=\"elementor-widget-wrap elementor-element-populated\">\n\t\t\t\t\t\t<div class=\"elementor-element elementor-element-6f56906 elementor-widget elementor-widget-text-editor\" data-id=\"6f56906\" data-element_type=\"widget\" data-widget_type=\"text-editor.default\">\n\t\t\t\t<div class=\"elementor-widget-container\">\n\t\t\t\t\t\t\t\t\t<p>A Pol\u00edcia Civil de Santa Catarina, por meio da Delegacia de Investiga\u00e7\u00f5es Criminais (DIC) de Ararangu\u00e1, deu cumprimento nesta quarta-feira (19) a mandado de pris\u00e3o preventiva expedido em face de investigado pela pr\u00e1tica do crime de tr\u00e1fico de drogas realizado nesta cidade.<\/p><p>As dilig\u00eancias de investiga\u00e7\u00e3o demonstram que o preso foi flagrado comercializando drogas il\u00edcitas na noite de 03 de janeiro de 2025 por Policiais Militares que realizavam rondas no Bairro Jardim Cibele, por\u00e9m o homem conseguiu se evadir dos agentes p\u00fablicos. Na ocasi\u00e3o, na resid\u00eancia do investigado os agentes p\u00fablicos apreenderam por\u00e7\u00f5es de crack e maconha, al\u00e9m de apetrechos usados no tr\u00e1fico il\u00edcito de entorpecentes.<\/p><p>O Inqu\u00e9rito Policial demonstrou a pr\u00e1tica delituosa do investigado naquela resid\u00eancia alvo da investida policial. Na conclus\u00e3o do procedimento policial, a autoridade policial representou pela decreta\u00e7\u00e3o da pris\u00e3o preventiva do investigado, medida que foi deferida judicialmente.<\/p><p>O preso foi recolhido ao sistema prisional e permanece \u00e0 disposi\u00e7\u00e3o do Poder Judici\u00e1rio.<\/p>\t\t\t\t\t\t\t\t<\/div>\n\t\t\t\t<\/div>\n\t\t\t\t\t<\/div>\n\t\t<\/div>\n\t\t\t\t\t<\/div>\n\t\t<\/section>\n\t\t\t\t<\/div>\n\t\t","protected":false},"excerpt":{"rendered":"<p>PCSC cumpre mandado de pris\u00e3o de investigado pelo crime de tr\u00e1fico de drogas em Ararangu\u00e1 A Pol\u00edcia Civil de Santa Catarina, por meio da Delegacia de Investiga\u00e7\u00f5es Criminais (DIC) de Ararangu\u00e1, deu cumprimento nesta quarta-feira (19) a mandado de pris\u00e3o preventiva expedido em face de investigado pela pr\u00e1tica do crime de tr\u00e1fico de drogas realizado [&hellip;]<\/p>\n","protected":false},"author":5,"featured_media":26581,"comment_status":"closed","ping_status":"open","sticky":false,"template":"","format":"standard","meta":{"_monsterinsights_skip_tracking":false,"_monsterinsights_sitenote_active":false,"_monsterinsights_sitenote_note":"","_monsterinsights_sitenote_category":0,"footnotes":""},"categories":[1],"tags":[],"class_list":["post-27517","post","type-post","status-publish","format-standard","has-post-thumbnail","hentry","category-sem-categoria"],"_links":{"self":[{"href":"https:\/\/pc.sc.gov.br\/index.php?rest_route=\/wp\/v2\/posts\/27517","targetHints":{"allow":["GET"]}}],"collection":[{"href":"https:\/\/pc.sc.gov.br\/index.php?rest_route=\/wp\/v2\/posts"}],"about":[{"href":"https:\/\/pc.sc.gov.br\/index.php?rest_route=\/wp\/v2\/types\/post"}],"author":[{"embeddable":true,"href":"https:\/\/pc.sc.gov.br\/index.php?rest_route=\/wp\/v2\/users\/5"}],"replies":[{"embeddable":true,"href":"https:\/\/pc.sc.gov.br\/index.php?rest_route=%2Fwp%2Fv2%2Fcomments&post=27517"}],"version-history":[{"count":4,"href":"https:\/\/pc.sc.gov.br\/index.php?rest_route=\/wp\/v2\/posts\/27517\/revisions"}],"predecessor-version":[{"id":27521,"href":"https:\/\/pc.sc.gov.br\/index.php?rest_route=\/wp\/v2\/posts\/27517\/revisions\/27521"}],"wp:featuredmedia":[{"embeddable":true,"href":"https:\/\/pc.sc.gov.br\/index.php?rest_route=\/wp\/v2\/media\/26581"}],"wp:attachment":[{"href":"https:\/\/pc.sc.gov.br\/index.php?rest_route=%2Fwp%2Fv2%2Fmedia&parent=27517"}],"wp:term":[{"taxonomy":"category","embeddable":true,"href":"https:\/\/pc.sc.gov.br\/index.php?rest_route=%2Fwp%2Fv2%2Fcategories&post=27517"},{"taxonomy":"post_tag","embeddable":true,"href":"https:\/\/pc.sc.gov.br\/index.php?rest_route=%2Fwp%2Fv2%2Ftags&post=27517"}],"curies":[{"name":"wp","href":"https:\/\/api.w.org\/{rel}","templated":true}]}}