{"id":27522,"date":"2025-03-19T16:40:19","date_gmt":"2025-03-19T19:40:19","guid":{"rendered":"https:\/\/pc.sc.gov.br\/?p=27522"},"modified":"2025-03-19T16:41:45","modified_gmt":"2025-03-19T19:41:45","slug":"pcsc-prende-homem-suspeito-de-roubar-e-estuprar-vitima-em-via-publica-em-apiuna","status":"publish","type":"post","link":"https:\/\/pc.sc.gov.br\/?p=27522","title":{"rendered":"PCSC prende homem suspeito de roubar e estuprar v\u00edtima em via p\u00fablica, em Api\u00fana"},"content":{"rendered":"\t\t<div data-elementor-type=\"wp-post\" data-elementor-id=\"27522\" class=\"elementor elementor-27522\" data-elementor-post-type=\"post\">\n\t\t\t\t\t\t<section class=\"elementor-section elementor-top-section elementor-element elementor-element-a356ebc elementor-section-boxed elementor-section-height-default elementor-section-height-default\" data-id=\"a356ebc\" data-element_type=\"section\">\n\t\t\t\t\t\t<div class=\"elementor-container elementor-column-gap-default\">\n\t\t\t\t\t<div class=\"elementor-column elementor-col-100 elementor-top-column elementor-element elementor-element-a676147\" data-id=\"a676147\" data-element_type=\"column\">\n\t\t\t<div class=\"elementor-widget-wrap elementor-element-populated\">\n\t\t\t\t\t\t<div class=\"elementor-element elementor-element-b85cc02 elementor-widget elementor-widget-heading\" data-id=\"b85cc02\" data-element_type=\"widget\" data-widget_type=\"heading.default\">\n\t\t\t\t<div class=\"elementor-widget-container\">\n\t\t\t\t\t<h2 class=\"elementor-heading-title elementor-size-default\">PCSC prende homem suspeito de roubar e estuprar v\u00edtima em via p\u00fablica, em Api\u00fana<\/h2>\t\t\t\t<\/div>\n\t\t\t\t<\/div>\n\t\t\t\t\t<\/div>\n\t\t<\/div>\n\t\t\t\t\t<\/div>\n\t\t<\/section>\n\t\t\t\t<section class=\"elementor-section elementor-top-section elementor-element elementor-element-5edae9f elementor-section-boxed elementor-section-height-default elementor-section-height-default\" data-id=\"5edae9f\" data-element_type=\"section\">\n\t\t\t\t\t\t<div class=\"elementor-container elementor-column-gap-default\">\n\t\t\t\t\t<div class=\"elementor-column elementor-col-100 elementor-top-column elementor-element elementor-element-daf8953\" data-id=\"daf8953\" data-element_type=\"column\">\n\t\t\t<div class=\"elementor-widget-wrap elementor-element-populated\">\n\t\t\t\t\t\t<div class=\"elementor-element elementor-element-970f492 elementor-widget elementor-widget-image\" data-id=\"970f492\" data-element_type=\"widget\" data-widget_type=\"image.default\">\n\t\t\t\t<div class=\"elementor-widget-container\">\n\t\t\t\t\t\t\t\t\t\t\t\t\t\t\t<img fetchpriority=\"high\" decoding=\"async\" width=\"696\" height=\"522\" src=\"https:\/\/pc.sc.gov.br\/\/wp-content\/uploads\/2025\/02\/PCSC-PADRAO.jpg\" class=\"attachment-medium_large size-medium_large wp-image-26591\" alt=\"\" srcset=\"https:\/\/pc.sc.gov.br\/\/wp-content\/uploads\/2025\/02\/PCSC-PADRAO.jpg 768w, https:\/\/pc.sc.gov.br\/\/wp-content\/uploads\/2025\/02\/PCSC-PADRAO-300x225.jpg 300w\" sizes=\"(max-width: 696px) 100vw, 696px\" \/>\t\t\t\t\t\t\t\t\t\t\t\t\t\t\t<\/div>\n\t\t\t\t<\/div>\n\t\t\t\t\t<\/div>\n\t\t<\/div>\n\t\t\t\t\t<\/div>\n\t\t<\/section>\n\t\t\t\t<section class=\"elementor-section elementor-top-section elementor-element elementor-element-06c694b elementor-section-boxed elementor-section-height-default elementor-section-height-default\" data-id=\"06c694b\" data-element_type=\"section\">\n\t\t\t\t\t\t<div class=\"elementor-container elementor-column-gap-default\">\n\t\t\t\t\t<div class=\"elementor-column elementor-col-100 elementor-top-column elementor-element elementor-element-0476793\" data-id=\"0476793\" data-element_type=\"column\">\n\t\t\t<div class=\"elementor-widget-wrap elementor-element-populated\">\n\t\t\t\t\t\t<div class=\"elementor-element elementor-element-803c494 elementor-widget elementor-widget-text-editor\" data-id=\"803c494\" data-element_type=\"widget\" data-widget_type=\"text-editor.default\">\n\t\t\t\t<div class=\"elementor-widget-container\">\n\t\t\t\t\t\t\t\t\t<p>A Pol\u00edcia Civil de Santa Catarina, por interm\u00e9dio da Delegacia de Pol\u00edcia Civil da Comarca de Ascurra, nesta quarta-feira (19) efetuou a pris\u00e3o de um homem, suspeito de ter cometido os crimes de roubo e estupro, previstos nos artigos 157 e 213, ambos do C\u00f3digo Penal.<\/p>\n<p>A investiga\u00e7\u00e3o iniciou no dia 07 de mar\u00e7o de 2025, ap\u00f3s o investigado, na noite anterior, no centro da cidade de Api\u00fana, ter utilizado uma faca para subtrair o aparelho celular de uma mulher, configurando o crime de roubo e ter mediante amea\u00e7a lhe obrigada a praticar atos sexuais em seu desfavor, incorrendo no crime de estupro.<\/p>\n<p>Diante da gravidade dos fatos, com base nos elementos de prova colhidos at\u00e9 o presente momento, que possibilitaram a identifica\u00e7\u00e3o do poss\u00edvel autor, o delegado Filipe Martins, respons\u00e1vel pelo caso, representou pela pris\u00e3o preventiva do investigado, tendo em vista a possibilidade concreta de que o suspeito pudesse cometer novos crimes, amea\u00e7ar testemunhas ou se evadir da comarca.<\/p>\n<p>O Minist\u00e9rio P\u00fablico manifestou-se de maneira favor\u00e1vel ao pedido de pris\u00e3o preventiva, que foi acolhido pelo Juiz das Garantias da Comarca de Blumenau, culminando com a decreta\u00e7\u00e3o da pris\u00e3o.<\/p>\n<p>O conduzido foi localizado pela equipe policial no bairro Ele, em Ascurra. Ap\u00f3s o cumprimento do mandado, o preso foi devidamente encaminhado ao Pres\u00eddio Regional de Blumenau, onde aguardar\u00e1 a realiza\u00e7\u00e3o da audi\u00eancia de cust\u00f3dia.<\/p>\n<p><b>Colabore com a PCSC de Ascurra &#8211; den\u00fancias pelo (47) 99793-6769 &#8211; Sigilo absoluto.<\/b><span style=\"color: var( --e-global-color-text ); font-family: var( --e-global-typography-primary-font-family ), Sans-serif; font-size: var( --e-global-typography-primary-font-size ); font-weight: var( --e-global-typography-primary-font-weight ); letter-spacing: var( --e-global-typography-primary-letter-spacing );\">&nbsp;<\/span><\/p>\t\t\t\t\t\t\t\t<\/div>\n\t\t\t\t<\/div>\n\t\t\t\t\t<\/div>\n\t\t<\/div>\n\t\t\t\t\t<\/div>\n\t\t<\/section>\n\t\t\t\t<\/div>\n\t\t","protected":false},"excerpt":{"rendered":"<p>PCSC prende homem suspeito de roubar e estuprar v\u00edtima em via p\u00fablica, em Api\u00fana A Pol\u00edcia Civil de Santa Catarina, por interm\u00e9dio da Delegacia de Pol\u00edcia Civil da Comarca de Ascurra, nesta quarta-feira (19) efetuou a pris\u00e3o de um homem, suspeito de ter cometido os crimes de roubo e estupro, previstos nos artigos 157 e [&hellip;]<\/p>\n","protected":false},"author":5,"featured_media":26591,"comment_status":"closed","ping_status":"open","sticky":false,"template":"","format":"standard","meta":{"_monsterinsights_skip_tracking":false,"_monsterinsights_sitenote_active":false,"_monsterinsights_sitenote_note":"","_monsterinsights_sitenote_category":0,"footnotes":""},"categories":[1],"tags":[],"class_list":["post-27522","post","type-post","status-publish","format-standard","has-post-thumbnail","hentry","category-sem-categoria"],"_links":{"self":[{"href":"https:\/\/pc.sc.gov.br\/index.php?rest_route=\/wp\/v2\/posts\/27522","targetHints":{"allow":["GET"]}}],"collection":[{"href":"https:\/\/pc.sc.gov.br\/index.php?rest_route=\/wp\/v2\/posts"}],"about":[{"href":"https:\/\/pc.sc.gov.br\/index.php?rest_route=\/wp\/v2\/types\/post"}],"author":[{"embeddable":true,"href":"https:\/\/pc.sc.gov.br\/index.php?rest_route=\/wp\/v2\/users\/5"}],"replies":[{"embeddable":true,"href":"https:\/\/pc.sc.gov.br\/index.php?rest_route=%2Fwp%2Fv2%2Fcomments&post=27522"}],"version-history":[{"count":4,"href":"https:\/\/pc.sc.gov.br\/index.php?rest_route=\/wp\/v2\/posts\/27522\/revisions"}],"predecessor-version":[{"id":27526,"href":"https:\/\/pc.sc.gov.br\/index.php?rest_route=\/wp\/v2\/posts\/27522\/revisions\/27526"}],"wp:featuredmedia":[{"embeddable":true,"href":"https:\/\/pc.sc.gov.br\/index.php?rest_route=\/wp\/v2\/media\/26591"}],"wp:attachment":[{"href":"https:\/\/pc.sc.gov.br\/index.php?rest_route=%2Fwp%2Fv2%2Fmedia&parent=27522"}],"wp:term":[{"taxonomy":"category","embeddable":true,"href":"https:\/\/pc.sc.gov.br\/index.php?rest_route=%2Fwp%2Fv2%2Fcategories&post=27522"},{"taxonomy":"post_tag","embeddable":true,"href":"https:\/\/pc.sc.gov.br\/index.php?rest_route=%2Fwp%2Fv2%2Ftags&post=27522"}],"curies":[{"name":"wp","href":"https:\/\/api.w.org\/{rel}","templated":true}]}}