{"id":27551,"date":"2025-03-19T18:37:39","date_gmt":"2025-03-19T21:37:39","guid":{"rendered":"https:\/\/pc.sc.gov.br\/?p=27551"},"modified":"2025-03-19T18:38:49","modified_gmt":"2025-03-19T21:38:49","slug":"dpcami-de-laguna-cumpre-mandado-de-prisao-de-homem-que-ameacava-familiares-com-arma-de-fogo","status":"publish","type":"post","link":"https:\/\/pc.sc.gov.br\/?p=27551","title":{"rendered":"DPCAMI de Laguna cumpre mandado de pris\u00e3o de homem que amea\u00e7ava familiares com arma de fogo"},"content":{"rendered":"\t\t<div data-elementor-type=\"wp-post\" data-elementor-id=\"27551\" class=\"elementor elementor-27551\" data-elementor-post-type=\"post\">\n\t\t\t\t\t\t<section class=\"elementor-section elementor-top-section elementor-element elementor-element-ee101ee elementor-section-boxed elementor-section-height-default elementor-section-height-default\" data-id=\"ee101ee\" data-element_type=\"section\">\n\t\t\t\t\t\t<div class=\"elementor-container elementor-column-gap-default\">\n\t\t\t\t\t<div class=\"elementor-column elementor-col-100 elementor-top-column elementor-element elementor-element-6e073e0\" data-id=\"6e073e0\" data-element_type=\"column\">\n\t\t\t<div class=\"elementor-widget-wrap elementor-element-populated\">\n\t\t\t\t\t\t<div class=\"elementor-element elementor-element-ba5c7f3 elementor-widget elementor-widget-heading\" data-id=\"ba5c7f3\" data-element_type=\"widget\" data-widget_type=\"heading.default\">\n\t\t\t\t<div class=\"elementor-widget-container\">\n\t\t\t\t\t<h2 class=\"elementor-heading-title elementor-size-default\">DPCAMI de Laguna cumpre mandado de pris\u00e3o de homem que amea\u00e7ava familiares com arma de fogo<\/h2>\t\t\t\t<\/div>\n\t\t\t\t<\/div>\n\t\t\t\t\t<\/div>\n\t\t<\/div>\n\t\t\t\t\t<\/div>\n\t\t<\/section>\n\t\t\t\t<section class=\"elementor-section elementor-top-section elementor-element elementor-element-da19faf elementor-section-boxed elementor-section-height-default elementor-section-height-default\" data-id=\"da19faf\" data-element_type=\"section\">\n\t\t\t\t\t\t<div class=\"elementor-container elementor-column-gap-default\">\n\t\t\t\t\t<div class=\"elementor-column elementor-col-100 elementor-top-column elementor-element elementor-element-c00c740\" data-id=\"c00c740\" data-element_type=\"column\">\n\t\t\t<div class=\"elementor-widget-wrap elementor-element-populated\">\n\t\t\t\t\t\t<div class=\"elementor-element elementor-element-66ad468 elementor-widget elementor-widget-image\" data-id=\"66ad468\" data-element_type=\"widget\" data-widget_type=\"image.default\">\n\t\t\t\t<div class=\"elementor-widget-container\">\n\t\t\t\t\t\t\t\t\t\t\t\t\t\t\t<img fetchpriority=\"high\" decoding=\"async\" width=\"696\" height=\"464\" src=\"https:\/\/pc.sc.gov.br\/\/wp-content\/uploads\/2025\/03\/MOTEL-INTERDITADO-fotor-20250114173939.jpg\" class=\"attachment-large size-large wp-image-27408\" alt=\"\" srcset=\"https:\/\/pc.sc.gov.br\/\/wp-content\/uploads\/2025\/03\/MOTEL-INTERDITADO-fotor-20250114173939.jpg 809w, https:\/\/pc.sc.gov.br\/\/wp-content\/uploads\/2025\/03\/MOTEL-INTERDITADO-fotor-20250114173939-300x200.jpg 300w, https:\/\/pc.sc.gov.br\/\/wp-content\/uploads\/2025\/03\/MOTEL-INTERDITADO-fotor-20250114173939-768x512.jpg 768w\" sizes=\"(max-width: 696px) 100vw, 696px\" \/>\t\t\t\t\t\t\t\t\t\t\t\t\t\t\t<\/div>\n\t\t\t\t<\/div>\n\t\t\t\t\t<\/div>\n\t\t<\/div>\n\t\t\t\t\t<\/div>\n\t\t<\/section>\n\t\t\t\t<section class=\"elementor-section elementor-top-section elementor-element elementor-element-4d8a9ff elementor-section-boxed elementor-section-height-default elementor-section-height-default\" data-id=\"4d8a9ff\" data-element_type=\"section\">\n\t\t\t\t\t\t<div class=\"elementor-container elementor-column-gap-default\">\n\t\t\t\t\t<div class=\"elementor-column elementor-col-100 elementor-top-column elementor-element elementor-element-b5571a3\" data-id=\"b5571a3\" data-element_type=\"column\">\n\t\t\t<div class=\"elementor-widget-wrap elementor-element-populated\">\n\t\t\t\t\t\t<div class=\"elementor-element elementor-element-db4beba elementor-widget elementor-widget-text-editor\" data-id=\"db4beba\" data-element_type=\"widget\" data-widget_type=\"text-editor.default\">\n\t\t\t\t<div class=\"elementor-widget-container\">\n\t\t\t\t\t\t\t\t\t<p><span style=\"font-family: var( --e-global-typography-text-font-family ), Sans-serif; font-size: var( --e-global-typography-text-font-size );\">A Pol\u00edcia Civil de Santa Catarina, por meio da Delegacia de Prote\u00e7\u00e3o \u00e0 Crian\u00e7a, ao Adolescente, \u00e0 Mulher e ao Idoso (DPCAMI) de Laguna cumpriu <\/span><span style=\"font-family: var( --e-global-typography-text-font-family ), Sans-serif; font-size: var( --e-global-typography-text-font-size );\">n<\/span><span style=\"font-family: var( --e-global-typography-text-font-family ), Sans-serif; font-size: var( --e-global-typography-text-font-size );\">esta quarta-feira (19) um mandado de busca e apreens\u00e3o na resid\u00eancia de um homem suspeito de amea\u00e7ar sua sobrinha e familiares com uma arma de fogo.<\/span><\/p>\n<p>Durante as buscas, os policiais localizaram um rev\u00f3lver municiado. Diante da posse ilegal da arma, o homem foi preso em flagrante e encaminhado \u00e0s autoridades competentes para as provid\u00eancias cab\u00edveis.<\/p>\n<p>A opera\u00e7\u00e3o refor\u00e7a o compromisso da Pol\u00edcia Civil com o combate \u00e0 viol\u00eancia e a retirada de armas de fogo irregulares de circula\u00e7\u00e3o, garantindo mais seguran\u00e7a \u00e0 popula\u00e7\u00e3o.<\/p>\n<p><b>Colabore com a Pol\u00edcia Civil. Denuncie pelo 181 ou pelo (48) 98844-0011 (WhatsApp).<\/b><\/p>\t\t\t\t\t\t\t\t<\/div>\n\t\t\t\t<\/div>\n\t\t\t\t\t<\/div>\n\t\t<\/div>\n\t\t\t\t\t<\/div>\n\t\t<\/section>\n\t\t\t\t<\/div>\n\t\t","protected":false},"excerpt":{"rendered":"<p>DPCAMI de Laguna cumpre mandado de pris\u00e3o de homem que amea\u00e7ava familiares com arma de fogo A Pol\u00edcia Civil de Santa Catarina, por meio da Delegacia de Prote\u00e7\u00e3o \u00e0 Crian\u00e7a, ao Adolescente, \u00e0 Mulher e ao Idoso (DPCAMI) de Laguna cumpriu nesta quarta-feira (19) um mandado de busca e apreens\u00e3o na resid\u00eancia de um homem [&hellip;]<\/p>\n","protected":false},"author":5,"featured_media":25384,"comment_status":"closed","ping_status":"open","sticky":false,"template":"","format":"standard","meta":{"_monsterinsights_skip_tracking":false,"_monsterinsights_sitenote_active":false,"_monsterinsights_sitenote_note":"","_monsterinsights_sitenote_category":0,"footnotes":""},"categories":[1],"tags":[],"class_list":["post-27551","post","type-post","status-publish","format-standard","has-post-thumbnail","hentry","category-sem-categoria"],"_links":{"self":[{"href":"https:\/\/pc.sc.gov.br\/index.php?rest_route=\/wp\/v2\/posts\/27551","targetHints":{"allow":["GET"]}}],"collection":[{"href":"https:\/\/pc.sc.gov.br\/index.php?rest_route=\/wp\/v2\/posts"}],"about":[{"href":"https:\/\/pc.sc.gov.br\/index.php?rest_route=\/wp\/v2\/types\/post"}],"author":[{"embeddable":true,"href":"https:\/\/pc.sc.gov.br\/index.php?rest_route=\/wp\/v2\/users\/5"}],"replies":[{"embeddable":true,"href":"https:\/\/pc.sc.gov.br\/index.php?rest_route=%2Fwp%2Fv2%2Fcomments&post=27551"}],"version-history":[{"count":4,"href":"https:\/\/pc.sc.gov.br\/index.php?rest_route=\/wp\/v2\/posts\/27551\/revisions"}],"predecessor-version":[{"id":27555,"href":"https:\/\/pc.sc.gov.br\/index.php?rest_route=\/wp\/v2\/posts\/27551\/revisions\/27555"}],"wp:featuredmedia":[{"embeddable":true,"href":"https:\/\/pc.sc.gov.br\/index.php?rest_route=\/wp\/v2\/media\/25384"}],"wp:attachment":[{"href":"https:\/\/pc.sc.gov.br\/index.php?rest_route=%2Fwp%2Fv2%2Fmedia&parent=27551"}],"wp:term":[{"taxonomy":"category","embeddable":true,"href":"https:\/\/pc.sc.gov.br\/index.php?rest_route=%2Fwp%2Fv2%2Fcategories&post=27551"},{"taxonomy":"post_tag","embeddable":true,"href":"https:\/\/pc.sc.gov.br\/index.php?rest_route=%2Fwp%2Fv2%2Ftags&post=27551"}],"curies":[{"name":"wp","href":"https:\/\/api.w.org\/{rel}","templated":true}]}}