{"id":27556,"date":"2025-03-19T18:44:11","date_gmt":"2025-03-19T21:44:11","guid":{"rendered":"https:\/\/pc.sc.gov.br\/?p=27556"},"modified":"2025-03-19T18:45:37","modified_gmt":"2025-03-19T21:45:37","slug":"pcsc-cumpre-mandados-de-prisao-de-dois-investigados-por-dupla-tentativa-de-homicidio-ocorrida-em-chapeco","status":"publish","type":"post","link":"https:\/\/pc.sc.gov.br\/?p=27556","title":{"rendered":"PCSC cumpre mandados de pris\u00e3o de dois investigados por dupla tentativa de homic\u00eddio ocorrida em Chapec\u00f3"},"content":{"rendered":"\t\t<div data-elementor-type=\"wp-post\" data-elementor-id=\"27556\" class=\"elementor elementor-27556\" data-elementor-post-type=\"post\">\n\t\t\t\t\t\t<section class=\"elementor-section elementor-top-section elementor-element elementor-element-30419e5 elementor-section-boxed elementor-section-height-default elementor-section-height-default\" data-id=\"30419e5\" data-element_type=\"section\">\n\t\t\t\t\t\t<div class=\"elementor-container elementor-column-gap-default\">\n\t\t\t\t\t<div class=\"elementor-column elementor-col-100 elementor-top-column elementor-element elementor-element-31e264c\" data-id=\"31e264c\" data-element_type=\"column\">\n\t\t\t<div class=\"elementor-widget-wrap elementor-element-populated\">\n\t\t\t\t\t\t<div class=\"elementor-element elementor-element-48eed5a elementor-widget elementor-widget-heading\" data-id=\"48eed5a\" data-element_type=\"widget\" data-widget_type=\"heading.default\">\n\t\t\t\t<div class=\"elementor-widget-container\">\n\t\t\t\t\t<h2 class=\"elementor-heading-title elementor-size-default\">PCSC cumpre mandados de pris\u00e3o de dois investigados por dupla tentativa de homic\u00eddio ocorrida em Chapec\u00f3<\/h2>\t\t\t\t<\/div>\n\t\t\t\t<\/div>\n\t\t\t\t\t<\/div>\n\t\t<\/div>\n\t\t\t\t\t<\/div>\n\t\t<\/section>\n\t\t\t\t<section class=\"elementor-section elementor-top-section elementor-element elementor-element-c030512 elementor-section-boxed elementor-section-height-default elementor-section-height-default\" data-id=\"c030512\" data-element_type=\"section\">\n\t\t\t\t\t\t<div class=\"elementor-container elementor-column-gap-default\">\n\t\t\t\t\t<div class=\"elementor-column elementor-col-100 elementor-top-column elementor-element elementor-element-53f8451\" data-id=\"53f8451\" data-element_type=\"column\">\n\t\t\t<div class=\"elementor-widget-wrap elementor-element-populated\">\n\t\t\t\t\t\t<div class=\"elementor-element elementor-element-55b2b31 elementor-widget elementor-widget-image\" data-id=\"55b2b31\" data-element_type=\"widget\" data-widget_type=\"image.default\">\n\t\t\t\t<div class=\"elementor-widget-container\">\n\t\t\t\t\t\t\t\t\t\t\t\t\t\t\t<img fetchpriority=\"high\" decoding=\"async\" width=\"696\" height=\"453\" src=\"https:\/\/pc.sc.gov.br\/\/wp-content\/uploads\/2025\/03\/WhatsApp-Image-2025-03-19-at-18.37.11-1024x666.jpeg\" class=\"attachment-large size-large wp-image-27557\" alt=\"\" srcset=\"https:\/\/pc.sc.gov.br\/\/wp-content\/uploads\/2025\/03\/WhatsApp-Image-2025-03-19-at-18.37.11-1024x666.jpeg 1024w, https:\/\/pc.sc.gov.br\/\/wp-content\/uploads\/2025\/03\/WhatsApp-Image-2025-03-19-at-18.37.11-300x195.jpeg 300w, https:\/\/pc.sc.gov.br\/\/wp-content\/uploads\/2025\/03\/WhatsApp-Image-2025-03-19-at-18.37.11-768x500.jpeg 768w, https:\/\/pc.sc.gov.br\/\/wp-content\/uploads\/2025\/03\/WhatsApp-Image-2025-03-19-at-18.37.11.jpeg 1179w\" sizes=\"(max-width: 696px) 100vw, 696px\" \/>\t\t\t\t\t\t\t\t\t\t\t\t\t\t\t<\/div>\n\t\t\t\t<\/div>\n\t\t\t\t\t<\/div>\n\t\t<\/div>\n\t\t\t\t\t<\/div>\n\t\t<\/section>\n\t\t\t\t<section class=\"elementor-section elementor-top-section elementor-element elementor-element-7b23d87 elementor-section-boxed elementor-section-height-default elementor-section-height-default\" data-id=\"7b23d87\" data-element_type=\"section\">\n\t\t\t\t\t\t<div class=\"elementor-container elementor-column-gap-default\">\n\t\t\t\t\t<div class=\"elementor-column elementor-col-100 elementor-top-column elementor-element elementor-element-870a247\" data-id=\"870a247\" data-element_type=\"column\">\n\t\t\t<div class=\"elementor-widget-wrap elementor-element-populated\">\n\t\t\t\t\t\t<div class=\"elementor-element elementor-element-6b437a6 elementor-widget elementor-widget-text-editor\" data-id=\"6b437a6\" data-element_type=\"widget\" data-widget_type=\"text-editor.default\">\n\t\t\t\t<div class=\"elementor-widget-container\">\n\t\t\t\t\t\t\t\t\t<p>A Pol\u00edcia Civil de Santa Catarina, na tarde desta quarta-feira (19\/03), cumpriu dois mandados de pris\u00e3o tempor\u00e1ria em desfavor de dois indiv\u00edduos, ambos naturais da Venezuela, que s\u00e3o investigados pela pr\u00e1tica da dupla tentativa de homic\u00eddio ocorrida no dia 20\/02\/2025 no munic\u00edpio de Chapec\u00f3. Na ocasi\u00e3o um deles foi preso em sua resid\u00eancia, localizada no bairro Efapi, sendo que n\u00e3o ofereceu resist\u00eancia. O outro foi preso em seu local de trabalho, localizado no bairro Engenho Braun e tamb\u00e9m n\u00e3o reagiu \u00e0 pris\u00e3o.<\/p>\n<p><b>Entenda o caso:<\/b><\/p>\n<p><span style=\"font-family: var( --e-global-typography-primary-font-family ), Sans-serif; font-size: var( --e-global-typography-primary-font-size ); font-weight: var( --e-global-typography-primary-font-weight ); letter-spacing: var( --e-global-typography-primary-letter-spacing );\">No dia 20\/02\/2025, por volta das 14h30, na Rua Pedro Balerini, bairro Efapi, neste munic\u00edpio de Chapec\u00f3\/SC, foi noticiado que dois indiv\u00edduos, tripulando uma motocicleta branca, efetuaram diversos disparos de arma de fogo contra as v\u00edtimas em um estabelecimento comercial.<\/span><\/p>\n<p>Assim que chegou ao conhecimento da Pol\u00edcia Civil, iniciaram-se as investiga\u00e7\u00f5es, tais como coleta de imagens, depoimentos das v\u00edtimas e de testemunhas, sendo confeccionado relat\u00f3rio de investiga\u00e7\u00e3o.&nbsp;<\/p>\n<p>Ato cont\u00ednuo, a Autoridade Policial representou pela pris\u00e3o tempor\u00e1ria dos investigados, sendo deferida pelo Poder Judici\u00e1rio.<\/p>\n<p>Na tarde de hoje (19\/03) a equipe da Delegacia de Homic\u00eddios de Chapec\u00f3 (DH), com apoio da Delegacia de Repress\u00e3o a Roubos (DRR), deu efetivo cumprimento aos dois mandados de pris\u00e3o.&nbsp;<\/p>\n<p>Por fim, os investigados foram conduzidos at\u00e9 a Delegacia de Homic\u00eddio de Chapec\u00f3 e, ato cont\u00ednuo, foram interrogados, na presen\u00e7a do defensor constitu\u00eddo, ocasi\u00e3o em que permaneceram em sil\u00eancio.&nbsp;<\/p>\n<p>Ap\u00f3s, passaram por exame de corpo de delito foram encaminhados ao sistema prisional, onde permanecer\u00e3o \u00e0 disposi\u00e7\u00e3o da Justi\u00e7a.&nbsp; O Inqu\u00e9rito Policial ser\u00e1 conclu\u00eddo no prazo legal e encaminhado ao Poder Judici\u00e1rio.<\/p>\n<p><b>Colabore com a Pol\u00edcia Civil, denuncie anonimamente pelo n\u00famero 181.<\/b><\/p>\n<p><\/p>\t\t\t\t\t\t\t\t<\/div>\n\t\t\t\t<\/div>\n\t\t\t\t\t<\/div>\n\t\t<\/div>\n\t\t\t\t\t<\/div>\n\t\t<\/section>\n\t\t\t\t<\/div>\n\t\t","protected":false},"excerpt":{"rendered":"<p>PCSC cumpre mandados de pris\u00e3o de dois investigados por dupla tentativa de homic\u00eddio ocorrida em Chapec\u00f3 A Pol\u00edcia Civil de Santa Catarina, na tarde desta quarta-feira (19\/03), cumpriu dois mandados de pris\u00e3o tempor\u00e1ria em desfavor de dois indiv\u00edduos, ambos naturais da Venezuela, que s\u00e3o investigados pela pr\u00e1tica da dupla tentativa de homic\u00eddio ocorrida no dia [&hellip;]<\/p>\n","protected":false},"author":5,"featured_media":27557,"comment_status":"closed","ping_status":"open","sticky":false,"template":"","format":"standard","meta":{"_monsterinsights_skip_tracking":false,"_monsterinsights_sitenote_active":false,"_monsterinsights_sitenote_note":"","_monsterinsights_sitenote_category":0,"footnotes":""},"categories":[1],"tags":[],"class_list":["post-27556","post","type-post","status-publish","format-standard","has-post-thumbnail","hentry","category-sem-categoria"],"_links":{"self":[{"href":"https:\/\/pc.sc.gov.br\/index.php?rest_route=\/wp\/v2\/posts\/27556","targetHints":{"allow":["GET"]}}],"collection":[{"href":"https:\/\/pc.sc.gov.br\/index.php?rest_route=\/wp\/v2\/posts"}],"about":[{"href":"https:\/\/pc.sc.gov.br\/index.php?rest_route=\/wp\/v2\/types\/post"}],"author":[{"embeddable":true,"href":"https:\/\/pc.sc.gov.br\/index.php?rest_route=\/wp\/v2\/users\/5"}],"replies":[{"embeddable":true,"href":"https:\/\/pc.sc.gov.br\/index.php?rest_route=%2Fwp%2Fv2%2Fcomments&post=27556"}],"version-history":[{"count":4,"href":"https:\/\/pc.sc.gov.br\/index.php?rest_route=\/wp\/v2\/posts\/27556\/revisions"}],"predecessor-version":[{"id":27561,"href":"https:\/\/pc.sc.gov.br\/index.php?rest_route=\/wp\/v2\/posts\/27556\/revisions\/27561"}],"wp:featuredmedia":[{"embeddable":true,"href":"https:\/\/pc.sc.gov.br\/index.php?rest_route=\/wp\/v2\/media\/27557"}],"wp:attachment":[{"href":"https:\/\/pc.sc.gov.br\/index.php?rest_route=%2Fwp%2Fv2%2Fmedia&parent=27556"}],"wp:term":[{"taxonomy":"category","embeddable":true,"href":"https:\/\/pc.sc.gov.br\/index.php?rest_route=%2Fwp%2Fv2%2Fcategories&post=27556"},{"taxonomy":"post_tag","embeddable":true,"href":"https:\/\/pc.sc.gov.br\/index.php?rest_route=%2Fwp%2Fv2%2Ftags&post=27556"}],"curies":[{"name":"wp","href":"https:\/\/api.w.org\/{rel}","templated":true}]}}