{"id":27602,"date":"2025-03-20T18:44:12","date_gmt":"2025-03-20T21:44:12","guid":{"rendered":"https:\/\/pc.sc.gov.br\/?p=27602"},"modified":"2025-03-20T18:46:26","modified_gmt":"2025-03-20T21:46:26","slug":"decod-prende-traficante-no-norte-da-ilha-na-capital","status":"publish","type":"post","link":"https:\/\/pc.sc.gov.br\/?p=27602","title":{"rendered":"DECOD prende traficante no norte da ilha"},"content":{"rendered":"\t\t<div data-elementor-type=\"wp-post\" data-elementor-id=\"27602\" class=\"elementor elementor-27602\" data-elementor-post-type=\"post\">\n\t\t\t\t\t\t<section class=\"elementor-section elementor-top-section elementor-element elementor-element-f654370 elementor-section-boxed elementor-section-height-default elementor-section-height-default\" data-id=\"f654370\" data-element_type=\"section\">\n\t\t\t\t\t\t<div class=\"elementor-container elementor-column-gap-default\">\n\t\t\t\t\t<div class=\"elementor-column elementor-col-100 elementor-top-column elementor-element elementor-element-a7ecec4\" data-id=\"a7ecec4\" data-element_type=\"column\">\n\t\t\t<div class=\"elementor-widget-wrap elementor-element-populated\">\n\t\t\t\t\t\t<div class=\"elementor-element elementor-element-6f8da52 elementor-widget elementor-widget-heading\" data-id=\"6f8da52\" data-element_type=\"widget\" data-widget_type=\"heading.default\">\n\t\t\t\t<div class=\"elementor-widget-container\">\n\t\t\t\t\t<h2 class=\"elementor-heading-title elementor-size-default\">DECOD prende traficante no norte da ilha <\/h2>\t\t\t\t<\/div>\n\t\t\t\t<\/div>\n\t\t\t\t\t<\/div>\n\t\t<\/div>\n\t\t\t\t\t<\/div>\n\t\t<\/section>\n\t\t\t\t<section class=\"elementor-section elementor-top-section elementor-element elementor-element-1a35a35 elementor-section-boxed elementor-section-height-default elementor-section-height-default\" data-id=\"1a35a35\" data-element_type=\"section\">\n\t\t\t\t\t\t<div class=\"elementor-container elementor-column-gap-default\">\n\t\t\t\t\t<div class=\"elementor-column elementor-col-100 elementor-top-column elementor-element elementor-element-6e6abf5\" data-id=\"6e6abf5\" data-element_type=\"column\">\n\t\t\t<div class=\"elementor-widget-wrap elementor-element-populated\">\n\t\t\t\t\t\t<div class=\"elementor-element elementor-element-8626638 elementor-widget elementor-widget-image\" data-id=\"8626638\" data-element_type=\"widget\" data-widget_type=\"image.default\">\n\t\t\t\t<div class=\"elementor-widget-container\">\n\t\t\t\t\t\t\t\t\t\t\t\t\t\t\t<img fetchpriority=\"high\" decoding=\"async\" width=\"696\" height=\"474\" src=\"https:\/\/pc.sc.gov.br\/\/wp-content\/uploads\/2023\/05\/VIATURA_000000000022-1536x1058-2-e1762278897351-1024x697.jpg\" class=\"attachment-large size-large wp-image-9267\" alt=\"\" srcset=\"https:\/\/pc.sc.gov.br\/\/wp-content\/uploads\/2023\/05\/VIATURA_000000000022-1536x1058-2-e1762278897351-1024x697.jpg 1024w, https:\/\/pc.sc.gov.br\/\/wp-content\/uploads\/2023\/05\/VIATURA_000000000022-1536x1058-2-e1762278897351-300x204.jpg 300w, https:\/\/pc.sc.gov.br\/\/wp-content\/uploads\/2023\/05\/VIATURA_000000000022-1536x1058-2-e1762278897351-768x522.jpg 768w, https:\/\/pc.sc.gov.br\/\/wp-content\/uploads\/2023\/05\/VIATURA_000000000022-1536x1058-2-e1762278897351.jpg 1270w\" sizes=\"(max-width: 696px) 100vw, 696px\" \/>\t\t\t\t\t\t\t\t\t\t\t\t\t\t\t<\/div>\n\t\t\t\t<\/div>\n\t\t\t\t\t<\/div>\n\t\t<\/div>\n\t\t\t\t\t<\/div>\n\t\t<\/section>\n\t\t\t\t<section class=\"elementor-section elementor-top-section elementor-element elementor-element-d5aa46b elementor-section-boxed elementor-section-height-default elementor-section-height-default\" data-id=\"d5aa46b\" data-element_type=\"section\">\n\t\t\t\t\t\t<div class=\"elementor-container elementor-column-gap-default\">\n\t\t\t\t\t<div class=\"elementor-column elementor-col-100 elementor-top-column elementor-element elementor-element-0892bae\" data-id=\"0892bae\" data-element_type=\"column\">\n\t\t\t<div class=\"elementor-widget-wrap elementor-element-populated\">\n\t\t\t\t\t\t<div class=\"elementor-element elementor-element-58619a5 elementor-widget elementor-widget-text-editor\" data-id=\"58619a5\" data-element_type=\"widget\" data-widget_type=\"text-editor.default\">\n\t\t\t\t<div class=\"elementor-widget-container\">\n\t\t\t\t\t\t\t\t\t<p>A Pol\u00edcia Civil de Santa Catarina, por meio da Delegacia de Combate \u00e0s Drogas do Departamento de Investiga\u00e7\u00e3o Criminal de Florian\u00f3polis (DECOD\/DIC), realizou na manh\u00e3 de hoje (20\/03) uma opera\u00e7\u00e3o no bairro Ingleses do Rio Vermelho, em Florian\u00f3polis, visando combater o tr\u00e1fico de drogas na regi\u00e3o.<\/p><p>Durante a a\u00e7\u00e3o, um homem, que vinha praticando a trafic\u00e2ncia e causando transtornos \u00e0 comunidade local, foi preso. No momento da abordagem, foram apreendidos aproximadamente 1 kg de entorpecentes, incluindo maconha prensada e skunk.<\/p><p>O suspeito j\u00e1 havia sido apreendido pela mesma equipe da DECOD em junho de 2024, quando ainda era menor de idade. Agora, como maior de idade, as consequ\u00eancias de seus atos come\u00e7am a se tornar mais severas, com a possibilidade de uma condena\u00e7\u00e3o e medidas penais mais r\u00edgidas.<\/p><p>O investigado foi conduzido \u00e0 DECOD, onde teve sua pris\u00e3o em flagrante lavrada, sendo posteriormente colocado \u00e0 disposi\u00e7\u00e3o da Justi\u00e7a. A a\u00e7\u00e3o faz parte dos esfor\u00e7os cont\u00ednuos da Pol\u00edcia Civil para coibir o tr\u00e1fico de drogas e garantir maior seguran\u00e7a \u00e0 popula\u00e7\u00e3o.<\/p><p>A DECOD reitera o convite \u00e0 popula\u00e7\u00e3o para que participe. As informa\u00e7\u00f5es podem ser enviadas anonimamente por meio do n\u00famero 181, pelo WhatsApp da Pol\u00edcia Civil de Santa Catarina (48 98844-0011) ou diretamente \u00e0 DECOD.<\/p>\t\t\t\t\t\t\t\t<\/div>\n\t\t\t\t<\/div>\n\t\t\t\t\t<\/div>\n\t\t<\/div>\n\t\t\t\t\t<\/div>\n\t\t<\/section>\n\t\t\t\t<\/div>\n\t\t","protected":false},"excerpt":{"rendered":"<p>DECOD prende traficante no norte da ilha A Pol\u00edcia Civil de Santa Catarina, por meio da Delegacia de Combate \u00e0s Drogas do Departamento de Investiga\u00e7\u00e3o Criminal de Florian\u00f3polis (DECOD\/DIC), realizou na manh\u00e3 de hoje (20\/03) uma opera\u00e7\u00e3o no bairro Ingleses do Rio Vermelho, em Florian\u00f3polis, visando combater o tr\u00e1fico de drogas na regi\u00e3o. Durante a [&hellip;]<\/p>\n","protected":false},"author":5,"featured_media":9267,"comment_status":"closed","ping_status":"open","sticky":false,"template":"","format":"standard","meta":{"_monsterinsights_skip_tracking":false,"_monsterinsights_sitenote_active":false,"_monsterinsights_sitenote_note":"","_monsterinsights_sitenote_category":0,"footnotes":""},"categories":[1],"tags":[],"class_list":["post-27602","post","type-post","status-publish","format-standard","has-post-thumbnail","hentry","category-sem-categoria"],"_links":{"self":[{"href":"https:\/\/pc.sc.gov.br\/index.php?rest_route=\/wp\/v2\/posts\/27602","targetHints":{"allow":["GET"]}}],"collection":[{"href":"https:\/\/pc.sc.gov.br\/index.php?rest_route=\/wp\/v2\/posts"}],"about":[{"href":"https:\/\/pc.sc.gov.br\/index.php?rest_route=\/wp\/v2\/types\/post"}],"author":[{"embeddable":true,"href":"https:\/\/pc.sc.gov.br\/index.php?rest_route=\/wp\/v2\/users\/5"}],"replies":[{"embeddable":true,"href":"https:\/\/pc.sc.gov.br\/index.php?rest_route=%2Fwp%2Fv2%2Fcomments&post=27602"}],"version-history":[{"count":8,"href":"https:\/\/pc.sc.gov.br\/index.php?rest_route=\/wp\/v2\/posts\/27602\/revisions"}],"predecessor-version":[{"id":27610,"href":"https:\/\/pc.sc.gov.br\/index.php?rest_route=\/wp\/v2\/posts\/27602\/revisions\/27610"}],"wp:featuredmedia":[{"embeddable":true,"href":"https:\/\/pc.sc.gov.br\/index.php?rest_route=\/wp\/v2\/media\/9267"}],"wp:attachment":[{"href":"https:\/\/pc.sc.gov.br\/index.php?rest_route=%2Fwp%2Fv2%2Fmedia&parent=27602"}],"wp:term":[{"taxonomy":"category","embeddable":true,"href":"https:\/\/pc.sc.gov.br\/index.php?rest_route=%2Fwp%2Fv2%2Fcategories&post=27602"},{"taxonomy":"post_tag","embeddable":true,"href":"https:\/\/pc.sc.gov.br\/index.php?rest_route=%2Fwp%2Fv2%2Ftags&post=27602"}],"curies":[{"name":"wp","href":"https:\/\/api.w.org\/{rel}","templated":true}]}}