{"id":27611,"date":"2025-03-21T13:22:37","date_gmt":"2025-03-21T16:22:37","guid":{"rendered":"https:\/\/pc.sc.gov.br\/?p=27611"},"modified":"2025-03-21T13:23:25","modified_gmt":"2025-03-21T16:23:25","slug":"policia-civil-esclarece-furto-em-escola-estadual-em-ararangua","status":"publish","type":"post","link":"https:\/\/pc.sc.gov.br\/?p=27611","title":{"rendered":"Pol\u00edcia Civil esclarece furto em escola estadual em Ararangu\u00e1"},"content":{"rendered":"\t\t<div data-elementor-type=\"wp-post\" data-elementor-id=\"27611\" class=\"elementor elementor-27611\" data-elementor-post-type=\"post\">\n\t\t\t\t\t\t<section class=\"elementor-section elementor-top-section elementor-element elementor-element-7976bf3 elementor-section-boxed elementor-section-height-default elementor-section-height-default\" data-id=\"7976bf3\" data-element_type=\"section\">\n\t\t\t\t\t\t<div class=\"elementor-container elementor-column-gap-default\">\n\t\t\t\t\t<div class=\"elementor-column elementor-col-100 elementor-top-column elementor-element elementor-element-e935679\" data-id=\"e935679\" data-element_type=\"column\">\n\t\t\t<div class=\"elementor-widget-wrap elementor-element-populated\">\n\t\t\t\t\t\t<div class=\"elementor-element elementor-element-6e31113 elementor-widget elementor-widget-heading\" data-id=\"6e31113\" data-element_type=\"widget\" data-widget_type=\"heading.default\">\n\t\t\t\t<div class=\"elementor-widget-container\">\n\t\t\t\t\t<h2 class=\"elementor-heading-title elementor-size-default\">Pol\u00edcia Civil esclarece furto em escola estadual em Ararangu\u00e1<\/h2>\t\t\t\t<\/div>\n\t\t\t\t<\/div>\n\t\t\t\t\t<\/div>\n\t\t<\/div>\n\t\t\t\t\t<\/div>\n\t\t<\/section>\n\t\t\t\t<section class=\"elementor-section elementor-top-section elementor-element elementor-element-9b24de0 elementor-section-boxed elementor-section-height-default elementor-section-height-default\" data-id=\"9b24de0\" data-element_type=\"section\">\n\t\t\t\t\t\t<div class=\"elementor-container elementor-column-gap-default\">\n\t\t\t\t\t<div class=\"elementor-column elementor-col-100 elementor-top-column elementor-element elementor-element-bbba07a\" data-id=\"bbba07a\" data-element_type=\"column\">\n\t\t\t<div class=\"elementor-widget-wrap elementor-element-populated\">\n\t\t\t\t\t\t<div class=\"elementor-element elementor-element-b1d8b5c elementor-widget elementor-widget-image\" data-id=\"b1d8b5c\" data-element_type=\"widget\" data-widget_type=\"image.default\">\n\t\t\t\t<div class=\"elementor-widget-container\">\n\t\t\t\t\t\t\t\t\t\t\t\t\t\t\t<img fetchpriority=\"high\" decoding=\"async\" width=\"696\" height=\"524\" src=\"https:\/\/pc.sc.gov.br\/\/wp-content\/uploads\/2025\/03\/WhatsApp-Image-2025-03-20-at-18.42.22-1024x771.jpeg\" class=\"attachment-large size-large wp-image-27612\" alt=\"\" srcset=\"https:\/\/pc.sc.gov.br\/\/wp-content\/uploads\/2025\/03\/WhatsApp-Image-2025-03-20-at-18.42.22-1024x771.jpeg 1024w, https:\/\/pc.sc.gov.br\/\/wp-content\/uploads\/2025\/03\/WhatsApp-Image-2025-03-20-at-18.42.22-300x226.jpeg 300w, https:\/\/pc.sc.gov.br\/\/wp-content\/uploads\/2025\/03\/WhatsApp-Image-2025-03-20-at-18.42.22-768x578.jpeg 768w, https:\/\/pc.sc.gov.br\/\/wp-content\/uploads\/2025\/03\/WhatsApp-Image-2025-03-20-at-18.42.22-1536x1156.jpeg 1536w, https:\/\/pc.sc.gov.br\/\/wp-content\/uploads\/2025\/03\/WhatsApp-Image-2025-03-20-at-18.42.22.jpeg 1600w\" sizes=\"(max-width: 696px) 100vw, 696px\" \/>\t\t\t\t\t\t\t\t\t\t\t\t\t\t\t<\/div>\n\t\t\t\t<\/div>\n\t\t\t\t\t<\/div>\n\t\t<\/div>\n\t\t\t\t\t<\/div>\n\t\t<\/section>\n\t\t\t\t<section class=\"elementor-section elementor-top-section elementor-element elementor-element-9c77f02 elementor-section-boxed elementor-section-height-default elementor-section-height-default\" data-id=\"9c77f02\" data-element_type=\"section\">\n\t\t\t\t\t\t<div class=\"elementor-container elementor-column-gap-default\">\n\t\t\t\t\t<div class=\"elementor-column elementor-col-100 elementor-top-column elementor-element elementor-element-4fec370\" data-id=\"4fec370\" data-element_type=\"column\">\n\t\t\t<div class=\"elementor-widget-wrap elementor-element-populated\">\n\t\t\t\t\t\t<div class=\"elementor-element elementor-element-5b170c0 elementor-widget elementor-widget-text-editor\" data-id=\"5b170c0\" data-element_type=\"widget\" data-widget_type=\"text-editor.default\">\n\t\t\t\t<div class=\"elementor-widget-container\">\n\t\t\t\t\t\t\t\t\t<p>Na quinta-feira (21\/03), a Pol\u00edcia Civil de Santa Catarina, por meio da Delegacia de Pol\u00edcia de Ararangu\u00e1, cumpriu mandado de busca e apreens\u00e3o em resid\u00eancia de um homem, suspeito pelo crime de peculato furto. Ele \u00e9 acusado de subtrair 12 notebooks e 5 smartphones, destinados ao uso dos professores em uma escola estadual local. A a\u00e7\u00e3o resultou na apreens\u00e3o de bens e afastamento de suspeito de peculato furto da institui\u00e7\u00e3o educacional.<\/p><p>O furto, registrado no in\u00edcio do ano pela diretora da institui\u00e7\u00e3o, veio \u00e0 tona ap\u00f3s o recesso escolar, quando se notou a falta dos equipamentos eletr\u00f4nicos. A investiga\u00e7\u00e3o foi imediatamente iniciada pelos agentes da 1\u00aa DP, que rapidamente tra\u00e7aram o caminho dos itens roubados at\u00e9 poss\u00edveis receptadores, culminando na identifica\u00e7\u00e3o do suspeito.<\/p><p>Com s\u00f3lidos elementos em m\u00e3os, a Pol\u00edcia Civil solicitou e obteve, do Poder Judici\u00e1rio, autoriza\u00e7\u00e3o para a realiza\u00e7\u00e3o da busca na resid\u00eancia do acusado e seu subsequente afastamento das fun\u00e7\u00f5es que exercia na escola. Durante a opera\u00e7\u00e3o, os policiais conseguiram recuperar parte dos objetos furtados, localizando seis dos doze notebooks e tr\u00eas dos cinco celulares roubados em a\u00e7\u00f5es anteriores.<\/p><p>As dilig\u00eancias prosseguem, com os policiais empenhados em recuperar os demais itens ainda desaparecidos. O inqu\u00e9rito policial, ainda em curso, visa \u00e0 recupera\u00e7\u00e3o total dos bens e \u00e0 responsabiliza\u00e7\u00e3o completa dos envolvidos no crime.<\/p>\t\t\t\t\t\t\t\t<\/div>\n\t\t\t\t<\/div>\n\t\t\t\t\t<\/div>\n\t\t<\/div>\n\t\t\t\t\t<\/div>\n\t\t<\/section>\n\t\t\t\t<\/div>\n\t\t","protected":false},"excerpt":{"rendered":"<p>Pol\u00edcia Civil esclarece furto em escola estadual em Ararangu\u00e1 Na quinta-feira (21\/03), a Pol\u00edcia Civil de Santa Catarina, por meio da Delegacia de Pol\u00edcia de Ararangu\u00e1, cumpriu mandado de busca e apreens\u00e3o em resid\u00eancia de um homem, suspeito pelo crime de peculato furto. Ele \u00e9 acusado de subtrair 12 notebooks e 5 smartphones, destinados ao [&hellip;]<\/p>\n","protected":false},"author":5,"featured_media":27612,"comment_status":"closed","ping_status":"open","sticky":false,"template":"","format":"standard","meta":{"_monsterinsights_skip_tracking":false,"_monsterinsights_sitenote_active":false,"_monsterinsights_sitenote_note":"","_monsterinsights_sitenote_category":0,"footnotes":""},"categories":[1],"tags":[],"class_list":["post-27611","post","type-post","status-publish","format-standard","has-post-thumbnail","hentry","category-sem-categoria"],"_links":{"self":[{"href":"https:\/\/pc.sc.gov.br\/index.php?rest_route=\/wp\/v2\/posts\/27611","targetHints":{"allow":["GET"]}}],"collection":[{"href":"https:\/\/pc.sc.gov.br\/index.php?rest_route=\/wp\/v2\/posts"}],"about":[{"href":"https:\/\/pc.sc.gov.br\/index.php?rest_route=\/wp\/v2\/types\/post"}],"author":[{"embeddable":true,"href":"https:\/\/pc.sc.gov.br\/index.php?rest_route=\/wp\/v2\/users\/5"}],"replies":[{"embeddable":true,"href":"https:\/\/pc.sc.gov.br\/index.php?rest_route=%2Fwp%2Fv2%2Fcomments&post=27611"}],"version-history":[{"count":4,"href":"https:\/\/pc.sc.gov.br\/index.php?rest_route=\/wp\/v2\/posts\/27611\/revisions"}],"predecessor-version":[{"id":27616,"href":"https:\/\/pc.sc.gov.br\/index.php?rest_route=\/wp\/v2\/posts\/27611\/revisions\/27616"}],"wp:featuredmedia":[{"embeddable":true,"href":"https:\/\/pc.sc.gov.br\/index.php?rest_route=\/wp\/v2\/media\/27612"}],"wp:attachment":[{"href":"https:\/\/pc.sc.gov.br\/index.php?rest_route=%2Fwp%2Fv2%2Fmedia&parent=27611"}],"wp:term":[{"taxonomy":"category","embeddable":true,"href":"https:\/\/pc.sc.gov.br\/index.php?rest_route=%2Fwp%2Fv2%2Fcategories&post=27611"},{"taxonomy":"post_tag","embeddable":true,"href":"https:\/\/pc.sc.gov.br\/index.php?rest_route=%2Fwp%2Fv2%2Ftags&post=27611"}],"curies":[{"name":"wp","href":"https:\/\/api.w.org\/{rel}","templated":true}]}}