{"id":27617,"date":"2025-03-21T13:54:25","date_gmt":"2025-03-21T16:54:25","guid":{"rendered":"https:\/\/pc.sc.gov.br\/?p=27617"},"modified":"2025-03-21T14:19:32","modified_gmt":"2025-03-21T17:19:32","slug":"policia-civil-deflagra-operacao-interestadual-bus-spotting-para-desarticular-associacao-criminosa-especializada-em-furtos-de-modulos-eletronicos-de-onibus-e-caminhoes","status":"publish","type":"post","link":"https:\/\/pc.sc.gov.br\/?p=27617","title":{"rendered":"Pol\u00edcia Civil deflagra opera\u00e7\u00e3o interestadual &#8220;Bus Spotting\u201d para desarticular associa\u00e7\u00e3o criminosa especializada em furtos de m\u00f3dulos eletr\u00f4nicos de \u00f4nibus e caminh\u00f5es"},"content":{"rendered":"\t\t<div data-elementor-type=\"wp-post\" data-elementor-id=\"27617\" class=\"elementor elementor-27617\" data-elementor-post-type=\"post\">\n\t\t\t\t\t\t<section class=\"elementor-section elementor-top-section elementor-element elementor-element-21938d8 elementor-section-boxed elementor-section-height-default elementor-section-height-default\" data-id=\"21938d8\" data-element_type=\"section\">\n\t\t\t\t\t\t<div class=\"elementor-container elementor-column-gap-default\">\n\t\t\t\t\t<div class=\"elementor-column elementor-col-100 elementor-top-column elementor-element elementor-element-2ae2ad7\" data-id=\"2ae2ad7\" data-element_type=\"column\">\n\t\t\t<div class=\"elementor-widget-wrap elementor-element-populated\">\n\t\t\t\t\t\t<div class=\"elementor-element elementor-element-a6d1b9d elementor-widget elementor-widget-heading\" data-id=\"a6d1b9d\" data-element_type=\"widget\" data-widget_type=\"heading.default\">\n\t\t\t\t<div class=\"elementor-widget-container\">\n\t\t\t\t\t<h2 class=\"elementor-heading-title elementor-size-default\">Pol\u00edcia Civil deflagra opera\u00e7\u00e3o interestadual \"Bus Spotting\u201d para desarticular associa\u00e7\u00e3o criminosa especializada em furtos de m\u00f3dulos eletr\u00f4nicos de \u00f4nibus e caminh\u00f5es<\/h2>\t\t\t\t<\/div>\n\t\t\t\t<\/div>\n\t\t\t\t\t<\/div>\n\t\t<\/div>\n\t\t\t\t\t<\/div>\n\t\t<\/section>\n\t\t\t\t<section class=\"elementor-section elementor-top-section elementor-element elementor-element-cc38658 elementor-section-boxed elementor-section-height-default elementor-section-height-default\" data-id=\"cc38658\" data-element_type=\"section\">\n\t\t\t\t\t\t<div class=\"elementor-container elementor-column-gap-default\">\n\t\t\t\t\t<div class=\"elementor-column elementor-col-100 elementor-top-column elementor-element elementor-element-1a37ecf\" data-id=\"1a37ecf\" data-element_type=\"column\">\n\t\t\t<div class=\"elementor-widget-wrap elementor-element-populated\">\n\t\t\t\t\t\t<div class=\"elementor-element elementor-element-0d0d7c0 elementor-widget elementor-widget-image\" data-id=\"0d0d7c0\" data-element_type=\"widget\" data-widget_type=\"image.default\">\n\t\t\t\t<div class=\"elementor-widget-container\">\n\t\t\t\t\t\t\t\t\t\t\t\t\t\t\t<img fetchpriority=\"high\" decoding=\"async\" width=\"696\" height=\"449\" src=\"https:\/\/pc.sc.gov.br\/\/wp-content\/uploads\/2025\/03\/WhatsApp-Image-2025-03-21-at-14.17.05-1024x661.jpeg\" class=\"attachment-large size-large wp-image-27622\" alt=\"\" srcset=\"https:\/\/pc.sc.gov.br\/\/wp-content\/uploads\/2025\/03\/WhatsApp-Image-2025-03-21-at-14.17.05-1024x661.jpeg 1024w, https:\/\/pc.sc.gov.br\/\/wp-content\/uploads\/2025\/03\/WhatsApp-Image-2025-03-21-at-14.17.05-300x194.jpeg 300w, https:\/\/pc.sc.gov.br\/\/wp-content\/uploads\/2025\/03\/WhatsApp-Image-2025-03-21-at-14.17.05-768x496.jpeg 768w, https:\/\/pc.sc.gov.br\/\/wp-content\/uploads\/2025\/03\/WhatsApp-Image-2025-03-21-at-14.17.05-1536x992.jpeg 1536w, https:\/\/pc.sc.gov.br\/\/wp-content\/uploads\/2025\/03\/WhatsApp-Image-2025-03-21-at-14.17.05.jpeg 1600w\" sizes=\"(max-width: 696px) 100vw, 696px\" \/>\t\t\t\t\t\t\t\t\t\t\t\t\t\t\t<\/div>\n\t\t\t\t<\/div>\n\t\t\t\t\t<\/div>\n\t\t<\/div>\n\t\t\t\t\t<\/div>\n\t\t<\/section>\n\t\t\t\t<section class=\"elementor-section elementor-top-section elementor-element elementor-element-f8346d0 elementor-section-boxed elementor-section-height-default elementor-section-height-default\" data-id=\"f8346d0\" data-element_type=\"section\">\n\t\t\t\t\t\t<div class=\"elementor-container elementor-column-gap-default\">\n\t\t\t\t\t<div class=\"elementor-column elementor-col-100 elementor-top-column elementor-element elementor-element-1a350f6\" data-id=\"1a350f6\" data-element_type=\"column\">\n\t\t\t<div class=\"elementor-widget-wrap elementor-element-populated\">\n\t\t\t\t\t\t<div class=\"elementor-element elementor-element-2007cda elementor-widget elementor-widget-text-editor\" data-id=\"2007cda\" data-element_type=\"widget\" data-widget_type=\"text-editor.default\">\n\t\t\t\t<div class=\"elementor-widget-container\">\n\t\t\t\t\t\t\t\t\t<p>Nesta quarta-feira (20), a Pol\u00edcia Civil de Santa Catarina, por meio da Delegacia de Pol\u00edcia de Garuva, com o apoio do Grupamento de Responsabilidade T\u00e1tica (GRT) de Mogi e das equipes da 22\u00aa Delegacia de Pol\u00edcia Civil do Estado de S\u00e3o Paulo, deflagraram a opera\u00e7\u00e3o &#8220;Bus Spotting&#8221;, com o objetivo de desarticular uma associa\u00e7\u00e3o criminosa especializada em furtos de m\u00f3dulos eletr\u00f4nicos de \u00f4nibus e caminh\u00f5es nos estados de Santa Catarina, Paran\u00e1, S\u00e3o Paulo e Minas Gerais.<\/p><p>A opera\u00e7\u00e3o, autorizada pela Vara Regional de Garantias da Comarca de Joinville\/SC, resultou no cumprimento de mandados de busca e apreens\u00e3o e pris\u00e3o preventiva nas cidades paulistas de Guarulhos, Itaquaquecetuba e na Capital. Durante as dilig\u00eancias, uma pessoa foi presa, enquanto outros suspeitos identificados pela apura\u00e7\u00e3o encontram-se foragidos.<\/p><p><strong>Investiga\u00e7\u00e3o<\/strong><\/p><p>De acordo com as investiga\u00e7\u00f5es, o grupo criminoso \u00e9 especializado na pr\u00e1tica de furtos em garagens de empresas de transporte rodovi\u00e1rio, causando preju\u00edzos significativos. Um dos crimes que motivou o in\u00edcio das investiga\u00e7\u00f5es ocorreu em 23 de novembro de 2024, na cidade de Garuva\/SC, quando criminosos invadiram a garagem dos \u00f4nibus escolares do munic\u00edpio e furtaram onze m\u00f3dulos de cabine, nove m\u00f3dulos ABS, oito conversores e um sensor de rota\u00e7\u00e3o, causando preju\u00edzo superior a R$ 100 mil, al\u00e9m de atentar contra o transporte p\u00fablico escolar do munic\u00edpio, deixando centenas de crian\u00e7as impossibilitadas de se descolar para as escolas.<\/p><p><strong>Desdobramentos da investiga\u00e7\u00e3o<\/strong><\/p><p>As investiga\u00e7\u00f5es revelaram que o grupo tamb\u00e9m \u00e9 suspeito de praticar crimes semelhantes nas cidades de Maring\u00e1\/PR, Londrina\/PR, Vi\u00e7osa\/MG e Itaja\u00ed\/SC, sempre utilizando o mesmo modo de opera\u00e7\u00e3o. Uma das caracter\u00edsticas marcantes do grupo era o monitoramento pr\u00e9vio dos locais, observando minuciosamente as rotinas e vulnerabilidades de seguran\u00e7a das empresas de transporte.<\/p><p><strong>Pr\u00f3ximos passos<\/strong><\/p><p>A Pol\u00edcia Civil continua trabalhando para localizar os demais envolvidos que se encontram foragidos. As investiga\u00e7\u00f5es prosseguem para identificar outros poss\u00edveis membros da associa\u00e7\u00e3o criminosa e recuperar os itens furtados.<\/p><p>As autoridades solicitam que qualquer informa\u00e7\u00e3o sobre os envolvidos seja comunicada atrav\u00e9s do Disque-Den\u00fancia (181), garantindo o anonimato dos informantes.<\/p><p><strong>Bus Spotting<\/strong><\/p><p>O nome da opera\u00e7\u00e3o, &#8220;Bus Spotting&#8221;, faz alus\u00e3o \u00e0 atividade ou hobby que consiste na observa\u00e7\u00e3o e rastreio de \u00f4nibus, pr\u00e1tica semelhante \u00e0 realizada pelos criminosos, que monitoravam p\u00e1tios de transportadoras e estacionamentos de \u00f4nibus p\u00fablicos para selecionar seus pr\u00f3ximos alvos.<\/p>\t\t\t\t\t\t\t\t<\/div>\n\t\t\t\t<\/div>\n\t\t\t\t\t<\/div>\n\t\t<\/div>\n\t\t\t\t\t<\/div>\n\t\t<\/section>\n\t\t\t\t<\/div>\n\t\t","protected":false},"excerpt":{"rendered":"<p>Pol\u00edcia Civil deflagra opera\u00e7\u00e3o interestadual &#8220;Bus Spotting\u201d para desarticular associa\u00e7\u00e3o criminosa especializada em furtos de m\u00f3dulos eletr\u00f4nicos de \u00f4nibus e caminh\u00f5es Nesta quarta-feira (20), a Pol\u00edcia Civil de Santa Catarina, por meio da Delegacia de Pol\u00edcia de Garuva, com o apoio do Grupamento de Responsabilidade T\u00e1tica (GRT) de Mogi e das equipes da 22\u00aa Delegacia [&hellip;]<\/p>\n","protected":false},"author":5,"featured_media":27622,"comment_status":"closed","ping_status":"open","sticky":false,"template":"","format":"standard","meta":{"_monsterinsights_skip_tracking":false,"_monsterinsights_sitenote_active":false,"_monsterinsights_sitenote_note":"","_monsterinsights_sitenote_category":0,"footnotes":""},"categories":[1],"tags":[],"class_list":["post-27617","post","type-post","status-publish","format-standard","has-post-thumbnail","hentry","category-sem-categoria"],"_links":{"self":[{"href":"https:\/\/pc.sc.gov.br\/index.php?rest_route=\/wp\/v2\/posts\/27617","targetHints":{"allow":["GET"]}}],"collection":[{"href":"https:\/\/pc.sc.gov.br\/index.php?rest_route=\/wp\/v2\/posts"}],"about":[{"href":"https:\/\/pc.sc.gov.br\/index.php?rest_route=\/wp\/v2\/types\/post"}],"author":[{"embeddable":true,"href":"https:\/\/pc.sc.gov.br\/index.php?rest_route=\/wp\/v2\/users\/5"}],"replies":[{"embeddable":true,"href":"https:\/\/pc.sc.gov.br\/index.php?rest_route=%2Fwp%2Fv2%2Fcomments&post=27617"}],"version-history":[{"count":7,"href":"https:\/\/pc.sc.gov.br\/index.php?rest_route=\/wp\/v2\/posts\/27617\/revisions"}],"predecessor-version":[{"id":27625,"href":"https:\/\/pc.sc.gov.br\/index.php?rest_route=\/wp\/v2\/posts\/27617\/revisions\/27625"}],"wp:featuredmedia":[{"embeddable":true,"href":"https:\/\/pc.sc.gov.br\/index.php?rest_route=\/wp\/v2\/media\/27622"}],"wp:attachment":[{"href":"https:\/\/pc.sc.gov.br\/index.php?rest_route=%2Fwp%2Fv2%2Fmedia&parent=27617"}],"wp:term":[{"taxonomy":"category","embeddable":true,"href":"https:\/\/pc.sc.gov.br\/index.php?rest_route=%2Fwp%2Fv2%2Fcategories&post=27617"},{"taxonomy":"post_tag","embeddable":true,"href":"https:\/\/pc.sc.gov.br\/index.php?rest_route=%2Fwp%2Fv2%2Ftags&post=27617"}],"curies":[{"name":"wp","href":"https:\/\/api.w.org\/{rel}","templated":true}]}}